{"id":43772,"date":"2024-08-19T23:32:53","date_gmt":"2024-08-19T23:32:53","guid":{"rendered":"https:\/\/armstrongyregion.com.ar\/diario\/?p=43772"},"modified":"2024-08-19T23:32:55","modified_gmt":"2024-08-19T23:32:55","slug":"luzzi-el-legado-de-san-martin-nos-convoca-a-unirnos-para-forjar-un-pais-justo-sin-mezquindades-sin-divisiones-y-sin-violencia","status":"publish","type":"post","link":"https:\/\/armstrongyregion.com.ar\/diario\/luzzi-el-legado-de-san-martin-nos-convoca-a-unirnos-para-forjar-un-pais-justo-sin-mezquindades-sin-divisiones-y-sin-violencia\/","title":{"rendered":"Luzzi: \u00abEl legado de San Mart\u00edn nos convoca  a unirnos para forjar un pa\u00eds justo, sin mezquindades, sin divisiones y sin violencia\u00bb"},"content":{"rendered":"\n<figure class=\"wp-block-image size-full\"><a href=\"http:\/\/armstrongyregion.com.ar\/diario\/wp-content\/uploads\/2024\/08\/17-de-agosto-5-.jpg\"><img loading=\"lazy\" decoding=\"async\" width=\"960\" height=\"640\" src=\"http:\/\/armstrongyregion.com.ar\/diario\/wp-content\/uploads\/2024\/08\/17-de-agosto-5-.jpg\" alt=\"\" class=\"wp-image-43773\" srcset=\"https:\/\/armstrongyregion.com.ar\/diario\/wp-content\/uploads\/2024\/08\/17-de-agosto-5-.jpg 960w, https:\/\/armstrongyregion.com.ar\/diario\/wp-content\/uploads\/2024\/08\/17-de-agosto-5--300x200.jpg 300w, https:\/\/armstrongyregion.com.ar\/diario\/wp-content\/uploads\/2024\/08\/17-de-agosto-5--768x512.jpg 768w\" sizes=\"auto, (max-width: 960px) 100vw, 960px\" \/><\/a><\/figure>\n\n\n\n<p>El s\u00e1bado 17 de agosto, la comunidad de Armstrong record\u00f3 una vez m\u00e1s al Padre de la Patria Gral.<br>Jos\u00e9 de San Mart\u00edn, con un acto organizado por el municipio junto al Jard\u00edn de Infantes N\u00b0 84 \u201cEl<br>Aromo\u201d y la Escuela Especial N\u00b0 2100 \u201cGabriela Brimmer\u201d.<\/p>\n\n\n\n<figure class=\"wp-block-image size-full\"><a href=\"http:\/\/armstrongyregion.com.ar\/diario\/wp-content\/uploads\/2024\/08\/17-de-agosto-2-.jpg\"><img loading=\"lazy\" decoding=\"async\" width=\"480\" height=\"320\" src=\"http:\/\/armstrongyregion.com.ar\/diario\/wp-content\/uploads\/2024\/08\/17-de-agosto-2-.jpg\" alt=\"\" class=\"wp-image-43774\" srcset=\"https:\/\/armstrongyregion.com.ar\/diario\/wp-content\/uploads\/2024\/08\/17-de-agosto-2-.jpg 480w, https:\/\/armstrongyregion.com.ar\/diario\/wp-content\/uploads\/2024\/08\/17-de-agosto-2--300x200.jpg 300w\" sizes=\"auto, (max-width: 480px) 100vw, 480px\" \/><\/a><\/figure>\n\n\n\n<p><br>Participaron la Banda y Ensamble de Vientos del Conservatorio Municipal de M\u00fasica bajo la direcci\u00f3n<br>de los Maestros Valent\u00edn M\u00e1rquez y Joaqu\u00edn Mart\u00ednez.<\/p>\n\n\n\n<figure class=\"wp-block-image size-full\"><a href=\"http:\/\/armstrongyregion.com.ar\/diario\/wp-content\/uploads\/2024\/08\/17-de-agosto-1-.jpg\"><img loading=\"lazy\" decoding=\"async\" width=\"480\" height=\"321\" src=\"http:\/\/armstrongyregion.com.ar\/diario\/wp-content\/uploads\/2024\/08\/17-de-agosto-1-.jpg\" alt=\"\" class=\"wp-image-43775\" srcset=\"https:\/\/armstrongyregion.com.ar\/diario\/wp-content\/uploads\/2024\/08\/17-de-agosto-1-.jpg 480w, https:\/\/armstrongyregion.com.ar\/diario\/wp-content\/uploads\/2024\/08\/17-de-agosto-1--300x201.jpg 300w\" sizes=\"auto, (max-width: 480px) 100vw, 480px\" \/><\/a><\/figure>\n\n\n\n<p><br>En un fragmento de su discurso, el Intendente Guillermo Luzzi dijo:\u201d\u2026 es justamente ahora cuando la<br>Patria requiere de nuestro esfuerzo, de nuestra uni\u00f3n y de nuestra capacidad de trabajar codo a<br>codo para seguir siendo libres. Libres de ego\u00edsmos e indiferencias, libres para pensar y actuar con<br>responsabilidad, y libres para colaborar con nuestros semejantes. Sabemos que en el respeto mutuo<br>reside la verdadera fuerza de una Naci\u00f3n. El legado de San Mart\u00edn nos convoca a unirnos para forjar<br>un pa\u00eds justo, sin mezquindades, sin divisiones y sin violencia. Que su ejemplo nos inspire a enfrentar<br>los desaf\u00edos con valent\u00eda y a construir el futuro que todos merecemos\u201d.<\/p>\n\n\n\n<figure class=\"wp-block-image size-full\"><a href=\"http:\/\/armstrongyregion.com.ar\/diario\/wp-content\/uploads\/2024\/08\/17-de-agosto-3-.jpg\"><img loading=\"lazy\" decoding=\"async\" width=\"480\" height=\"321\" src=\"http:\/\/armstrongyregion.com.ar\/diario\/wp-content\/uploads\/2024\/08\/17-de-agosto-3-.jpg\" alt=\"\" class=\"wp-image-43776\" srcset=\"https:\/\/armstrongyregion.com.ar\/diario\/wp-content\/uploads\/2024\/08\/17-de-agosto-3-.jpg 480w, https:\/\/armstrongyregion.com.ar\/diario\/wp-content\/uploads\/2024\/08\/17-de-agosto-3--300x201.jpg 300w\" sizes=\"auto, (max-width: 480px) 100vw, 480px\" \/><\/a><\/figure>\n\n\n\n<p><br>Minutos despu\u00e9s, alumnos de las secciones de 5 a\u00f1os del Jard\u00edn N\u00b0 84 realizaron una representaci\u00f3n<br>art\u00edstica y musical con la Marcha San Lorenzo, la canci\u00f3n \u201cCaballito blanco\u201d, y nos recordaron las<br>m\u00e1ximas que Don Jos\u00e9 escribi\u00f3 para su hija, poniendo como prioridad el amor, el respeto a la<br>verdad, la confianza, la dulzura y solidaridad, entre otros.<\/p>\n\n\n\n<figure class=\"wp-block-image size-full\"><a href=\"http:\/\/armstrongyregion.com.ar\/diario\/wp-content\/uploads\/2024\/08\/17-de-agosto-4-.jpg\"><img loading=\"lazy\" decoding=\"async\" width=\"480\" height=\"320\" src=\"http:\/\/armstrongyregion.com.ar\/diario\/wp-content\/uploads\/2024\/08\/17-de-agosto-4-.jpg\" alt=\"\" class=\"wp-image-43777\" srcset=\"https:\/\/armstrongyregion.com.ar\/diario\/wp-content\/uploads\/2024\/08\/17-de-agosto-4-.jpg 480w, https:\/\/armstrongyregion.com.ar\/diario\/wp-content\/uploads\/2024\/08\/17-de-agosto-4--300x200.jpg 300w\" sizes=\"auto, (max-width: 480px) 100vw, 480px\" \/><\/a><\/figure>\n\n\n\n<p><br>La Escuela N\u00b0 2100 public\u00f3 un video alusivo a la fecha. El mismo fue realizado con fotograf\u00edas donde<br>sus alumnos estaban caracterizados, y obsequiaron se\u00f1aladores confeccionados por ellos mismos.<\/p>\n","protected":false},"excerpt":{"rendered":"<p>Luzzi: \u00abEl legado de San Mart\u00edn nos convoca  a unirnos para forjar un pa\u00eds justo, sin mezquindades, sin divisiones y sin violencia\u00bb<\/p>\n","protected":false},"author":1,"featured_media":43774,"comment_status":"open","ping_status":"open","sticky":false,"template":"","format":"image","meta":{"_jetpack_memberships_contains_paid_content":false,"footnotes":"","jetpack_publicize_message":"","jetpack_publicize_feature_enabled":true,"jetpack_social_post_already_shared":true,"jetpack_social_options":{"image_generator_settings":{"template":"highway","default_image_id":0,"enabled":false},"version":2}},"categories":[6,8,1,2,7,3],"tags":[10954,1212,10721,8777],"class_list":["post-43772","post","type-post","status-publish","format-image","has-post-thumbnail","hentry","category-cultura-entretenimiento","category-deliberando","category-diario-armstrong","category-locales","category-politica","category-region","tag-17-de-agosto","tag-acto","tag-diario-armstrong-region","tag-lic-graciela-de-la-casa","post_format-post-format-image"],"jetpack_publicize_connections":[],"jetpack_featured_media_url":"https:\/\/armstrongyregion.com.ar\/diario\/wp-content\/uploads\/2024\/08\/17-de-agosto-2-.jpg","jetpack_shortlink":"https:\/\/wp.me\/p62QDO-bo0","jetpack_sharing_enabled":true,"amp_enabled":true,"_links":{"self":[{"href":"https:\/\/armstrongyregion.com.ar\/diario\/wp-json\/wp\/v2\/posts\/43772","targetHints":{"allow":["GET"]}}],"collection":[{"href":"https:\/\/armstrongyregion.com.ar\/diario\/wp-json\/wp\/v2\/posts"}],"about":[{"href":"https:\/\/armstrongyregion.com.ar\/diario\/wp-json\/wp\/v2\/types\/post"}],"author":[{"embeddable":true,"href":"https:\/\/armstrongyregion.com.ar\/diario\/wp-json\/wp\/v2\/users\/1"}],"replies":[{"embeddable":true,"href":"https:\/\/armstrongyregion.com.ar\/diario\/wp-json\/wp\/v2\/comments?post=43772"}],"version-history":[{"count":1,"href":"https:\/\/armstrongyregion.com.ar\/diario\/wp-json\/wp\/v2\/posts\/43772\/revisions"}],"predecessor-version":[{"id":43778,"href":"https:\/\/armstrongyregion.com.ar\/diario\/wp-json\/wp\/v2\/posts\/43772\/revisions\/43778"}],"wp:featuredmedia":[{"embeddable":true,"href":"https:\/\/armstrongyregion.com.ar\/diario\/wp-json\/wp\/v2\/media\/43774"}],"wp:attachment":[{"href":"https:\/\/armstrongyregion.com.ar\/diario\/wp-json\/wp\/v2\/media?parent=43772"}],"wp:term":[{"taxonomy":"category","embeddable":true,"href":"https:\/\/armstrongyregion.com.ar\/diario\/wp-json\/wp\/v2\/categories?post=43772"},{"taxonomy":"post_tag","embeddable":true,"href":"https:\/\/armstrongyregion.com.ar\/diario\/wp-json\/wp\/v2\/tags?post=43772"}],"curies":[{"name":"wp","href":"https:\/\/api.w.org\/{rel}","templated":true}]}}