{"id":43765,"date":"2024-08-19T22:21:11","date_gmt":"2024-08-19T22:21:11","guid":{"rendered":"https:\/\/armstrongyregion.com.ar\/diario\/?p=43765"},"modified":"2024-08-19T23:33:17","modified_gmt":"2024-08-19T23:33:17","slug":"noelia-garcia-comento-el-repudio-expresado-en-cuerpo-ante-los-hechos-conocidos-sobre-violencia-de-genero-denunciado-por-fabiola-yanez","status":"publish","type":"post","link":"https:\/\/armstrongyregion.com.ar\/diario\/noelia-garcia-comento-el-repudio-expresado-en-cuerpo-ante-los-hechos-conocidos-sobre-violencia-de-genero-denunciado-por-fabiola-yanez\/","title":{"rendered":"Noelia Garc\u00eda coment\u00f3 el repudio expresado en el cuerpo ante los hechos conocidos sobre violencia de g\u00e9nero denunciado por Fabiola Ya\u00f1ez."},"content":{"rendered":"\n<figure class=\"wp-block-image size-full\"><a href=\"http:\/\/armstrongyregion.com.ar\/diario\/wp-content\/uploads\/2024\/08\/Noe-Garcia-19-8-24.jpg\"><img loading=\"lazy\" decoding=\"async\" width=\"378\" height=\"394\" src=\"http:\/\/armstrongyregion.com.ar\/diario\/wp-content\/uploads\/2024\/08\/Noe-Garcia-19-8-24.jpg\" alt=\"\" class=\"wp-image-43766\" srcset=\"https:\/\/armstrongyregion.com.ar\/diario\/wp-content\/uploads\/2024\/08\/Noe-Garcia-19-8-24.jpg 378w, https:\/\/armstrongyregion.com.ar\/diario\/wp-content\/uploads\/2024\/08\/Noe-Garcia-19-8-24-288x300.jpg 288w\" sizes=\"auto, (max-width: 378px) 100vw, 378px\" \/><\/a><\/figure>\n\n\n\n<p>Ante los hechos conocidos sobre violencia de g\u00e9nero denunciado por Fabiola Ya\u00f1ez, contra el ex presidente de la naci\u00f3n Alberto Fern\u00e1ndez,  la concejala Noelia Garcia , coment\u00f3 el repudio expresado en ese cuerpo.<\/p>\n\n\n\n<p><br><strong>La edila as\u00ed lo relat\u00f3:<\/strong> \u201cEn la reuni\u00f3n de comisi\u00f3n  todos ten\u00edamos la intenci\u00f3n de presentar un repudio de diferentes formas con varios mensajes, pero  el repudio en s\u00ed, fue general, los colegas tambi\u00e9n lo presentaron por esa raz\u00f3n. Este es un acto atroz que conviven las mujeres a diario, hay pocas personas que lo van a poder entender, porque somos las mujeres las que sufrimos este maltrato, este abuso, la tortura, la revictimizaci\u00f3n, los medios de comunicaci\u00f3n.\u201d<\/p>\n\n\n\n<p><br>Garc\u00eda a\u00f1adi\u00f3: <strong>\u201cFabiola expuso su cuerpo, sus golpes, contando una y otra vez lo que ya cont\u00f3 una vez. Vivimos en una sociedad donde somos inocentes hasta que se demuestre lo contrario. En este caso  los tiempos de la justicia con mujeres demoran a\u00f1os y tenemos una y otra vez que denunciar, contar, volver a contar lo ya contado. Siempre aprovecho estas oportunidades no solamente para el repudio que de parte del Bloque Unido es un\u00e1nime y tambi\u00e9n usarlo en forma inteligente, para  cada mujer que lo necesite, a cada persona que se sienta que est\u00e1 atrapada que sienta miedo que no dude, nosotros tenemos espacios que a pesar de cualquier \u00edndole pol\u00edtico en la provincia en la naci\u00f3n, sea presidente, sea gobernador, socialista, peronista, radical, cualquiera, en Armstrong hace 15 a\u00f1os que se sostiene un equipo de g\u00e9nero, que contiene, que tiene n\u00fameros de tel\u00e9fonos que en la comisar\u00eda local es autom\u00e1tico que se conectan con el equipo as\u00ed que a todas las mujeres que est\u00e9n transitando cualquier tipo de situaci\u00f3n de violencia estamos para acompa\u00f1arlas.\u201d<\/strong><\/p>\n\n\n\n<p><br><strong>La concejala fue consultada si debido a su paso por promoci\u00f3n comunitaria ahora  han tenido casos de este tipo en la ciudad; <\/strong> \u201cS\u00ed como secretaria de promoci\u00f3n comunitaria y conformando el equipo de g\u00e9nero y diversidad, que tenemos en nuestra ciudad con profesionales hemos atendido casos nocturnos siempre sucede en el momento donde este abusador o est\u00e1 dormido o hubo alguna situaci\u00f3n donde la mujer pudo escapar, pero s\u00ed sucede en Armstrong, en la regi\u00f3n, en la naci\u00f3n y es todos los d\u00edas.\u201d<\/p>\n","protected":false},"excerpt":{"rendered":"<p>Concejalas de Armstrong repudian la violencia de g\u00e9nero.<\/p>\n","protected":false},"author":1,"featured_media":43766,"comment_status":"open","ping_status":"open","sticky":false,"template":"","format":"image","meta":{"_jetpack_memberships_contains_paid_content":false,"footnotes":"","jetpack_publicize_message":"","jetpack_publicize_feature_enabled":true,"jetpack_social_post_already_shared":true,"jetpack_social_options":{"image_generator_settings":{"template":"highway","default_image_id":0,"enabled":false},"version":2}},"categories":[8,1,2,7,3],"tags":[33,19,9924,10432,8777,10544,10965,1897],"class_list":["post-43765","post","type-post","status-publish","format-image","has-post-thumbnail","hentry","category-deliberando","category-diario-armstrong","category-locales","category-politica","category-region","tag-a","tag-de","tag-diario-armstrong-y-region-2","tag-genero-3","tag-lic-graciela-de-la-casa","tag-noelia-garcia","tag-repudio-2","tag-violencia","post_format-post-format-image"],"jetpack_publicize_connections":[],"jetpack_featured_media_url":"https:\/\/armstrongyregion.com.ar\/diario\/wp-content\/uploads\/2024\/08\/Noe-Garcia-19-8-24.jpg","jetpack_shortlink":"https:\/\/wp.me\/p62QDO-bnT","jetpack_sharing_enabled":true,"amp_enabled":true,"_links":{"self":[{"href":"https:\/\/armstrongyregion.com.ar\/diario\/wp-json\/wp\/v2\/posts\/43765","targetHints":{"allow":["GET"]}}],"collection":[{"href":"https:\/\/armstrongyregion.com.ar\/diario\/wp-json\/wp\/v2\/posts"}],"about":[{"href":"https:\/\/armstrongyregion.com.ar\/diario\/wp-json\/wp\/v2\/types\/post"}],"author":[{"embeddable":true,"href":"https:\/\/armstrongyregion.com.ar\/diario\/wp-json\/wp\/v2\/users\/1"}],"replies":[{"embeddable":true,"href":"https:\/\/armstrongyregion.com.ar\/diario\/wp-json\/wp\/v2\/comments?post=43765"}],"version-history":[{"count":2,"href":"https:\/\/armstrongyregion.com.ar\/diario\/wp-json\/wp\/v2\/posts\/43765\/revisions"}],"predecessor-version":[{"id":43779,"href":"https:\/\/armstrongyregion.com.ar\/diario\/wp-json\/wp\/v2\/posts\/43765\/revisions\/43779"}],"wp:featuredmedia":[{"embeddable":true,"href":"https:\/\/armstrongyregion.com.ar\/diario\/wp-json\/wp\/v2\/media\/43766"}],"wp:attachment":[{"href":"https:\/\/armstrongyregion.com.ar\/diario\/wp-json\/wp\/v2\/media?parent=43765"}],"wp:term":[{"taxonomy":"category","embeddable":true,"href":"https:\/\/armstrongyregion.com.ar\/diario\/wp-json\/wp\/v2\/categories?post=43765"},{"taxonomy":"post_tag","embeddable":true,"href":"https:\/\/armstrongyregion.com.ar\/diario\/wp-json\/wp\/v2\/tags?post=43765"}],"curies":[{"name":"wp","href":"https:\/\/api.w.org\/{rel}","templated":true}]}}