{"id":43763,"date":"2024-08-17T01:58:57","date_gmt":"2024-08-17T01:58:57","guid":{"rendered":"https:\/\/armstrongyregion.com.ar\/diario\/?p=43763"},"modified":"2024-08-17T01:58:58","modified_gmt":"2024-08-17T01:58:58","slug":"armstrong-la-sesion-del-concejo-joven-2024-sera-el-13-de-noviembre","status":"publish","type":"post","link":"https:\/\/armstrongyregion.com.ar\/diario\/armstrong-la-sesion-del-concejo-joven-2024-sera-el-13-de-noviembre\/","title":{"rendered":"Armstrong. La sesi\u00f3n del Concejo Joven 2024 ser\u00e1 el 13 de noviembre."},"content":{"rendered":"\n<figure class=\"wp-block-image size-full\"><a href=\"http:\/\/armstrongyregion.com.ar\/diario\/wp-content\/uploads\/2024\/06\/Carla-Revigliono-19-06-24-.jpg\"><img loading=\"lazy\" decoding=\"async\" width=\"742\" height=\"591\" src=\"http:\/\/armstrongyregion.com.ar\/diario\/wp-content\/uploads\/2024\/06\/Carla-Revigliono-19-06-24-.jpg\" alt=\"\" class=\"wp-image-43189\" srcset=\"https:\/\/armstrongyregion.com.ar\/diario\/wp-content\/uploads\/2024\/06\/Carla-Revigliono-19-06-24-.jpg 742w, https:\/\/armstrongyregion.com.ar\/diario\/wp-content\/uploads\/2024\/06\/Carla-Revigliono-19-06-24--300x239.jpg 300w\" sizes=\"auto, (max-width: 742px) 100vw, 742px\" \/><\/a><\/figure>\n\n\n\n<p>En la \u00faltima sesi\u00f3n del concejo deliberante, los ediles designaron la fecha para la pr\u00f3xima sesi\u00f3n del Concejo Joven 2024.<\/p>\n\n\n\n<p>La edila Carla Revigliono, en di\u00e1logo con los medios locales expresaba: <strong>\u201cEl Concejo Joven, busca organizar y proponer experiencias de participaci\u00f3n para los estudiantes secundarios de todas las instituciones locales\u201d.<\/strong><\/p>\n\n\n\n<p>Luego a\u00f1adi\u00f3: \u201cDe esta manera, se involucran en la actividad propia del Concejo Municipal, experimentando ellos mismos el rol de \u201cconcejales\u201d, mediante proyectos de su inter\u00e9s, que en su mayor\u00eda nuestro cuerpo legislativo, los toma y trata de concretar. Un ejemplo muy claro; es el espacio p\u00fablico de nuestra ciudad que llevar\u00e1 el nombre del Pediatra Dr. Jorge Bianchi, lo propusieron referentes del Concejo Joven 2023, sinceramente es un placer contar con la presencia de estudiantes con un muy buen nivel de propuestas. Y en la noche de hoy se design\u00f3 la fecha para la sesi\u00f3n del Concejo Joven 2024 que ser\u00e1 el pr\u00f3ximo 13 de noviembre\u201d<\/p>\n\n\n\n<p><strong>La ORDENANZA N\u00ba 1342 \u201cCONCEJO JOVEN\u201d, propone un trabajo articulado entre las instituciones educativas y los poderes de gobierno, para conocer y aprender acerca de los aspectos fundamentales de la labor legislativa, incentivando la participaci\u00f3n del joven en la vida municipal.<\/strong><\/p>\n","protected":false},"excerpt":{"rendered":"<p>Armstrong. La sesi\u00f3n del Concejo Joven 2024 ser\u00e1 el 13 de noviembre.<\/p>\n","protected":false},"author":1,"featured_media":43189,"comment_status":"open","ping_status":"open","sticky":false,"template":"","format":"image","meta":{"_jetpack_memberships_contains_paid_content":false,"footnotes":"","jetpack_publicize_message":"","jetpack_publicize_feature_enabled":true,"jetpack_social_post_already_shared":true,"jetpack_social_options":{"image_generator_settings":{"template":"highway","default_image_id":0,"enabled":false},"version":2}},"categories":[8,1,2,7,3],"tags":[20,10964,5030,8777,3381,2534],"class_list":["post-43763","post","type-post","status-publish","format-image","has-post-thumbnail","hentry","category-deliberando","category-diario-armstrong","category-locales","category-politica","category-region","tag-armstrong","tag-concejo-joven","tag-diario-armstrong","tag-lic-graciela-de-la-casa","tag-santa-fe","tag-sesion","post_format-post-format-image"],"jetpack_publicize_connections":[],"jetpack_featured_media_url":"https:\/\/armstrongyregion.com.ar\/diario\/wp-content\/uploads\/2024\/06\/Carla-Revigliono-19-06-24-.jpg","jetpack_shortlink":"https:\/\/wp.me\/p62QDO-bnR","jetpack_sharing_enabled":true,"amp_enabled":true,"_links":{"self":[{"href":"https:\/\/armstrongyregion.com.ar\/diario\/wp-json\/wp\/v2\/posts\/43763","targetHints":{"allow":["GET"]}}],"collection":[{"href":"https:\/\/armstrongyregion.com.ar\/diario\/wp-json\/wp\/v2\/posts"}],"about":[{"href":"https:\/\/armstrongyregion.com.ar\/diario\/wp-json\/wp\/v2\/types\/post"}],"author":[{"embeddable":true,"href":"https:\/\/armstrongyregion.com.ar\/diario\/wp-json\/wp\/v2\/users\/1"}],"replies":[{"embeddable":true,"href":"https:\/\/armstrongyregion.com.ar\/diario\/wp-json\/wp\/v2\/comments?post=43763"}],"version-history":[{"count":1,"href":"https:\/\/armstrongyregion.com.ar\/diario\/wp-json\/wp\/v2\/posts\/43763\/revisions"}],"predecessor-version":[{"id":43764,"href":"https:\/\/armstrongyregion.com.ar\/diario\/wp-json\/wp\/v2\/posts\/43763\/revisions\/43764"}],"wp:featuredmedia":[{"embeddable":true,"href":"https:\/\/armstrongyregion.com.ar\/diario\/wp-json\/wp\/v2\/media\/43189"}],"wp:attachment":[{"href":"https:\/\/armstrongyregion.com.ar\/diario\/wp-json\/wp\/v2\/media?parent=43763"}],"wp:term":[{"taxonomy":"category","embeddable":true,"href":"https:\/\/armstrongyregion.com.ar\/diario\/wp-json\/wp\/v2\/categories?post=43763"},{"taxonomy":"post_tag","embeddable":true,"href":"https:\/\/armstrongyregion.com.ar\/diario\/wp-json\/wp\/v2\/tags?post=43763"}],"curies":[{"name":"wp","href":"https:\/\/api.w.org\/{rel}","templated":true}]}}