{"id":43756,"date":"2024-08-16T21:21:58","date_gmt":"2024-08-16T21:21:58","guid":{"rendered":"https:\/\/armstrongyregion.com.ar\/diario\/?p=43756"},"modified":"2024-08-16T21:24:41","modified_gmt":"2024-08-16T21:24:41","slug":"presentacion-de-la-fiesta-provincial-del-asador-edicion-2024","status":"publish","type":"post","link":"https:\/\/armstrongyregion.com.ar\/diario\/presentacion-de-la-fiesta-provincial-del-asador-edicion-2024\/","title":{"rendered":"Presentaci\u00f3n de la Fiesta Provincial del Asador- EDICI\u00d3N 2024."},"content":{"rendered":"\n<figure class=\"wp-block-image size-full\"><a href=\"http:\/\/armstrongyregion.com.ar\/diario\/wp-content\/uploads\/2024\/08\/Asador-2024.jpg\"><img loading=\"lazy\" decoding=\"async\" width=\"504\" height=\"378\" src=\"http:\/\/armstrongyregion.com.ar\/diario\/wp-content\/uploads\/2024\/08\/Asador-2024.jpg\" alt=\"\" class=\"wp-image-43760\" srcset=\"https:\/\/armstrongyregion.com.ar\/diario\/wp-content\/uploads\/2024\/08\/Asador-2024.jpg 504w, https:\/\/armstrongyregion.com.ar\/diario\/wp-content\/uploads\/2024\/08\/Asador-2024-300x225.jpg 300w\" sizes=\"auto, (max-width: 504px) 100vw, 504px\" \/><\/a><\/figure>\n\n\n\n<figure class=\"wp-block-image size-full\"><a href=\"http:\/\/armstrongyregion.com.ar\/diario\/wp-content\/uploads\/2024\/08\/Fiesta-asador-2024.jpg\"><img loading=\"lazy\" decoding=\"async\" width=\"566\" height=\"800\" src=\"http:\/\/armstrongyregion.com.ar\/diario\/wp-content\/uploads\/2024\/08\/Fiesta-asador-2024.jpg\" alt=\"\" class=\"wp-image-43757\" srcset=\"https:\/\/armstrongyregion.com.ar\/diario\/wp-content\/uploads\/2024\/08\/Fiesta-asador-2024.jpg 566w, https:\/\/armstrongyregion.com.ar\/diario\/wp-content\/uploads\/2024\/08\/Fiesta-asador-2024-212x300.jpg 212w\" sizes=\"auto, (max-width: 566px) 100vw, 566px\" \/><\/a><\/figure>\n\n\n\n<p><strong>En la noche del jueves 15 de Agosto se realiz\u00f3 la conferencia de prensa que dio inicio a la Fiesta Provincial del Asador que se realizar\u00e1 el s\u00e1bado 7 de Diciembre de 2024 y que promete ser una de las m\u00e1s convocantes de las que se han realizado hasta el momento.<\/strong><\/p>\n\n\n\n<figure class=\"wp-block-embed is-type-video is-provider-youtube wp-block-embed-youtube wp-embed-aspect-16-9 wp-has-aspect-ratio\"><div class=\"wp-block-embed__wrapper\">\n<iframe loading=\"lazy\" title=\"Diario Armstrong y Region: Fiesta Provincial del Asador. Pte. Comunal Emanuel Sagripanti.\" width=\"800\" height=\"450\" src=\"https:\/\/www.youtube.com\/embed\/myUFylcg4Nw?feature=oembed\" frameborder=\"0\" allow=\"accelerometer; autoplay; clipboard-write; encrypted-media; gyroscope; picture-in-picture; web-share\" referrerpolicy=\"strict-origin-when-cross-origin\" allowfullscreen><\/iframe>\n<\/div><\/figure>\n\n\n\n<p><br>Con la presencia del Presidente Comunal Emanuel Sagripanti, acompa\u00f1ado por el Senador Departamental Pablo Verdecchia y miembros de la comisi\u00f3n organizadora fueron explicando detalladamente las actividades y espect\u00e1culos que tendr\u00e1 la fiesta en esta edici\u00f3n.<\/p>\n\n\n\n<figure class=\"wp-block-image size-full\"><a href=\"http:\/\/armstrongyregion.com.ar\/diario\/wp-content\/uploads\/2024\/08\/Emanuel-Sagripanti-a.jpg\"><img loading=\"lazy\" decoding=\"async\" width=\"504\" height=\"378\" src=\"http:\/\/armstrongyregion.com.ar\/diario\/wp-content\/uploads\/2024\/08\/Emanuel-Sagripanti-a.jpg\" alt=\"\" class=\"wp-image-43761\" srcset=\"https:\/\/armstrongyregion.com.ar\/diario\/wp-content\/uploads\/2024\/08\/Emanuel-Sagripanti-a.jpg 504w, https:\/\/armstrongyregion.com.ar\/diario\/wp-content\/uploads\/2024\/08\/Emanuel-Sagripanti-a-300x225.jpg 300w\" sizes=\"auto, (max-width: 504px) 100vw, 504px\" \/><\/a><\/figure>\n\n\n\n<p><br>Con la novedad que habr\u00e1 una noche previa con entrada totalmente gratuita. El viernes 6 de Diciembre la Comuna de Montes de Oca ofrece una gran noche para disfrutar, conocer el arte culinario de otros pa\u00edses y escuchar buena m\u00fasica.<br>El viernes habr\u00e1 un desaf\u00edo de asadores internacionales donde participar\u00e1n asadores de Venezuela, Colombia, Per\u00fa, Paraguay, Chile y Uruguay. Restan confirmar Brasil, Ecuador y M\u00e9xico.<br>El desaf\u00edo consiste en hacer 3 platos cada uno de los pa\u00edses, adem\u00e1s de un postre a la parrilla a elecci\u00f3n de cada pa\u00eds participante. Los platos consistir\u00e1n en hacer T-bone (corte de carne vacuna), solomillo de cerdo y pollo al gancho.<br>Adem\u00e1s, deber\u00e1n realizar para degustaci\u00f3n del p\u00fablico presente un plato t\u00edpico de cada pa\u00eds, donde Venezuela realizar\u00e1 punta de ganzo (similar a la tapa de cuadril), Colombia har\u00e1 panceta crocante o chicharr\u00f3n colombiano (hecho con panceta de cerdo) y bandeja paisa (combinaci\u00f3n de granos, carnes y legumbres), Per\u00fa har\u00e1 ceviche (ensalada de pescado crudo picante, ajo, cebollas y pimientos peruanos) y carapulcra con cerdo al palo (papa seca y cerdo), Paraguay realizar\u00e1 la tradicional sopa paraguaya (harina de ma\u00edz con queso, cebolla, leche y huevos), Chile ofrecer\u00e1 cerdo a los 3 chiles (carne de cerdo con 3 tipos de chiles, que es una variedad del pimiento), Uruguay cocinar\u00e1 un cordero y Argentina<br>tendr\u00e1 un stand donde asar\u00e1n un cabrito.<\/p>\n\n\n\n<p><br>Tambi\u00e9n, el viernes habr\u00e1 un patio de comidas al disco a total beneficio de instituciones locales y en el escenario habr\u00e1 sorteos y espect\u00e1culos musicales donde se destacan la participaci\u00f3n de Q \u0301Man\u00eda y Los Pr\u00edncipes de la Cumbia. Gran noche para compartir en familia y en forma gratuita.<br>Con respecto al d\u00eda s\u00e1bado, las puertas al p\u00fablico se abrir\u00e1n a las 13 hs, a las 13:30 hs comenzar\u00e1 la entrega de costillares y a las 14 hs empieza el encendido del fuego dando inicio a la competencia.<br>Una competencia que tendr\u00e1 80 parejas de asadores, donde ya se han inscriptos m\u00e1s de 60 parejas representado hasta el momento a 15 provincias de nuestro pa\u00eds, desde Jujuy a Misiones y desde ah\u00ed a Tierra del Fuego, el pa\u00eds presente en la Fiesta Provincial del Asador.<\/p>\n\n\n\n<p><br>A las 19 hs comienza la entrega de costillares y a las 19:30 hs los espect\u00e1culos sobre el escenario con artistas locales y regionales para llegar a las 21:30 hs con la presentaci\u00f3n de los 5 shows principales que ser\u00e1n AZUL SAITA (joven promesa de gran proyecci\u00f3n, cuyos temas ya se escuchan en radios importantes como FM Vida); LOS UMBIDES (de Santiago del Estero, revelaci\u00f3n del Festival de Jes\u00fas Mar\u00eda 2020, realizando danza de bombos, show de boleadoras y una gran puesta en escena); EL SHOW DE PIRULO (Uno de los mejores espect\u00e1culos teatrales de Villa Carlos Paz y que recorre el pa\u00eds. Con<br>la particularidad que estar\u00e1 recorriendo el sector de asadores a partir de las 18:30 hs donde el p\u00fablico lo podr\u00e1 ver de cerca y sacarse fotos con el); A las 24 hs estar\u00e1 el show de LOS LIRIOS para hacer bailar a todos los presentes y el gran cierre de una jornada hermosa con el show de LOS NOCHEROS, repasando su gran repertorio de temas cl\u00e1sicos.<\/p>\n\n\n\n<p><br>La venta de entradas anticipadas comienza el 2 de septiembre con precios muy accesibles, ya que los mismos ser\u00e1n en septiembre $ 6.000, octubre $ 8.000, noviembre $ 10.000 y diciembre $ 12.000. Adem\u00e1s habr\u00e1 artesanos, entretenimientos y oferta gastron\u00f3mica de gran nivel.<br>Montes de Oca se prepara para una gran fiesta y te invitamos a que seas parte de la misma.<\/p>\n","protected":false},"excerpt":{"rendered":"<p>Presentaci\u00f3n de la Fiesta Provincial del Asador- EDICI\u00d3N 2024.<\/p>\n","protected":false},"author":1,"featured_media":43760,"comment_status":"open","ping_status":"open","sticky":false,"template":"","format":"image","meta":{"_jetpack_memberships_contains_paid_content":false,"footnotes":"","jetpack_publicize_message":"","jetpack_publicize_feature_enabled":true,"jetpack_social_post_already_shared":true,"jetpack_social_options":{"image_generator_settings":{"template":"highway","default_image_id":0,"enabled":false},"version":2}},"categories":[8,1,2,7,3],"tags":[8743,53,5030,620,8777,581,928],"class_list":["post-43756","post","type-post","status-publish","format-image","has-post-thumbnail","hentry","category-deliberando","category-diario-armstrong","category-locales","category-politica","category-region","tag-asador-2","tag-del","tag-diario-armstrong","tag-fiesta","tag-lic-graciela-de-la-casa","tag-presentacion","tag-provincial","post_format-post-format-image"],"jetpack_publicize_connections":[],"jetpack_featured_media_url":"https:\/\/armstrongyregion.com.ar\/diario\/wp-content\/uploads\/2024\/08\/Asador-2024.jpg","jetpack_shortlink":"https:\/\/wp.me\/p62QDO-bnK","jetpack_sharing_enabled":true,"amp_enabled":true,"_links":{"self":[{"href":"https:\/\/armstrongyregion.com.ar\/diario\/wp-json\/wp\/v2\/posts\/43756","targetHints":{"allow":["GET"]}}],"collection":[{"href":"https:\/\/armstrongyregion.com.ar\/diario\/wp-json\/wp\/v2\/posts"}],"about":[{"href":"https:\/\/armstrongyregion.com.ar\/diario\/wp-json\/wp\/v2\/types\/post"}],"author":[{"embeddable":true,"href":"https:\/\/armstrongyregion.com.ar\/diario\/wp-json\/wp\/v2\/users\/1"}],"replies":[{"embeddable":true,"href":"https:\/\/armstrongyregion.com.ar\/diario\/wp-json\/wp\/v2\/comments?post=43756"}],"version-history":[{"count":2,"href":"https:\/\/armstrongyregion.com.ar\/diario\/wp-json\/wp\/v2\/posts\/43756\/revisions"}],"predecessor-version":[{"id":43762,"href":"https:\/\/armstrongyregion.com.ar\/diario\/wp-json\/wp\/v2\/posts\/43756\/revisions\/43762"}],"wp:featuredmedia":[{"embeddable":true,"href":"https:\/\/armstrongyregion.com.ar\/diario\/wp-json\/wp\/v2\/media\/43760"}],"wp:attachment":[{"href":"https:\/\/armstrongyregion.com.ar\/diario\/wp-json\/wp\/v2\/media?parent=43756"}],"wp:term":[{"taxonomy":"category","embeddable":true,"href":"https:\/\/armstrongyregion.com.ar\/diario\/wp-json\/wp\/v2\/categories?post=43756"},{"taxonomy":"post_tag","embeddable":true,"href":"https:\/\/armstrongyregion.com.ar\/diario\/wp-json\/wp\/v2\/tags?post=43756"}],"curies":[{"name":"wp","href":"https:\/\/api.w.org\/{rel}","templated":true}]}}