{"id":43753,"date":"2024-08-16T20:53:56","date_gmt":"2024-08-16T20:53:56","guid":{"rendered":"https:\/\/armstrongyregion.com.ar\/diario\/?p=43753"},"modified":"2024-08-16T20:53:59","modified_gmt":"2024-08-16T20:53:59","slug":"la-camara-de-diputadas-y-diputados-expreso-apoyo-a-la-denuncia-contra-el-juez-bailaque","status":"publish","type":"post","link":"https:\/\/armstrongyregion.com.ar\/diario\/la-camara-de-diputadas-y-diputados-expreso-apoyo-a-la-denuncia-contra-el-juez-bailaque\/","title":{"rendered":"La C\u00e1mara de Diputadas y Diputados expres\u00f3 apoyo a la denuncia contra el juez Bailaque."},"content":{"rendered":"\n<figure class=\"wp-block-image size-full\"><a href=\"http:\/\/armstrongyregion.com.ar\/diario\/wp-content\/uploads\/2024\/08\/Diputados-16-8-24-.jpg\"><img loading=\"lazy\" decoding=\"async\" width=\"509\" height=\"374\" src=\"http:\/\/armstrongyregion.com.ar\/diario\/wp-content\/uploads\/2024\/08\/Diputados-16-8-24-.jpg\" alt=\"\" class=\"wp-image-43754\" srcset=\"https:\/\/armstrongyregion.com.ar\/diario\/wp-content\/uploads\/2024\/08\/Diputados-16-8-24-.jpg 509w, https:\/\/armstrongyregion.com.ar\/diario\/wp-content\/uploads\/2024\/08\/Diputados-16-8-24--300x220.jpg 300w\" sizes=\"auto, (max-width: 509px) 100vw, 509px\" \/><\/a><\/figure>\n\n\n\n<p><strong>Legisladores y legisladoras de la c\u00e1mara expresaron su apoyo a la Diputada Lionella Cattalini, quien present\u00f3 una denuncia penal contra el Juez Federal Marcelo Bailaque por actos il\u00edcitos de corrupci\u00f3n y su vinculo con el lider narco Esteban Alvarado. <\/strong><\/p>\n\n\n\n<p>La C\u00e1mara de Diputadas y Diputados aprob\u00f3 un Proyecto de Resoluci\u00f3n por el cual se expresa el apoyo del cuerpo a la denuncia presentada por la legisladora Lionella Cattalini en la Justicia Federal de Rosario para que se investigue al Juez Bailaque por sus v\u00ednculos con narcotraficantes y prosuntos hechos de corrupci\u00f3n.<\/p>\n\n\n\n<p> La presidenta de la C\u00e1mara baja, Clara Garc\u00eda, expres\u00f3 su \u201csatisfacci\u00f3n por un apoyo que cuenta con toda la representaci\u00f3n pol\u00edtica\u201d propia del cuerpo legislativo y que significa \u201cuna clara posici\u00f3n para que la justicia trabaje de manera correcta y defienda a la gente\u201d. Para Cattalini tambi\u00e9n result\u00f3 \u201cmuy importante que la C\u00e1mara exprese su apoyo a la denuncia realizada contra este Juez Federal por tener claros v\u00ednculos con la banda que lideraba Alvarado, porque se ha dedicado a obstaculizar de manera permanente la investigaci\u00f3n (de los delitos cometidos por el mismo) de 2013 a esta parte y, adem\u00e1s, porque compart\u00eda contador\u201d con el propio el l\u00edder narco, valor\u00f3. <\/p>\n\n\n\n<p>Los legisladores y legisladoras \u201centendieron que un magistrado sospechado de corrupci\u00f3n no puede seguir ejerciendo como tal. Por eso le pedimos a la Justicia Federal que tome la investigaci\u00f3n con seriedad y celeridad; y al Consejo de la Magistratura de la Naci\u00f3n, que avance en la investigaci\u00f3n disciplinaria para destituirlo\u201d, a\u00f1adi\u00f3. Garc\u00eda reconoci\u00f3 el trabajo de Cattalini, quien \u201cven\u00eda siguiendo con preocupaci\u00f3n el hecho de que el juez Bailaque no avanzara en las causas de narcotr\u00e1fico y esta situaci\u00f3n llegara a un punto c\u00falmine donde se conocieron vinculaciones con miembros de una de las bandas que m\u00e1s violencia gener\u00f3 en la ciudad de Rosario, como es la de Alvarado. <\/p>\n\n\n\n<p>No podemos tener una justicia que no investigue, que deje puntos oscuros, m\u00e1s a\u00fan cuando bajo su responsabilidad est\u00e1 uno de los temas m\u00e1s complejos, como es el narcotr\u00e1fico\u201d.<\/p>\n","protected":false},"excerpt":{"rendered":"<p>La C\u00e1mara de Diputadas y Diputados expres\u00f3 apoyo a la denuncia contra el juez Bailaque.<\/p>\n","protected":false},"author":1,"featured_media":43754,"comment_status":"open","ping_status":"open","sticky":false,"template":"","format":"image","meta":{"_jetpack_memberships_contains_paid_content":false,"footnotes":"","jetpack_publicize_message":"","jetpack_publicize_feature_enabled":true,"jetpack_social_post_already_shared":true,"jetpack_social_options":{"image_generator_settings":{"template":"highway","default_image_id":0,"enabled":false},"version":2}},"categories":[8,1,2,7,3],"tags":[33,1422,10963,1380,1161,19,1881,10721,10582,9626,1641,10962,8777,13],"class_list":["post-43753","post","type-post","status-publish","format-image","has-post-thumbnail","hentry","category-deliberando","category-diario-armstrong","category-locales","category-politica","category-region","tag-a","tag-apoyo","tag-bailaque","tag-camara","tag-contra","tag-de","tag-denuncia","tag-diario-armstrong-region","tag-diputadas","tag-diputados-2","tag-expreso","tag-juez","tag-lic-graciela-de-la-casa","tag-y","post_format-post-format-image"],"jetpack_publicize_connections":[],"jetpack_featured_media_url":"https:\/\/armstrongyregion.com.ar\/diario\/wp-content\/uploads\/2024\/08\/Diputados-16-8-24-.jpg","jetpack_shortlink":"https:\/\/wp.me\/p62QDO-bnH","jetpack_sharing_enabled":true,"amp_enabled":true,"_links":{"self":[{"href":"https:\/\/armstrongyregion.com.ar\/diario\/wp-json\/wp\/v2\/posts\/43753","targetHints":{"allow":["GET"]}}],"collection":[{"href":"https:\/\/armstrongyregion.com.ar\/diario\/wp-json\/wp\/v2\/posts"}],"about":[{"href":"https:\/\/armstrongyregion.com.ar\/diario\/wp-json\/wp\/v2\/types\/post"}],"author":[{"embeddable":true,"href":"https:\/\/armstrongyregion.com.ar\/diario\/wp-json\/wp\/v2\/users\/1"}],"replies":[{"embeddable":true,"href":"https:\/\/armstrongyregion.com.ar\/diario\/wp-json\/wp\/v2\/comments?post=43753"}],"version-history":[{"count":1,"href":"https:\/\/armstrongyregion.com.ar\/diario\/wp-json\/wp\/v2\/posts\/43753\/revisions"}],"predecessor-version":[{"id":43755,"href":"https:\/\/armstrongyregion.com.ar\/diario\/wp-json\/wp\/v2\/posts\/43753\/revisions\/43755"}],"wp:featuredmedia":[{"embeddable":true,"href":"https:\/\/armstrongyregion.com.ar\/diario\/wp-json\/wp\/v2\/media\/43754"}],"wp:attachment":[{"href":"https:\/\/armstrongyregion.com.ar\/diario\/wp-json\/wp\/v2\/media?parent=43753"}],"wp:term":[{"taxonomy":"category","embeddable":true,"href":"https:\/\/armstrongyregion.com.ar\/diario\/wp-json\/wp\/v2\/categories?post=43753"},{"taxonomy":"post_tag","embeddable":true,"href":"https:\/\/armstrongyregion.com.ar\/diario\/wp-json\/wp\/v2\/tags?post=43753"}],"curies":[{"name":"wp","href":"https:\/\/api.w.org\/{rel}","templated":true}]}}