{"id":43749,"date":"2024-08-15T21:41:14","date_gmt":"2024-08-15T21:41:14","guid":{"rendered":"https:\/\/armstrongyregion.com.ar\/diario\/?p=43749"},"modified":"2024-08-15T21:47:26","modified_gmt":"2024-08-15T21:47:26","slug":"emiliano-gramigna-hizo-una-evaluacion-sobre-las-ultimas-elecciones","status":"publish","type":"post","link":"https:\/\/armstrongyregion.com.ar\/diario\/emiliano-gramigna-hizo-una-evaluacion-sobre-las-ultimas-elecciones\/","title":{"rendered":"Emiliano Gramigna hizo una evaluaci\u00f3n sobre las \u00faltimas elecciones."},"content":{"rendered":"\n<figure class=\"wp-block-image size-full\"><a href=\"http:\/\/armstrongyregion.com.ar\/diario\/wp-content\/uploads\/2024\/08\/Emiliano-Gramigna-15-8-24-.jpg\"><img loading=\"lazy\" decoding=\"async\" width=\"756\" height=\"666\" src=\"http:\/\/armstrongyregion.com.ar\/diario\/wp-content\/uploads\/2024\/08\/Emiliano-Gramigna-15-8-24-.jpg\" alt=\"\" class=\"wp-image-43750\" srcset=\"https:\/\/armstrongyregion.com.ar\/diario\/wp-content\/uploads\/2024\/08\/Emiliano-Gramigna-15-8-24-.jpg 756w, https:\/\/armstrongyregion.com.ar\/diario\/wp-content\/uploads\/2024\/08\/Emiliano-Gramigna-15-8-24--300x264.jpg 300w\" sizes=\"auto, (max-width: 756px) 100vw, 756px\" \/><\/a><\/figure>\n\n\n\n<p>El concejal Emiliano Gramigna, candidato a intendente en la \u00faltima elecci\u00f3n realizada en Armstrong evalu\u00f3 los resultados de las mismas.<br>Comenz\u00f3 expresando:<strong> \u201cPor suerte fue una elecci\u00f3n tranquila, que se desarroll\u00f3 con total normalidad, la verdad es que nosotros con el resultado tenemos una conformidad muy buena, ya que del a\u00f1o<br>pasado a esta elecci\u00f3n hemos duplicado la cantidad de votos, que hab\u00edamos sacado en el 2023\u201d.<\/strong><\/p>\n\n\n\n<p><br><strong>\u201cEstimo se ha plasmado mi trabajo en las redes sociales, en las calles, en los medios de comunicaci\u00f3n, en las visitas a los vecinos, llevando propuestas positivas para poder cambiar ciertos barrios de la ciudad y en los ciudadanos, que es definitiva son quienes eligen lo que quiere o no para su destino y en base a eso uno puede aceptar pero no quiere decir que pueda estar de acuerdo o no con ese resultado\u201d<\/strong>, agreg\u00f3 Gramigna.<\/p>\n\n\n\n<p><br>M\u00e1s adelante el edil manifest\u00f3: <strong>\u201cSabemos que luch\u00e9 contra un aparato totalmente elefanti\u00e1sico, que dispon\u00edan de infinidad de recursos contra alguien que hace pol\u00edtica b\u00e1sicamente con el esfuerzo de su trabajo. Esa asimetr\u00eda en la competencia hace por supuesto que el resultado tambi\u00e9n se pueda plasmar desde ese lugar pero con la conformidad de haber dejado todo en la cancha, de haber trabajado incansablemente, habiendo escuchado a los vecinos, con m\u00e1s de ochenta reuniones<br>barriales, incluyendo entre una o dos visitas en muchos barrios de la ciudad, con propuestas con gesti\u00f3n, con algo que caracteriza siempre, que es la propositividad al trabajar en pol\u00edtica\u00bb.<\/strong><\/p>\n\n\n\n<p><br>En otra parte dijo: <strong>\u00abHay que respetar la voluntad de la gente, pero tambi\u00e9n entender de que es un crecimiento del cual yo me siento orgulloso de haber trabajado de forma transparente, de manera honesta, aguantando much\u00edsimas agresiones de parte de quienes hoy est\u00e1n gobernando, de manera expl\u00edcita o impl\u00edcitas a trav\u00e9s de redes sociales, de medios de comunicaci\u00f3n y de declaraciones, en las que creo que a veces son totalmente fuera de lo que es la propositividad\u201d.<\/strong><\/p>\n\n\n\n<p><br>Se le pidi\u00f3 una referencia a la campa\u00f1a expresando:<strong> \u201cSi la campa\u00f1a fue sucia pero yo debo seguir y proponiendo, ya que desde el a\u00f1o pasado vengo recibiendo agresiones sistem\u00e1ticas no solo a mi<br>persona sino a mi familia, ese tipo de pol\u00edtica es lo que no va m\u00e1s\u00bb.<\/strong><\/p>\n","protected":false},"excerpt":{"rendered":"<p>Emiliano Gramigna hizo una evaluaci\u00f3n sobre las \u00faltimas elecciones.<\/p>\n","protected":false},"author":1,"featured_media":43750,"comment_status":"open","ping_status":"open","sticky":false,"template":"","format":"image","meta":{"_jetpack_memberships_contains_paid_content":false,"footnotes":"","jetpack_publicize_message":"","jetpack_publicize_feature_enabled":true,"jetpack_social_post_already_shared":true,"jetpack_social_options":{"image_generator_settings":{"template":"highway","default_image_id":0,"enabled":false},"version":2}},"categories":[8,1,2,7,3],"tags":[10961,5030,9423,9011,1197,31,8777,103],"class_list":["post-43749","post","type-post","status-publish","format-image","has-post-thumbnail","hentry","category-deliberando","category-diario-armstrong","category-locales","category-politica","category-region","tag-campana-electoral","tag-diario-armstrong","tag-emiliano-gramigna","tag-evaluacion","tag-hizo","tag-la","tag-lic-graciela-de-la-casa","tag-una","post_format-post-format-image"],"jetpack_publicize_connections":[],"jetpack_featured_media_url":"https:\/\/armstrongyregion.com.ar\/diario\/wp-content\/uploads\/2024\/08\/Emiliano-Gramigna-15-8-24-.jpg","jetpack_shortlink":"https:\/\/wp.me\/p62QDO-bnD","jetpack_sharing_enabled":true,"amp_enabled":true,"_links":{"self":[{"href":"https:\/\/armstrongyregion.com.ar\/diario\/wp-json\/wp\/v2\/posts\/43749","targetHints":{"allow":["GET"]}}],"collection":[{"href":"https:\/\/armstrongyregion.com.ar\/diario\/wp-json\/wp\/v2\/posts"}],"about":[{"href":"https:\/\/armstrongyregion.com.ar\/diario\/wp-json\/wp\/v2\/types\/post"}],"author":[{"embeddable":true,"href":"https:\/\/armstrongyregion.com.ar\/diario\/wp-json\/wp\/v2\/users\/1"}],"replies":[{"embeddable":true,"href":"https:\/\/armstrongyregion.com.ar\/diario\/wp-json\/wp\/v2\/comments?post=43749"}],"version-history":[{"count":2,"href":"https:\/\/armstrongyregion.com.ar\/diario\/wp-json\/wp\/v2\/posts\/43749\/revisions"}],"predecessor-version":[{"id":43752,"href":"https:\/\/armstrongyregion.com.ar\/diario\/wp-json\/wp\/v2\/posts\/43749\/revisions\/43752"}],"wp:featuredmedia":[{"embeddable":true,"href":"https:\/\/armstrongyregion.com.ar\/diario\/wp-json\/wp\/v2\/media\/43750"}],"wp:attachment":[{"href":"https:\/\/armstrongyregion.com.ar\/diario\/wp-json\/wp\/v2\/media?parent=43749"}],"wp:term":[{"taxonomy":"category","embeddable":true,"href":"https:\/\/armstrongyregion.com.ar\/diario\/wp-json\/wp\/v2\/categories?post=43749"},{"taxonomy":"post_tag","embeddable":true,"href":"https:\/\/armstrongyregion.com.ar\/diario\/wp-json\/wp\/v2\/tags?post=43749"}],"curies":[{"name":"wp","href":"https:\/\/api.w.org\/{rel}","templated":true}]}}