{"id":43741,"date":"2024-08-15T20:45:05","date_gmt":"2024-08-15T20:45:05","guid":{"rendered":"https:\/\/armstrongyregion.com.ar\/diario\/?p=43741"},"modified":"2024-08-15T20:45:07","modified_gmt":"2024-08-15T20:45:07","slug":"armstrong-festejo-dia-de-las-infancias-2024","status":"publish","type":"post","link":"https:\/\/armstrongyregion.com.ar\/diario\/armstrong-festejo-dia-de-las-infancias-2024\/","title":{"rendered":"Armstrong. Festejo D\u00eda de las Infancias 2024."},"content":{"rendered":"\n<figure class=\"wp-block-image size-full\"><a href=\"http:\/\/armstrongyregion.com.ar\/diario\/wp-content\/uploads\/2024\/08\/Dia-infancias.oficialismo-.jpg\"><img loading=\"lazy\" decoding=\"async\" width=\"640\" height=\"640\" src=\"http:\/\/armstrongyregion.com.ar\/diario\/wp-content\/uploads\/2024\/08\/Dia-infancias.oficialismo-.jpg\" alt=\"\" class=\"wp-image-43742\" srcset=\"https:\/\/armstrongyregion.com.ar\/diario\/wp-content\/uploads\/2024\/08\/Dia-infancias.oficialismo-.jpg 640w, https:\/\/armstrongyregion.com.ar\/diario\/wp-content\/uploads\/2024\/08\/Dia-infancias.oficialismo--300x300.jpg 300w, https:\/\/armstrongyregion.com.ar\/diario\/wp-content\/uploads\/2024\/08\/Dia-infancias.oficialismo--150x150.jpg 150w\" sizes=\"auto, (max-width: 640px) 100vw, 640px\" \/><\/a><\/figure>\n\n\n\n<p>La Municipalidad de Armstrong invita a todas las familias, especialmente a los m\u00e1s peque\u00f1os a<br>festejar del d\u00eda de las Infancias que se realizar\u00e1 el domingo 18 de agosto, desde las 14:30 hs. en el<br>parque Bracito Fuerte.<br>Habr\u00e1 juegos inflables para todas las edades, la calesita \u201cEl Profe\u201d, maquillaje art\u00edstico, risas, m\u00fasica<br>y mucha diversi\u00f3n.<br>Participar\u00e1n los emprendedores de la Feria Sabores y Colores Locales.<br>Este domingo 18 todos a jugar!! Ven\u00ed con tu familia, traigan la reposera, el equipo de mates\u2026 y a<br>vivir una tarde inolvidable!<\/p>\n","protected":false},"excerpt":{"rendered":"<p>Armstrong. Festejo D\u00eda de las Infancias 2024.<\/p>\n","protected":false},"author":1,"featured_media":43742,"comment_status":"open","ping_status":"open","sticky":false,"template":"","format":"image","meta":{"_jetpack_memberships_contains_paid_content":false,"footnotes":"","jetpack_publicize_message":"","jetpack_publicize_feature_enabled":true,"jetpack_social_post_already_shared":true,"jetpack_social_options":{"image_generator_settings":{"template":"highway","default_image_id":0,"enabled":false},"version":2}},"categories":[8,1,2,7,3],"tags":[20,19,8609,5030,9644,23,8777],"class_list":["post-43741","post","type-post","status-publish","format-image","has-post-thumbnail","hentry","category-deliberando","category-diario-armstrong","category-locales","category-politica","category-region","tag-armstrong","tag-de","tag-dia-2","tag-diario-armstrong","tag-infancias","tag-las","tag-lic-graciela-de-la-casa","post_format-post-format-image"],"jetpack_publicize_connections":[],"jetpack_featured_media_url":"https:\/\/armstrongyregion.com.ar\/diario\/wp-content\/uploads\/2024\/08\/Dia-infancias.oficialismo-.jpg","jetpack_shortlink":"https:\/\/wp.me\/p62QDO-bnv","jetpack_sharing_enabled":true,"amp_enabled":true,"_links":{"self":[{"href":"https:\/\/armstrongyregion.com.ar\/diario\/wp-json\/wp\/v2\/posts\/43741","targetHints":{"allow":["GET"]}}],"collection":[{"href":"https:\/\/armstrongyregion.com.ar\/diario\/wp-json\/wp\/v2\/posts"}],"about":[{"href":"https:\/\/armstrongyregion.com.ar\/diario\/wp-json\/wp\/v2\/types\/post"}],"author":[{"embeddable":true,"href":"https:\/\/armstrongyregion.com.ar\/diario\/wp-json\/wp\/v2\/users\/1"}],"replies":[{"embeddable":true,"href":"https:\/\/armstrongyregion.com.ar\/diario\/wp-json\/wp\/v2\/comments?post=43741"}],"version-history":[{"count":1,"href":"https:\/\/armstrongyregion.com.ar\/diario\/wp-json\/wp\/v2\/posts\/43741\/revisions"}],"predecessor-version":[{"id":43743,"href":"https:\/\/armstrongyregion.com.ar\/diario\/wp-json\/wp\/v2\/posts\/43741\/revisions\/43743"}],"wp:featuredmedia":[{"embeddable":true,"href":"https:\/\/armstrongyregion.com.ar\/diario\/wp-json\/wp\/v2\/media\/43742"}],"wp:attachment":[{"href":"https:\/\/armstrongyregion.com.ar\/diario\/wp-json\/wp\/v2\/media?parent=43741"}],"wp:term":[{"taxonomy":"category","embeddable":true,"href":"https:\/\/armstrongyregion.com.ar\/diario\/wp-json\/wp\/v2\/categories?post=43741"},{"taxonomy":"post_tag","embeddable":true,"href":"https:\/\/armstrongyregion.com.ar\/diario\/wp-json\/wp\/v2\/tags?post=43741"}],"curies":[{"name":"wp","href":"https:\/\/api.w.org\/{rel}","templated":true}]}}