{"id":43738,"date":"2024-08-15T02:28:44","date_gmt":"2024-08-15T02:28:44","guid":{"rendered":"https:\/\/armstrongyregion.com.ar\/diario\/?p=43738"},"modified":"2024-08-15T02:28:47","modified_gmt":"2024-08-15T02:28:47","slug":"claudia-giaccone-se-reunio-en-cordoba-con-el-ex-gobernador-schiaretti","status":"publish","type":"post","link":"https:\/\/armstrongyregion.com.ar\/diario\/claudia-giaccone-se-reunio-en-cordoba-con-el-ex-gobernador-schiaretti\/","title":{"rendered":"Claudia Giaccone se reuni\u00f3 en C\u00f3rdoba con el ex gobernador Schiaretti."},"content":{"rendered":"\n<figure class=\"wp-block-image size-full\"><a href=\"http:\/\/armstrongyregion.com.ar\/diario\/wp-content\/uploads\/2024\/08\/giaccone-14-8-24.jpg\"><img loading=\"lazy\" decoding=\"async\" width=\"645\" height=\"427\" src=\"http:\/\/armstrongyregion.com.ar\/diario\/wp-content\/uploads\/2024\/08\/giaccone-14-8-24.jpg\" alt=\"\" class=\"wp-image-43739\" srcset=\"https:\/\/armstrongyregion.com.ar\/diario\/wp-content\/uploads\/2024\/08\/giaccone-14-8-24.jpg 645w, https:\/\/armstrongyregion.com.ar\/diario\/wp-content\/uploads\/2024\/08\/giaccone-14-8-24-300x199.jpg 300w\" sizes=\"auto, (max-width: 645px) 100vw, 645px\" \/><\/a><\/figure>\n\n\n\n<h2 class=\"wp-block-heading\">Durante el encuentro, con participaci\u00f3n de otros dirigentes, se analizaron temas nacionales y estrategia para fortalecer el armado pol\u00edtico en la provincia de Santa Fe.<\/h2>\n\n\n\n<p>Este martes, Claudia Giaccone -Subsecretaria de Regi\u00f3n Centro del gobierno santafesino, junto a otros dirigentes se reunieron en C\u00f3rdoba con el ex gobernador cordob\u00e9s Juan Schiaretti.<\/p>\n\n\n\n<p>Durante el encuentro consideraron y analizaron aspectos referidos a temas nacionales y la estrategia para fortalecer el armado pol\u00edtico en la provincia de Santa Fe. La reuni\u00f3n tambi\u00e9n abord\u00f3 la importancia de la Regi\u00f3n Centro en el panorama pol\u00edtico nacional y la necesidad de avanzar hacia una agenda productiva integral.<\/p>\n\n\n\n<p>El encuentro reafirma el compromiso de ambos dirigentes con una agenda que subraye la importancia de una Argentina federal, incentivando la inversi\u00f3n, la producci\u00f3n, el trabajo genuino y el desarrollo econ\u00f3mico en el pa\u00eds.<\/p>\n\n\n\n<figure class=\"wp-block-image\"><img decoding=\"async\" src=\"https:\/\/lasrosasdigital.com.ar\/download\/multimedia.normal.9518004507d3f887.Y2xhdWRpYWdpYWNjb25lb2tfMTcyMzY4Mjk4OTg2NSBfbm9ybWFsLndlYnA%3D.webp\" alt=\"claudiagiacconeok_1723682989865 (1)\"\/><\/figure>\n\n\n\n<p>Las Rosas Digital.<\/p>\n","protected":false},"excerpt":{"rendered":"<p>Claudia Giaccone se reuni\u00f3 en C\u00f3rdoba con el ex gobernador Schiaretti.<\/p>\n","protected":false},"author":1,"featured_media":43739,"comment_status":"open","ping_status":"open","sticky":false,"template":"","format":"image","meta":{"_jetpack_memberships_contains_paid_content":false,"footnotes":"","jetpack_publicize_message":"","jetpack_publicize_feature_enabled":true,"jetpack_social_post_already_shared":true,"jetpack_social_options":{"image_generator_settings":{"template":"highway","default_image_id":0,"enabled":false},"version":2}},"categories":[8,1,2,7,3],"tags":[1319,100,10721,8777,343,10958,86],"class_list":["post-43738","post","type-post","status-publish","format-image","has-post-thumbnail","hentry","category-deliberando","category-diario-armstrong","category-locales","category-politica","category-region","tag-claudia-giaccone","tag-con","tag-diario-armstrong-region","tag-lic-graciela-de-la-casa","tag-reunio","tag-schiaretti","tag-se","post_format-post-format-image"],"jetpack_publicize_connections":[],"jetpack_featured_media_url":"https:\/\/armstrongyregion.com.ar\/diario\/wp-content\/uploads\/2024\/08\/giaccone-14-8-24.jpg","jetpack_shortlink":"https:\/\/wp.me\/p62QDO-bns","jetpack_sharing_enabled":true,"amp_enabled":true,"_links":{"self":[{"href":"https:\/\/armstrongyregion.com.ar\/diario\/wp-json\/wp\/v2\/posts\/43738","targetHints":{"allow":["GET"]}}],"collection":[{"href":"https:\/\/armstrongyregion.com.ar\/diario\/wp-json\/wp\/v2\/posts"}],"about":[{"href":"https:\/\/armstrongyregion.com.ar\/diario\/wp-json\/wp\/v2\/types\/post"}],"author":[{"embeddable":true,"href":"https:\/\/armstrongyregion.com.ar\/diario\/wp-json\/wp\/v2\/users\/1"}],"replies":[{"embeddable":true,"href":"https:\/\/armstrongyregion.com.ar\/diario\/wp-json\/wp\/v2\/comments?post=43738"}],"version-history":[{"count":1,"href":"https:\/\/armstrongyregion.com.ar\/diario\/wp-json\/wp\/v2\/posts\/43738\/revisions"}],"predecessor-version":[{"id":43740,"href":"https:\/\/armstrongyregion.com.ar\/diario\/wp-json\/wp\/v2\/posts\/43738\/revisions\/43740"}],"wp:featuredmedia":[{"embeddable":true,"href":"https:\/\/armstrongyregion.com.ar\/diario\/wp-json\/wp\/v2\/media\/43739"}],"wp:attachment":[{"href":"https:\/\/armstrongyregion.com.ar\/diario\/wp-json\/wp\/v2\/media?parent=43738"}],"wp:term":[{"taxonomy":"category","embeddable":true,"href":"https:\/\/armstrongyregion.com.ar\/diario\/wp-json\/wp\/v2\/categories?post=43738"},{"taxonomy":"post_tag","embeddable":true,"href":"https:\/\/armstrongyregion.com.ar\/diario\/wp-json\/wp\/v2\/tags?post=43738"}],"curies":[{"name":"wp","href":"https:\/\/api.w.org\/{rel}","templated":true}]}}