{"id":43736,"date":"2024-08-14T22:53:11","date_gmt":"2024-08-14T22:53:11","guid":{"rendered":"https:\/\/armstrongyregion.com.ar\/diario\/?p=43736"},"modified":"2024-08-14T22:53:14","modified_gmt":"2024-08-14T22:53:14","slug":"alejandro-pertusati-hora-de-balance-sobre-las-elecciones-a-intendente","status":"publish","type":"post","link":"https:\/\/armstrongyregion.com.ar\/diario\/alejandro-pertusati-hora-de-balance-sobre-las-elecciones-a-intendente\/","title":{"rendered":"Alejandro Pertusati: Hora de balance sobre las elecciones a intendente."},"content":{"rendered":"\n<figure class=\"wp-block-image size-full\"><a href=\"http:\/\/armstrongyregion.com.ar\/diario\/wp-content\/uploads\/2024\/07\/Prof.Ale-Pertusati-.jpg\"><img loading=\"lazy\" decoding=\"async\" width=\"756\" height=\"598\" src=\"http:\/\/armstrongyregion.com.ar\/diario\/wp-content\/uploads\/2024\/07\/Prof.Ale-Pertusati-.jpg\" alt=\"\" class=\"wp-image-43340\" srcset=\"https:\/\/armstrongyregion.com.ar\/diario\/wp-content\/uploads\/2024\/07\/Prof.Ale-Pertusati-.jpg 756w, https:\/\/armstrongyregion.com.ar\/diario\/wp-content\/uploads\/2024\/07\/Prof.Ale-Pertusati--300x237.jpg 300w\" sizes=\"auto, (max-width: 756px) 100vw, 756px\" \/><\/a><\/figure>\n\n\n\n<p>El presidente del Concejo Deliberante, Alejandro Pertusati, dio su parecer sobre los comicios del pasado domingo: <strong>\u201cCreo hay que hacer un balance por separado, lo que fue un acto electoral que siempre se celebra como acto democr\u00e1tico por excelencia, m\u00e1s del cincuenta y cinco por ciento de la ciudad ha elegido la continuidad de un proyecto; de un equipo con  cambio de liderazgo, porque realmente Guillermo  representa un cambio en cuanto a la direcci\u00f3n pero no tengo dudas que tanto en esta elecci\u00f3n como en la del a\u00f1o pasado se vot\u00f3 al equipo en todos sus estamentos\u201d.<\/strong><\/p>\n\n\n\n<p><br>Sobre el intendente elegido el edil dijo:<strong> \u00abEl fue compa\u00f1ero de bloque por dos a\u00f1os, \u00e9l fue concejal raso, fue presidente del concejo y se someti\u00f3 a las urnas, el equipo lo eligi\u00f3 para liderar un proyecto de ciudad que tiene Unidos Para Cambiar Santa Fe. Creo rinde con todas las condiciones para hacer lo mejor por la ciudad\u201d.<\/strong><\/p>\n\n\n\n<p><br>Sobre el intendente Luzzi, agreg\u00f3: \u00abEn estos meses que le ha tocado el interinato creo lo ha hecho muy bien y sigue aprendiendo como todos nosotros ac\u00e1 en el concejo\u201d.<\/p>\n\n\n\n<p><br>Sobre la campa\u00f1a el edil aport\u00f3: \u201cPor otro lado no puedo dejar pasar por alto lo espantosa que fue la campa\u00f1a, en primer lugar; un nivel de hostigamiento que no se ve\u00eda hace mucho en la ciudad, creo<br>que los que llegamos a la pol\u00edtica en este \u00faltimo tiempo, llegamos justamente para evitar esto, <strong>hoy presentamos el proyecto del concejo joven, y todo lo que paso en la campa\u00f1a es lo que no queremos<br>demostrarle a los chicos, ha habido mentiras, personalizaci\u00f3n y lo que m\u00e1s duele es la cobard\u00eda de no<br>dar la cara, realmente para m\u00ed el que no da la cara no vale nada\u201d.<\/strong><\/p>\n","protected":false},"excerpt":{"rendered":"<p>Alejandro Pertusati: Hora de balance sobre las elecciones a intendente.<\/p>\n","protected":false},"author":1,"featured_media":43340,"comment_status":"open","ping_status":"open","sticky":false,"template":"","format":"image","meta":{"_jetpack_memberships_contains_paid_content":false,"footnotes":"","jetpack_publicize_message":"","jetpack_publicize_feature_enabled":true,"jetpack_social_post_already_shared":true,"jetpack_social_options":{"image_generator_settings":{"template":"highway","default_image_id":0,"enabled":false},"version":2}},"categories":[1,2,7,3],"tags":[9424,237,9924,8495,8777,118],"class_list":["post-43736","post","type-post","status-publish","format-image","has-post-thumbnail","hentry","category-diario-armstrong","category-locales","category-politica","category-region","tag-alejandro-pertusati","tag-balance","tag-diario-armstrong-y-region-2","tag-elecciones-2","tag-lic-graciela-de-la-casa","tag-sobre","post_format-post-format-image"],"jetpack_publicize_connections":[],"jetpack_featured_media_url":"https:\/\/armstrongyregion.com.ar\/diario\/wp-content\/uploads\/2024\/07\/Prof.Ale-Pertusati-.jpg","jetpack_shortlink":"https:\/\/wp.me\/p62QDO-bnq","jetpack_sharing_enabled":true,"amp_enabled":true,"_links":{"self":[{"href":"https:\/\/armstrongyregion.com.ar\/diario\/wp-json\/wp\/v2\/posts\/43736","targetHints":{"allow":["GET"]}}],"collection":[{"href":"https:\/\/armstrongyregion.com.ar\/diario\/wp-json\/wp\/v2\/posts"}],"about":[{"href":"https:\/\/armstrongyregion.com.ar\/diario\/wp-json\/wp\/v2\/types\/post"}],"author":[{"embeddable":true,"href":"https:\/\/armstrongyregion.com.ar\/diario\/wp-json\/wp\/v2\/users\/1"}],"replies":[{"embeddable":true,"href":"https:\/\/armstrongyregion.com.ar\/diario\/wp-json\/wp\/v2\/comments?post=43736"}],"version-history":[{"count":1,"href":"https:\/\/armstrongyregion.com.ar\/diario\/wp-json\/wp\/v2\/posts\/43736\/revisions"}],"predecessor-version":[{"id":43737,"href":"https:\/\/armstrongyregion.com.ar\/diario\/wp-json\/wp\/v2\/posts\/43736\/revisions\/43737"}],"wp:featuredmedia":[{"embeddable":true,"href":"https:\/\/armstrongyregion.com.ar\/diario\/wp-json\/wp\/v2\/media\/43340"}],"wp:attachment":[{"href":"https:\/\/armstrongyregion.com.ar\/diario\/wp-json\/wp\/v2\/media?parent=43736"}],"wp:term":[{"taxonomy":"category","embeddable":true,"href":"https:\/\/armstrongyregion.com.ar\/diario\/wp-json\/wp\/v2\/categories?post=43736"},{"taxonomy":"post_tag","embeddable":true,"href":"https:\/\/armstrongyregion.com.ar\/diario\/wp-json\/wp\/v2\/tags?post=43736"}],"curies":[{"name":"wp","href":"https:\/\/api.w.org\/{rel}","templated":true}]}}