{"id":43733,"date":"2024-08-14T22:00:54","date_gmt":"2024-08-14T22:00:54","guid":{"rendered":"https:\/\/armstrongyregion.com.ar\/diario\/?p=43733"},"modified":"2024-08-14T22:00:57","modified_gmt":"2024-08-14T22:00:57","slug":"fischer-en-la-mayoria-de-los-casos-los-violentos-y-sus-complices-se-protegen-entre-ellos-y-se-creen-impunes","status":"publish","type":"post","link":"https:\/\/armstrongyregion.com.ar\/diario\/fischer-en-la-mayoria-de-los-casos-los-violentos-y-sus-complices-se-protegen-entre-ellos-y-se-creen-impunes\/","title":{"rendered":"\u00a0Fischer \u201cEn la mayor\u00eda de los casos los violentos y sus c\u00f3mplices se protegen entre ellos y se creen impunes\u201d."},"content":{"rendered":"\n<figure class=\"wp-block-image size-full\"><a href=\"http:\/\/armstrongyregion.com.ar\/diario\/wp-content\/uploads\/2024\/08\/FISCHER-14-8-24.jpg\"><img loading=\"lazy\" decoding=\"async\" width=\"756\" height=\"763\" src=\"http:\/\/armstrongyregion.com.ar\/diario\/wp-content\/uploads\/2024\/08\/FISCHER-14-8-24.jpg\" alt=\"\" class=\"wp-image-43734\" srcset=\"https:\/\/armstrongyregion.com.ar\/diario\/wp-content\/uploads\/2024\/08\/FISCHER-14-8-24.jpg 756w, https:\/\/armstrongyregion.com.ar\/diario\/wp-content\/uploads\/2024\/08\/FISCHER-14-8-24-297x300.jpg 297w, https:\/\/armstrongyregion.com.ar\/diario\/wp-content\/uploads\/2024\/08\/FISCHER-14-8-24-150x150.jpg 150w\" sizes=\"auto, (max-width: 756px) 100vw, 756px\" \/><\/a><\/figure>\n\n\n\n<p>Luz Marina Fischer, concejal del PJ, present\u00f3 una Minuta de Declaraci\u00f3n en repudio a los hechos de violencia de g\u00e9nero cometidos por el Ex presidente de la Naci\u00f3n Alberto Fern\u00e1ndez contra quien era su pareja Fabiola Y\u00e1\u00f1ez.<\/p>\n\n\n\n<p>Fischer expres\u00f3: Voy a hacer algunas reflexiones, primero:<strong> \u201cLa violencia esta en todos lados, en los partidos pol\u00edticos, las instituciones, en las empresas, los medios, las empresas; en el deporte, en la propia familia\u2026en todos lados. <a>En la mayor\u00eda de los casos los violentos y sus c\u00f3mplices se protegen entre ellos y se creen impunes<\/a>; como Alberto Fern\u00e1ndez  quien habr\u00e1 pensado que a \u00e9l no lo iban a tocar\u201d.<\/strong><\/p>\n\n\n\n<p>Siguiendo la misma l\u00ednea de discurso la edila a\u00f1adi\u00f3;<strong> \u00aben nuestro pa\u00eds rige el principio de inocencia consagrado en la constituci\u00f3n nacional y los tratados internacionales; que establece que para que alguien sea culpable tiene que dictarse una sentencia firme que as\u00ed lo declare. No obstante, frente a los hechos tan evidentes que todos vimos y escuchamos, no podemos dejar de expresar nuestro m\u00e1s absoluto repudio ante cualquier forma de violencia, sea F\u00edsica, Psicol\u00f3gica, o Verbal, ejercida por cualquier persona, independientemente de su posici\u00f3n o el cargo que ocupe\u201d.<\/strong><\/p>\n\n\n\n<p>Tambi\u00e9n dijo, <strong>\u201cRepudio la Hipocres\u00eda, la doble cara de un hombre que us\u00f3 el feminismo y sus banderas cuando le conven\u00eda y al mismo tiempo era violento con su propia mujer. Vale la pena aclarar que el Feminismo no es un Ministerio, ni un Cargo P\u00fablico, ni una ministra. El Feminismo somos millones que cada d\u00eda transformamos las condiciones de nuestra existencia y la de otras para que todos podamos vivir mejor\u201d.<\/strong> <\/p>\n\n\n\n<p><strong>\u00abTampoco comparto con el Presidente actual que la manera de resolver la Argentina sea eliminando al Estado, nosotros ven\u00edamos de tener un Estado cada vez m\u00e1s grande y cada vez peor; y si ves lo que pasa en el mundo, los pa\u00edses funcionan bien cuando el Estado funciona bien. Por eso pienso que lo ideal es un Estado Presente y Eficiente\u201d<\/strong> Finaliz\u00f3 la edila.<\/p>\n","protected":false},"excerpt":{"rendered":"<p>Fischer \u201cEn la mayor\u00eda de los casos los violentos y sus c\u00f3mplices se protegen entre ellos y se creen impunes\u201d.<\/p>\n","protected":false},"author":1,"featured_media":43734,"comment_status":"open","ping_status":"open","sticky":false,"template":"","format":"image","meta":{"_jetpack_memberships_contains_paid_content":false,"footnotes":"","jetpack_publicize_message":"","jetpack_publicize_feature_enabled":true,"jetpack_social_post_already_shared":true,"jetpack_social_options":{"image_generator_settings":{"template":"highway","default_image_id":0,"enabled":false},"version":2}},"categories":[8,1,2,7,3],"tags":[10955,10721,10957,356,1043,8777,10956,86,9639,13],"class_list":["post-43733","post","type-post","status-publish","format-image","has-post-thumbnail","hentry","category-deliberando","category-diario-armstrong","category-locales","category-politica","category-region","tag-complices","tag-diario-armstrong-region","tag-ellos","tag-entre","tag-fischer","tag-lic-graciela-de-la-casa","tag-protegen","tag-se","tag-violentos","tag-y","post_format-post-format-image"],"jetpack_publicize_connections":[],"jetpack_featured_media_url":"https:\/\/armstrongyregion.com.ar\/diario\/wp-content\/uploads\/2024\/08\/FISCHER-14-8-24.jpg","jetpack_shortlink":"https:\/\/wp.me\/p62QDO-bnn","jetpack_sharing_enabled":true,"amp_enabled":true,"_links":{"self":[{"href":"https:\/\/armstrongyregion.com.ar\/diario\/wp-json\/wp\/v2\/posts\/43733","targetHints":{"allow":["GET"]}}],"collection":[{"href":"https:\/\/armstrongyregion.com.ar\/diario\/wp-json\/wp\/v2\/posts"}],"about":[{"href":"https:\/\/armstrongyregion.com.ar\/diario\/wp-json\/wp\/v2\/types\/post"}],"author":[{"embeddable":true,"href":"https:\/\/armstrongyregion.com.ar\/diario\/wp-json\/wp\/v2\/users\/1"}],"replies":[{"embeddable":true,"href":"https:\/\/armstrongyregion.com.ar\/diario\/wp-json\/wp\/v2\/comments?post=43733"}],"version-history":[{"count":1,"href":"https:\/\/armstrongyregion.com.ar\/diario\/wp-json\/wp\/v2\/posts\/43733\/revisions"}],"predecessor-version":[{"id":43735,"href":"https:\/\/armstrongyregion.com.ar\/diario\/wp-json\/wp\/v2\/posts\/43733\/revisions\/43735"}],"wp:featuredmedia":[{"embeddable":true,"href":"https:\/\/armstrongyregion.com.ar\/diario\/wp-json\/wp\/v2\/media\/43734"}],"wp:attachment":[{"href":"https:\/\/armstrongyregion.com.ar\/diario\/wp-json\/wp\/v2\/media?parent=43733"}],"wp:term":[{"taxonomy":"category","embeddable":true,"href":"https:\/\/armstrongyregion.com.ar\/diario\/wp-json\/wp\/v2\/categories?post=43733"},{"taxonomy":"post_tag","embeddable":true,"href":"https:\/\/armstrongyregion.com.ar\/diario\/wp-json\/wp\/v2\/tags?post=43733"}],"curies":[{"name":"wp","href":"https:\/\/api.w.org\/{rel}","templated":true}]}}