{"id":43730,"date":"2024-08-14T16:03:36","date_gmt":"2024-08-14T16:03:36","guid":{"rendered":"https:\/\/armstrongyregion.com.ar\/diario\/?p=43730"},"modified":"2024-08-14T16:03:38","modified_gmt":"2024-08-14T16:03:38","slug":"armstrong-acto-oficial-del-17-de-agosto-2024","status":"publish","type":"post","link":"https:\/\/armstrongyregion.com.ar\/diario\/armstrong-acto-oficial-del-17-de-agosto-2024\/","title":{"rendered":"Armstrong. Acto oficial del 17 de agosto 2024."},"content":{"rendered":"\n<figure class=\"wp-block-image size-full\"><a href=\"http:\/\/armstrongyregion.com.ar\/diario\/wp-content\/uploads\/2024\/08\/PLAZA-SAN-MARTIN-.jpg\"><img loading=\"lazy\" decoding=\"async\" width=\"636\" height=\"638\" src=\"http:\/\/armstrongyregion.com.ar\/diario\/wp-content\/uploads\/2024\/08\/PLAZA-SAN-MARTIN-.jpg\" alt=\"\" class=\"wp-image-43731\" srcset=\"https:\/\/armstrongyregion.com.ar\/diario\/wp-content\/uploads\/2024\/08\/PLAZA-SAN-MARTIN-.jpg 636w, https:\/\/armstrongyregion.com.ar\/diario\/wp-content\/uploads\/2024\/08\/PLAZA-SAN-MARTIN--300x300.jpg 300w, https:\/\/armstrongyregion.com.ar\/diario\/wp-content\/uploads\/2024\/08\/PLAZA-SAN-MARTIN--150x150.jpg 150w\" sizes=\"auto, (max-width: 636px) 100vw, 636px\" \/><\/a><\/figure>\n\n\n\n<p>La Municipalidad de Armstrong invita a toda la comunidad a participar del acto oficial con motivo de<br>un nuevo aniversario del paso a la inmortalidad del Gral. Don Jos\u00e9 de San Mart\u00edn, el d\u00eda s\u00e1bado 17 de<br>agosto a las 14:30 hs. en la plaza que lleva su nombre.<br>Participan las comunidades educativas de la Escuela N\u00b0 2100 \u201cGabriela Brimmer\u201d y Jard\u00edn de Infantes<br>N\u00b0 84 \u201cEl Aromo\u201d, y la Banda del Conservatorio Municipal de M\u00fasica.<br>Se invita a embanderar los edificios. En caso de inclemencias clim\u00e1ticas se realizar\u00e1 en la Estaci\u00f3n<br>M\u00e1s.<\/p>\n","protected":false},"excerpt":{"rendered":"<p>Armstrong. Acto oficial del 17 de agosto 2024.<\/p>\n","protected":false},"author":1,"featured_media":43731,"comment_status":"open","ping_status":"open","sticky":false,"template":"","format":"image","meta":{"_jetpack_memberships_contains_paid_content":false,"footnotes":"","jetpack_publicize_message":"","jetpack_publicize_feature_enabled":true,"jetpack_social_post_already_shared":true,"jetpack_social_options":{"image_generator_settings":{"template":"highway","default_image_id":0,"enabled":false},"version":2}},"categories":[8,1,2,7,3],"tags":[10954,1212,20,10721,8777,937],"class_list":["post-43730","post","type-post","status-publish","format-image","has-post-thumbnail","hentry","category-deliberando","category-diario-armstrong","category-locales","category-politica","category-region","tag-17-de-agosto","tag-acto","tag-armstrong","tag-diario-armstrong-region","tag-lic-graciela-de-la-casa","tag-oficial","post_format-post-format-image"],"jetpack_publicize_connections":[],"jetpack_featured_media_url":"https:\/\/armstrongyregion.com.ar\/diario\/wp-content\/uploads\/2024\/08\/PLAZA-SAN-MARTIN-.jpg","jetpack_shortlink":"https:\/\/wp.me\/p62QDO-bnk","jetpack_sharing_enabled":true,"amp_enabled":true,"_links":{"self":[{"href":"https:\/\/armstrongyregion.com.ar\/diario\/wp-json\/wp\/v2\/posts\/43730","targetHints":{"allow":["GET"]}}],"collection":[{"href":"https:\/\/armstrongyregion.com.ar\/diario\/wp-json\/wp\/v2\/posts"}],"about":[{"href":"https:\/\/armstrongyregion.com.ar\/diario\/wp-json\/wp\/v2\/types\/post"}],"author":[{"embeddable":true,"href":"https:\/\/armstrongyregion.com.ar\/diario\/wp-json\/wp\/v2\/users\/1"}],"replies":[{"embeddable":true,"href":"https:\/\/armstrongyregion.com.ar\/diario\/wp-json\/wp\/v2\/comments?post=43730"}],"version-history":[{"count":1,"href":"https:\/\/armstrongyregion.com.ar\/diario\/wp-json\/wp\/v2\/posts\/43730\/revisions"}],"predecessor-version":[{"id":43732,"href":"https:\/\/armstrongyregion.com.ar\/diario\/wp-json\/wp\/v2\/posts\/43730\/revisions\/43732"}],"wp:featuredmedia":[{"embeddable":true,"href":"https:\/\/armstrongyregion.com.ar\/diario\/wp-json\/wp\/v2\/media\/43731"}],"wp:attachment":[{"href":"https:\/\/armstrongyregion.com.ar\/diario\/wp-json\/wp\/v2\/media?parent=43730"}],"wp:term":[{"taxonomy":"category","embeddable":true,"href":"https:\/\/armstrongyregion.com.ar\/diario\/wp-json\/wp\/v2\/categories?post=43730"},{"taxonomy":"post_tag","embeddable":true,"href":"https:\/\/armstrongyregion.com.ar\/diario\/wp-json\/wp\/v2\/tags?post=43730"}],"curies":[{"name":"wp","href":"https:\/\/api.w.org\/{rel}","templated":true}]}}