{"id":43720,"date":"2024-08-12T23:52:17","date_gmt":"2024-08-12T23:52:17","guid":{"rendered":"https:\/\/armstrongyregion.com.ar\/diario\/?p=43720"},"modified":"2024-08-12T23:52:19","modified_gmt":"2024-08-12T23:52:19","slug":"lewandowski-presento-en-el-concejo-de-rosario-el-proyecto-de-la-agencia-federal-de-integracion-socio-urbana","status":"publish","type":"post","link":"https:\/\/armstrongyregion.com.ar\/diario\/lewandowski-presento-en-el-concejo-de-rosario-el-proyecto-de-la-agencia-federal-de-integracion-socio-urbana\/","title":{"rendered":"Lewandowski present\u00f3 en el Concejo de Rosario el proyecto de la Agencia Federal de Integraci\u00f3n Socio Urbana."},"content":{"rendered":"\n<figure class=\"wp-block-image size-full\"><a href=\"http:\/\/armstrongyregion.com.ar\/diario\/wp-content\/uploads\/2024\/08\/Foto-Lewandowski-AFISU.jpg\"><img loading=\"lazy\" decoding=\"async\" width=\"860\" height=\"532\" src=\"http:\/\/armstrongyregion.com.ar\/diario\/wp-content\/uploads\/2024\/08\/Foto-Lewandowski-AFISU.jpg\" alt=\"\" class=\"wp-image-43721\" srcset=\"https:\/\/armstrongyregion.com.ar\/diario\/wp-content\/uploads\/2024\/08\/Foto-Lewandowski-AFISU.jpg 860w, https:\/\/armstrongyregion.com.ar\/diario\/wp-content\/uploads\/2024\/08\/Foto-Lewandowski-AFISU-300x186.jpg 300w, https:\/\/armstrongyregion.com.ar\/diario\/wp-content\/uploads\/2024\/08\/Foto-Lewandowski-AFISU-768x475.jpg 768w\" sizes=\"auto, (max-width: 860px) 100vw, 860px\" \/><\/a><\/figure>\n\n\n\n<p>El senador nacional Marcelo Lewandowski present\u00f3 el proyecto de Ley para la creaci\u00f3n de la Agencia Federal de Integraci\u00f3n Socio Urbana (AFISU), en el Concejo de Rosario. En una mesa de trabajo multisectorial expuso los alcances de la iniciativa ante concejales rosarinos y de la regi\u00f3n, legisladores provinciales y representantes de las distintas asociaciones civiles que trabajan en los barrios.<\/p>\n\n\n\n<p>El senador estuvo acompa\u00f1ado de los asesores que colaboraron en la confecci\u00f3n del proyecto y que cuentan con una dilatada trayectoria en la tem\u00e1tica. Adem\u00e1s entre los participantes estuvieron el diputado provincial Miguel Rabbia; los concejales rosarinos Julia Irigoitia, Leonardo Caruana, Lisandro Cavatorta, Fernanda Gigliani y Manuel Sciutto; la concejala de Pueblo Esther, Carina Cappelletti; el decano de la Facultad de Arquitectura, Planeamiento y Dise\u00f1o (FAPyD) de la Universidad Nacional de Rosario (UNR), Arq. Pedro Ferrazini; el subsecretario de Extensi\u00f3n Universitaria y Vinculaci\u00f3n Tecnol\u00f3gica de la Universidad Tecnol\u00f3gica Nacional (UTN) Facultad Regional Rosario (FRRo), Ing. Juan Salto, y representantes de la sociedad. &nbsp;<\/p>\n\n\n\n<p>\u201cEsta agencia funcionar\u00e1 bajo la \u00f3rbita de la Jefatura de Gabinete de Ministros de la Naci\u00f3n y su objetivo principal ser\u00e1, desde el Estado Nacional y en colaboraci\u00f3n con las provincias, los municipios y las organizaciones comunitarias, generar programas y proyectos integrales destinados al desarrollo y mejora de la calidad de vida en los barrios m\u00e1s complejos del pa\u00eds\u201d, detall\u00f3 Lewandowski. \u00abCon nuestro equipo nos pusimos a pensar qu\u00e9 podemos hacer desde mi lugar como legislador nacional. As\u00ed como siempre se habla de la coordinaci\u00f3n de las Fuerzas de Seguridad en los barrios con la polic\u00eda, con la Prefectura, con la Gendarmer\u00eda; qu\u00e9 hacemos con la otra parte, revertir la matriz social. De lo contrario no alcanzar\u00e1 con la pacificaci\u00f3n que hacen las fuerzas de seguridad\u201d, agreg\u00f3.<\/p>\n\n\n\n<p>\u201cSiempre se habla del modelo Medell\u00edn, las favelas de R\u00edo de Janeiro y otras experiencias internacionales que ha habido en este aspecto. Tambi\u00e9n de los proyectos que desde hace un par de d\u00e9cadas se vienen trabajando en Argentina. Vali\u00e9ndonos de esas iniciativas, con esta agencia buscamos darle una impronta aggiornada a los tiempos qu\u00e9 corren.&nbsp;<\/p>\n\n\n\n<p>No hay intenciones de arrancar de cero, sino de potenciar lo que tenemos. Dando un ordenamiento con una l\u00f3gica, con lo que est\u00e1n haciendo los municipios y las distintas provincias, pero no solamente con una intervenci\u00f3n estatal, sino fundamentalmente con la participaci\u00f3n de las entidades del barrio y las organizaciones intermedias\u201d, resalt\u00f3. \u201cEllas son para nosotros las grandes articuladoras de la acci\u00f3n social. No decimos que el Estado venga e indique lo que hay que hacer, sino que fundamentalmente es con el trabajo de las entidades intermedias, las que puntualmente llamamos \u2018comunidad organizada\u2019\u201d, valor\u00f3.<br>Por \u00faltimo el senador agradeci\u00f3 a los concejales Caruana e Irigoit\u00eda por la posibilidad de mostrar el proyecto en el Concejo rosarino y a los representantes pol\u00edticos y sociales que se acercaron a escuchar los alcances de la iniciativa y a participar activamente en la presentaci\u00f3n. \u201cNecesitamos del apoyo de todos para poder llevarlo adelante\u201d, remarc\u00f3.<\/p>\n","protected":false},"excerpt":{"rendered":"<p>Lewandowski present\u00f3 en el Concejo de Rosario el proyecto de la Agencia Federal de Integraci\u00f3n Socio Urbana<\/p>\n","protected":false},"author":1,"featured_media":43721,"comment_status":"open","ping_status":"open","sticky":false,"template":"","format":"image","meta":{"_jetpack_memberships_contains_paid_content":false,"footnotes":"","jetpack_publicize_message":"","jetpack_publicize_feature_enabled":true,"jetpack_social_post_already_shared":true,"jetpack_social_options":{"image_generator_settings":{"template":"highway","default_image_id":0,"enabled":false},"version":2}},"categories":[8,1,2,7,3],"tags":[10951,10950,10634,25,639],"class_list":["post-43720","post","type-post","status-publish","format-image","has-post-thumbnail","hentry","category-deliberando","category-diario-armstrong","category-locales","category-politica","category-region","tag-agencia-federal-de-integracion","tag-en-el-concejo-de-rosario","tag-lewandowski","tag-presento","tag-proyecto","post_format-post-format-image"],"jetpack_publicize_connections":[],"jetpack_featured_media_url":"https:\/\/armstrongyregion.com.ar\/diario\/wp-content\/uploads\/2024\/08\/Foto-Lewandowski-AFISU.jpg","jetpack_shortlink":"https:\/\/wp.me\/p62QDO-bna","jetpack_sharing_enabled":true,"amp_enabled":true,"_links":{"self":[{"href":"https:\/\/armstrongyregion.com.ar\/diario\/wp-json\/wp\/v2\/posts\/43720","targetHints":{"allow":["GET"]}}],"collection":[{"href":"https:\/\/armstrongyregion.com.ar\/diario\/wp-json\/wp\/v2\/posts"}],"about":[{"href":"https:\/\/armstrongyregion.com.ar\/diario\/wp-json\/wp\/v2\/types\/post"}],"author":[{"embeddable":true,"href":"https:\/\/armstrongyregion.com.ar\/diario\/wp-json\/wp\/v2\/users\/1"}],"replies":[{"embeddable":true,"href":"https:\/\/armstrongyregion.com.ar\/diario\/wp-json\/wp\/v2\/comments?post=43720"}],"version-history":[{"count":1,"href":"https:\/\/armstrongyregion.com.ar\/diario\/wp-json\/wp\/v2\/posts\/43720\/revisions"}],"predecessor-version":[{"id":43722,"href":"https:\/\/armstrongyregion.com.ar\/diario\/wp-json\/wp\/v2\/posts\/43720\/revisions\/43722"}],"wp:featuredmedia":[{"embeddable":true,"href":"https:\/\/armstrongyregion.com.ar\/diario\/wp-json\/wp\/v2\/media\/43721"}],"wp:attachment":[{"href":"https:\/\/armstrongyregion.com.ar\/diario\/wp-json\/wp\/v2\/media?parent=43720"}],"wp:term":[{"taxonomy":"category","embeddable":true,"href":"https:\/\/armstrongyregion.com.ar\/diario\/wp-json\/wp\/v2\/categories?post=43720"},{"taxonomy":"post_tag","embeddable":true,"href":"https:\/\/armstrongyregion.com.ar\/diario\/wp-json\/wp\/v2\/tags?post=43720"}],"curies":[{"name":"wp","href":"https:\/\/api.w.org\/{rel}","templated":true}]}}