{"id":43717,"date":"2024-08-12T23:49:32","date_gmt":"2024-08-12T23:49:32","guid":{"rendered":"https:\/\/armstrongyregion.com.ar\/diario\/?p=43717"},"modified":"2024-08-12T23:49:34","modified_gmt":"2024-08-12T23:49:34","slug":"pullaro-vamos-potenciar-nuestra-industria-y-ponerla-a-disposicion-de-las-oportunidades-que-nos-abre-el-mundo","status":"publish","type":"post","link":"https:\/\/armstrongyregion.com.ar\/diario\/pullaro-vamos-potenciar-nuestra-industria-y-ponerla-a-disposicion-de-las-oportunidades-que-nos-abre-el-mundo\/","title":{"rendered":"Pullaro: \u201cVamos potenciar nuestra industria y ponerla a disposici\u00f3n de las oportunidades que nos abre el mundo\u201d"},"content":{"rendered":"\n<figure class=\"wp-block-image size-full\"><a href=\"http:\/\/armstrongyregion.com.ar\/diario\/wp-content\/uploads\/2024\/08\/PULLARO-12-08-24.jpg\"><img loading=\"lazy\" decoding=\"async\" width=\"640\" height=\"427\" src=\"http:\/\/armstrongyregion.com.ar\/diario\/wp-content\/uploads\/2024\/08\/PULLARO-12-08-24.jpg\" alt=\"\" class=\"wp-image-43718\" srcset=\"https:\/\/armstrongyregion.com.ar\/diario\/wp-content\/uploads\/2024\/08\/PULLARO-12-08-24.jpg 640w, https:\/\/armstrongyregion.com.ar\/diario\/wp-content\/uploads\/2024\/08\/PULLARO-12-08-24-300x200.jpg 300w\" sizes=\"auto, (max-width: 640px) 100vw, 640px\" \/><\/a><\/figure>\n\n\n\n<p>Lo dijo el gobernador santafesino este lunes, al participar de un nuevo encuentro de la Mesa de Gas Petr\u00f3leo y Miner\u00eda, que reuni\u00f3 a m\u00e1s de 230 industriales y entidades del sector, en la ciudad de Rosario.<\/p>\n\n\n\n<p>El gobernador Maximiliano Pullaro y el ministro de Desarrollo Productivo, Gustavo Puccini, participaron del encuentro de la Mesa de Gas, Petr\u00f3leo y Miner\u00eda, que reuni\u00f3 a m\u00e1s de 230 industrias y entidades vinculadas al sector en la ciudad de Rosario.<\/p>\n\n\n\n<p>En la oportunidad, Pullaro se\u00f1al\u00f3 que \u201ctenemos que demostrar, en cada una de las \u00e1reas en las que nos toca generar pol\u00edticas p\u00fablicas, que nuestra provincia se destaca por nuestro ADN productivo. En Santa Fe queremos mostrar lo que nos enorgullece, nuestro sector industrial, potenciarlo y ponerlo a disposici\u00f3n de toda la Argentina y de cada una de las oportunidades que se nos abren en el mundo\u201d.<\/p>\n\n\n\n<p>\u201cNo tenemos minerales, cobre, litio o petr\u00f3leo, pero s\u00ed tenemos la inmensa capacidad de abastecer grandes emprendimientos que van a venir al pa\u00eds; y para eso tenemos que estar preparados y en la primera l\u00ednea de largada para cubrir esa inmensa demanda\u201d, destac\u00f3 el gobernador y resalt\u00f3 la importancia de estar \u201csentados, el sector p\u00fablico y privado, discutiendo, debatiendo, viendo cu\u00e1l es el rol de cada uno\u201d.<\/p>\n\n\n\n<p>A continuaci\u00f3n, Pullaro indic\u00f3 que \u201chay que reconvertir las empresas y el Estado provincial las va a acompa\u00f1ar, como lo viene haciendo, con subsidios de tasas, para que puedan ser m\u00e1s eficientes y eficaces, para que puedan ser mejores en su proceso productivo; porque entendemos que es la \u00fanica manera de tener la potencialidad y la posibilidad de generar los niveles productivos que debemos alcanzar en los pr\u00f3ximos a\u00f1os en Argentina\u201d.<\/p>\n\n\n\n<p>\u201cPara este Gobierno provincial, Argentina va a salir adelante si logra producir m\u00e1s, si logra generar trabajo y si logra generar crecimiento econ\u00f3mico, y eso lo vamos a hacer juntos. Y sepan que el Gobierno de la provincia de Santa Fe es un aliado de todos y de cada uno de ustedes\u201d, concluy\u00f3 Pullaro.<\/p>\n\n\n\n<figure class=\"wp-block-image\"><img decoding=\"async\" src=\"https:\/\/ci3.googleusercontent.com\/meips\/ADKq_NYfwNUnTKeyokzrx-Z6x0LPRkUk2ChMbxRw0RXnqDszp4yy_3q0rKyA3D1l0O8gRg8XuY2s7my9RHYXQiN_kibgPhsjKOErO4GuK9zsQtAwl-p-qtoPGWwRh8uM7-f7kbztuKr2CRG1XZfe8c8=s0-d-e1-ft#https:\/\/www.santafe.gov.ar\/noticias\/recursos\/fotos\/2024\/08\/2024-08-12NID_280923O_2.jpeg\" alt=\"\"\/><\/figure>\n\n\n\n<p><strong>Pol\u00edticas de desarrollo<\/strong><br>A su turno, Puccini remarc\u00f3 que \u201cnuestro sector industrial es el m\u00e1s fuerte de Argentina; por eso, como Gobierno de la Provincia de Santa Fe, ante el crecimiento de este sector del gas, de la miner\u00eda y petr\u00f3leo, retomamos y respetamos lo que se viene realizando en una mesa que ya estaba conformada. Siempre dijimos que todo lo que funcione bien hay que continuarlo, eso es lo que necesita el sector privado: credibilidad y certeza. El mundo busca transici\u00f3n energ\u00e9tica, desarrollo y crecimiento, y Santa Fe no puede estar ajeno a esto, porque nuestras empresas, nuestros productos y empresarios vienen demostrando calidad y talento d\u00eda a d\u00eda\u201d.<\/p>\n\n\n\n<p>En tanto, el secretario de Desarrollo Industrial, Guillermo Beccani, record\u00f3 que \u201cesta es una pol\u00edtica de Estado que comenz\u00f3 en el 2019, con la que buscamos apalancar estrat\u00e9gicamente a nuestro entramado industrial en un sector que se preanuncia como ganador en el marco de la econom\u00eda actual. Somos la segunda provincia a nivel de PBI industrial, tenemos una gran diversificaci\u00f3n productiva y podemos ser proveedores de lujo de estos nuevos emprendimientos y de estas nuevas inversiones que est\u00e1n llegando a la Argentina\u201d.<\/p>\n\n\n\n<p>Por su parte, la presidenta de la C\u00e1mara de Diputados y Diputadas, Clara Garc\u00eda, indic\u00f3 que \u201chemos sostenido estas mesas de trabajo porque es la manera de consolidar los encadenamientos, de apalancar aquellas cuestiones que nos dan una productividad diferente. Por eso una enorme generaci\u00f3n de empleo de calidad a partir del esfuerzo de todas las empresas\u201d.<\/p>\n\n\n\n<p>Por \u00faltimo, el presidente de la Federaci\u00f3n Industrial de Santa Fe, Javier Mart\u00edn, destac\u00f3 \u201cla articulaci\u00f3n p\u00fablico-privada. Santa Fe tiene much\u00edsimo que ofrecer a este sector, y como industriales tenemos una enorme responsabilidad. Hoy en la provincia tenemos herramientas disponibles: l\u00edneas a tasas subsidiadas, el programa Tecno-Industria, y hay que utilizarlas para un gran desaf\u00edo, la transformaci\u00f3n digital. La oportunidad es enorme, y esta mesa es un \u00e1mbito institucional en donde podemos aprender en conjunto y, todos aquellos que ya tienen experiencia, volcarla, para que la industria de Santa Fe sea un jugador clave\u201d.<\/p>\n\n\n\n<p>Durante el encuentro, se realiz\u00f3 la conferencia \u201cClaves para el desarrollo de proveedores en el sector de Gas, Petr\u00f3leo y Miner\u00eda\u201d, a cargo de entidades nacionales, y tuvo lugar un plenario de los miembros de la Mesa.<\/p>\n\n\n\n<figure class=\"wp-block-image\"><img decoding=\"async\" src=\"https:\/\/ci3.googleusercontent.com\/meips\/ADKq_NYV5pe3bA3r8WcgQhp2d7s9M72xyEg8qBke88dpG6E1B3ZT2PuEfDozEfTuGHUSGhnYn0G9tnDrV-J2FJN_qAjkR9FSTuqJKkkUPz0RDmMEwQsMvXhGaDiE-FPkjSjBXY_0y4q8ib-BM9hXX2U=s0-d-e1-ft#https:\/\/www.santafe.gov.ar\/noticias\/recursos\/fotos\/2024\/08\/2024-08-12NID_280923O_3.jpeg\" alt=\"\"\/><\/figure>\n","protected":false},"excerpt":{"rendered":"<p>Pullaro: \u201cVamos potenciar nuestra industria y ponerla a disposici\u00f3n de las oportunidades que nos abre el mundo\u201d<\/p>\n","protected":false},"author":1,"featured_media":43718,"comment_status":"open","ping_status":"open","sticky":false,"template":"","format":"image","meta":{"_jetpack_memberships_contains_paid_content":false,"footnotes":"","jetpack_publicize_message":"","jetpack_publicize_feature_enabled":true,"jetpack_social_post_already_shared":true,"jetpack_social_options":{"image_generator_settings":{"template":"highway","default_image_id":0,"enabled":false},"version":2}},"categories":[8,1,2,7,3],"tags":[1603,91,9585,2846],"class_list":["post-43717","post","type-post","status-publish","format-image","has-post-thumbnail","hentry","category-deliberando","category-diario-armstrong","category-locales","category-politica","category-region","tag-industria","tag-nuestra","tag-potenciar","tag-pullaro","post_format-post-format-image"],"jetpack_publicize_connections":[],"jetpack_featured_media_url":"https:\/\/armstrongyregion.com.ar\/diario\/wp-content\/uploads\/2024\/08\/PULLARO-12-08-24.jpg","jetpack_shortlink":"https:\/\/wp.me\/p62QDO-bn7","jetpack_sharing_enabled":true,"amp_enabled":true,"_links":{"self":[{"href":"https:\/\/armstrongyregion.com.ar\/diario\/wp-json\/wp\/v2\/posts\/43717","targetHints":{"allow":["GET"]}}],"collection":[{"href":"https:\/\/armstrongyregion.com.ar\/diario\/wp-json\/wp\/v2\/posts"}],"about":[{"href":"https:\/\/armstrongyregion.com.ar\/diario\/wp-json\/wp\/v2\/types\/post"}],"author":[{"embeddable":true,"href":"https:\/\/armstrongyregion.com.ar\/diario\/wp-json\/wp\/v2\/users\/1"}],"replies":[{"embeddable":true,"href":"https:\/\/armstrongyregion.com.ar\/diario\/wp-json\/wp\/v2\/comments?post=43717"}],"version-history":[{"count":1,"href":"https:\/\/armstrongyregion.com.ar\/diario\/wp-json\/wp\/v2\/posts\/43717\/revisions"}],"predecessor-version":[{"id":43719,"href":"https:\/\/armstrongyregion.com.ar\/diario\/wp-json\/wp\/v2\/posts\/43717\/revisions\/43719"}],"wp:featuredmedia":[{"embeddable":true,"href":"https:\/\/armstrongyregion.com.ar\/diario\/wp-json\/wp\/v2\/media\/43718"}],"wp:attachment":[{"href":"https:\/\/armstrongyregion.com.ar\/diario\/wp-json\/wp\/v2\/media?parent=43717"}],"wp:term":[{"taxonomy":"category","embeddable":true,"href":"https:\/\/armstrongyregion.com.ar\/diario\/wp-json\/wp\/v2\/categories?post=43717"},{"taxonomy":"post_tag","embeddable":true,"href":"https:\/\/armstrongyregion.com.ar\/diario\/wp-json\/wp\/v2\/tags?post=43717"}],"curies":[{"name":"wp","href":"https:\/\/api.w.org\/{rel}","templated":true}]}}