{"id":43713,"date":"2024-08-12T23:40:46","date_gmt":"2024-08-12T23:40:46","guid":{"rendered":"https:\/\/armstrongyregion.com.ar\/diario\/?p=43713"},"modified":"2024-08-12T23:40:47","modified_gmt":"2024-08-12T23:40:47","slug":"rosario-renatre-santa-fe-sur-participo-de-la-primera-jornada-provincial-de-lucha-contra-la-trata-de-personas","status":"publish","type":"post","link":"https:\/\/armstrongyregion.com.ar\/diario\/rosario-renatre-santa-fe-sur-participo-de-la-primera-jornada-provincial-de-lucha-contra-la-trata-de-personas\/","title":{"rendered":"Rosario: RENATRE Santa Fe Sur particip\u00f3 de la primera Jornada Provincial de Lucha contra la Trata de Personas."},"content":{"rendered":"\n<figure class=\"wp-block-image size-full\"><a href=\"http:\/\/armstrongyregion.com.ar\/diario\/wp-content\/uploads\/2024\/08\/Credito-Gobierno-de-Santa-Fe-1.jpg\"><img loading=\"lazy\" decoding=\"async\" width=\"640\" height=\"427\" src=\"http:\/\/armstrongyregion.com.ar\/diario\/wp-content\/uploads\/2024\/08\/Credito-Gobierno-de-Santa-Fe-1.jpg\" alt=\"\" class=\"wp-image-43714\" srcset=\"https:\/\/armstrongyregion.com.ar\/diario\/wp-content\/uploads\/2024\/08\/Credito-Gobierno-de-Santa-Fe-1.jpg 640w, https:\/\/armstrongyregion.com.ar\/diario\/wp-content\/uploads\/2024\/08\/Credito-Gobierno-de-Santa-Fe-1-300x200.jpg 300w\" sizes=\"auto, (max-width: 640px) 100vw, 640px\" \/><\/a><\/figure>\n\n\n\n<p>Bajo el lema \u201cDe saber se trata\u201d, la delegaci\u00f3n del RENATRE Santa Fe Sur particip\u00f3 el 8 de agosto la primera Jornada Provincial de Lucha contra la Trata de Personas en la sede de Gobernaci\u00f3n de Rosario, organizada por la Secretar\u00eda de Derechos Humanos de la Provincia, con la presencia del gobernador Maximiliano Pullaro y referentes provinciales, nacionales e internacionales.<\/p>\n\n\n\n<figure class=\"wp-block-image size-full\"><a href=\"http:\/\/armstrongyregion.com.ar\/diario\/wp-content\/uploads\/2024\/08\/RENARTRE-2-TRATA.jpg\"><img loading=\"lazy\" decoding=\"async\" width=\"800\" height=\"360\" src=\"http:\/\/armstrongyregion.com.ar\/diario\/wp-content\/uploads\/2024\/08\/RENARTRE-2-TRATA.jpg\" alt=\"\" class=\"wp-image-43715\" srcset=\"https:\/\/armstrongyregion.com.ar\/diario\/wp-content\/uploads\/2024\/08\/RENARTRE-2-TRATA.jpg 800w, https:\/\/armstrongyregion.com.ar\/diario\/wp-content\/uploads\/2024\/08\/RENARTRE-2-TRATA-300x135.jpg 300w, https:\/\/armstrongyregion.com.ar\/diario\/wp-content\/uploads\/2024\/08\/RENARTRE-2-TRATA-768x346.jpg 768w\" sizes=\"auto, (max-width: 800px) 100vw, 800px\" \/><\/a><\/figure>\n\n\n\n<p>Tras la apertura llevada adelante por el secretario de Derechos Humanos, Emilio Jat\u00f3n, se apuntaron a temas como la intervenci\u00f3n del Ministerio P\u00fablico Fiscal en los casos de trata, el rol de la sociedad civil en el abordaje del delito de trata, un conversatorio con Susana Trimarco, madre de Marita Ver\u00f3n, quien fue secuestrada por una red de trata en el a\u00f1o 2002, el eje tem\u00e1tico \u201cNuevas Formas de Captaci\u00f3n\u201d, el uso de las redes sociales para ejercer tal fin, y nuevas modalidades de la captaci\u00f3n de la trata para fines de explotaci\u00f3n laboral y las t\u00e9cnicas aplicables a las investigaciones.<\/p>\n\n\n\n<p>En ese marco, estuvieron presentes compartiendo acciones y reflexiones referentes como Susana Trimarco, Claudio Kishimoto, Fiscal Federal a cargo de la Fiscal\u00eda Federal. N\u00b0 2 de Rosario, Paula Aristimu\u00f1o de la Procuradur\u00eda de Trata y Explotaci\u00f3n de Personas (Protex) del Ministerio P\u00fablico Fiscal e integrantes de la Fundaci\u00f3n Mar\u00eda de los \u00c1ngeles y de Canciller\u00eda Argentina.<\/p>\n\n\n\n<p>El delegado del RENATRE Santa Fe Sur, Andr\u00e9s Alasia, destac\u00f3 las acciones que realiza el organismo para combatir la explotaci\u00f3n laboral en el \u00e1mbito rural. \u201cConsideramos imprescindible estas acciones y un compromiso con todos los trabajadores rurales. Es un valor importante el acompa\u00f1amiento que hacemos desde RENATRE en las inspecciones, en las denuncias por indicios de explotaci\u00f3n laboral rural, y en los esfuerzos por proteger y asistir a las v\u00edctimas\u201d, indic\u00f3.<\/p>\n\n\n\n<p>La experiencia del El RENATRE sum\u00f3 a esta jornada de capacitaci\u00f3n ya que el organismo es fundamental en materia de detecci\u00f3n articulando con los distintos actores de inspecci\u00f3n, lo cual contribuye con la localizaci\u00f3n de trabajadores en situaci\u00f3n de indicios de explotaci\u00f3n laboral en el \u00e1mbito rural, as\u00ed como tambi\u00e9n con la intervenci\u00f3n de distintas acciones de distintas organizaciones y poderes del estado, que resulten en la restituci\u00f3n de derechos de los\/as trabajadores\/as que se encuentren en dicha situaci\u00f3n.<\/p>\n","protected":false},"excerpt":{"rendered":"<p>Rosario: RENATRE Santa Fe Sur particip\u00f3 de la primera Jornada Provincial de Lucha contra la Trata de Personas.<\/p>\n","protected":false},"author":1,"featured_media":43714,"comment_status":"open","ping_status":"open","sticky":false,"template":"","format":"image","meta":{"_jetpack_memberships_contains_paid_content":false,"footnotes":"","jetpack_publicize_message":"","jetpack_publicize_feature_enabled":true,"jetpack_social_post_already_shared":true,"jetpack_social_options":{"image_generator_settings":{"template":"highway","default_image_id":0,"enabled":false},"version":2}},"categories":[8,1,2,7,3],"tags":[1161,10721,1291,31,1888,9457,9658,9659],"class_list":["post-43713","post","type-post","status-publish","format-image","has-post-thumbnail","hentry","category-deliberando","category-diario-armstrong","category-locales","category-politica","category-region","tag-contra","tag-diario-armstrong-region","tag-jornada","tag-la","tag-lucha","tag-renartre","tag-santa-fe-sur","tag-trata","post_format-post-format-image"],"jetpack_publicize_connections":[],"jetpack_featured_media_url":"https:\/\/armstrongyregion.com.ar\/diario\/wp-content\/uploads\/2024\/08\/Credito-Gobierno-de-Santa-Fe-1.jpg","jetpack_shortlink":"https:\/\/wp.me\/p62QDO-bn3","jetpack_sharing_enabled":true,"amp_enabled":true,"_links":{"self":[{"href":"https:\/\/armstrongyregion.com.ar\/diario\/wp-json\/wp\/v2\/posts\/43713","targetHints":{"allow":["GET"]}}],"collection":[{"href":"https:\/\/armstrongyregion.com.ar\/diario\/wp-json\/wp\/v2\/posts"}],"about":[{"href":"https:\/\/armstrongyregion.com.ar\/diario\/wp-json\/wp\/v2\/types\/post"}],"author":[{"embeddable":true,"href":"https:\/\/armstrongyregion.com.ar\/diario\/wp-json\/wp\/v2\/users\/1"}],"replies":[{"embeddable":true,"href":"https:\/\/armstrongyregion.com.ar\/diario\/wp-json\/wp\/v2\/comments?post=43713"}],"version-history":[{"count":1,"href":"https:\/\/armstrongyregion.com.ar\/diario\/wp-json\/wp\/v2\/posts\/43713\/revisions"}],"predecessor-version":[{"id":43716,"href":"https:\/\/armstrongyregion.com.ar\/diario\/wp-json\/wp\/v2\/posts\/43713\/revisions\/43716"}],"wp:featuredmedia":[{"embeddable":true,"href":"https:\/\/armstrongyregion.com.ar\/diario\/wp-json\/wp\/v2\/media\/43714"}],"wp:attachment":[{"href":"https:\/\/armstrongyregion.com.ar\/diario\/wp-json\/wp\/v2\/media?parent=43713"}],"wp:term":[{"taxonomy":"category","embeddable":true,"href":"https:\/\/armstrongyregion.com.ar\/diario\/wp-json\/wp\/v2\/categories?post=43713"},{"taxonomy":"post_tag","embeddable":true,"href":"https:\/\/armstrongyregion.com.ar\/diario\/wp-json\/wp\/v2\/tags?post=43713"}],"curies":[{"name":"wp","href":"https:\/\/api.w.org\/{rel}","templated":true}]}}