{"id":43701,"date":"2024-08-11T23:13:55","date_gmt":"2024-08-11T23:13:55","guid":{"rendered":"https:\/\/armstrongyregion.com.ar\/diario\/?p=43701"},"modified":"2024-08-11T23:13:58","modified_gmt":"2024-08-11T23:13:58","slug":"pullaro-sepa-el-campo-que-cuenta-con-este-gobierno-que-es-su-aliado","status":"publish","type":"post","link":"https:\/\/armstrongyregion.com.ar\/diario\/pullaro-sepa-el-campo-que-cuenta-con-este-gobierno-que-es-su-aliado\/","title":{"rendered":"\u00a0Pullaro: \u201cSepa el campo que cuenta con este Gobierno, que es su aliado\u201d"},"content":{"rendered":"\n<figure class=\"wp-block-image size-full\"><a href=\"http:\/\/armstrongyregion.com.ar\/diario\/wp-content\/uploads\/2024\/08\/Pullaro-11-8-.jpg\"><img loading=\"lazy\" decoding=\"async\" width=\"640\" height=\"425\" src=\"http:\/\/armstrongyregion.com.ar\/diario\/wp-content\/uploads\/2024\/08\/Pullaro-11-8-.jpg\" alt=\"\" class=\"wp-image-43702\" srcset=\"https:\/\/armstrongyregion.com.ar\/diario\/wp-content\/uploads\/2024\/08\/Pullaro-11-8-.jpg 640w, https:\/\/armstrongyregion.com.ar\/diario\/wp-content\/uploads\/2024\/08\/Pullaro-11-8--300x199.jpg 300w\" sizes=\"auto, (max-width: 640px) 100vw, 640px\" \/><\/a><\/figure>\n\n\n\n<h2 class=\"wp-block-heading\">As\u00ed lo se\u00f1al\u00f3 el gobernador de Santa Fe en el acto oficial de la 88\u1d43 Exposici\u00f3n Nacional de Ganader\u00eda, Agricultura, Industria, Comercio y Servicios de Reconquista. Luego firm\u00f3 convenios para aportes con asociaciones civiles, municipios y comunas.<\/h2>\n\n\n\n<p>El gobernador Maximiliano Pullaro particip\u00f3 este domingo de la apertura oficial de la 88\u1d43 Exposici\u00f3n Nacional de Ganader\u00eda, Agricultura, Industria, Comercio y Servicios en la Sociedad Rural de la ciudad de Reconquista. En el evento, que empez\u00f3 el viernes y concluy\u00f3 este domingo, el Gobierno provincial instal\u00f3 un stand institucional de 200 metros cuadrados, con la participaci\u00f3n de empresas santafesinas que mostraron sus productos y servicios, en el marco del programa Santa Fe Expone. Adem\u00e1s, el Ministerio de Desarrollo Productivo present\u00f3 una amplia gama de cr\u00e9ditos para la producci\u00f3n, como parte del programa de financiamiento Santa Fe Activa.<\/p>\n\n\n\n<p>En la oportunidad, Pullaro agradeci\u00f3 \u201ca todos los productores, que vienen aqu\u00ed a exponer lo mejor del interior productivo. Somos una provincia de gente de trabajo, somos el campo, la industria, el comercio y los puertos; somos los que le aportan a este sistema federal los recursos para poder sostener a la Argentina, pero lamentablemente nada vuelve a las provincias o a las regiones productivas\u201d.<\/p>\n\n\n\n<p>\u201cGobierno tras gobierno, gesti\u00f3n tras gesti\u00f3n, se contin\u00faan llevando los recursos del interior productivo y los vuelcan en el conurbano bonaerense. Por eso, sepa el campo de la provincia de Santa Fe, el campo de la Rep\u00fablica Argentina, que aqu\u00ed cuentan con un Gobierno que es un aliado y que va a caminar al lado de ustedes para reclamar lo que nos corresponde y desde all\u00ed llevar adelante un modelo de desarrollo productivo, que va a sacar a la Rep\u00fablica Argentina adelante\u201d, destac\u00f3 el gobernador santafesino.<\/p>\n\n\n\n<p>A continuaci\u00f3n, Pullaro se\u00f1al\u00f3 que \u201cdisminuimos el gasto pol\u00edtico en la provincia y desde all\u00ed empezamos a reducir los gastos del Estado; y hoy empezamos a invertir en infraestructura, fundamentalmente productiva. Cada peso que el Gobierno provincial ahorra se invierte en infraestructura productiva, porque sabemos que la \u00fanica manera de multiplicar es generando trabajo y crecimiento econ\u00f3mico; porque el pa\u00eds va a salir adelante si logramos producir m\u00e1s, si al campo y a la industria les va mejor; y esto es lo que sabemos hacer\u201d.<\/p>\n\n\n\n<figure class=\"wp-block-image\"><img decoding=\"async\" src=\"https:\/\/ci3.googleusercontent.com\/meips\/ADKq_NYSJ33zPakmIVN_XNN8pYE9gtPBCDIPEz2qzUOg8G3El_kwVdtbd8YAxUh26kfG4sWYLHqngliaezah_N70puXslRZ5jMhMkJRZkYrf_Yw0MCuBj8V3YkYhSVcoYQ-0nML9I5ihN9kWbDQznQk=s0-d-e1-ft#https:\/\/www.santafe.gob.ar\/noticias\/recursos\/fotos\/2024\/08\/2024-08-11NID_280918O_2.jpeg\" alt=\"\"\/><\/figure>\n\n\n\n<p><strong>Cr\u00e9ditos<\/strong><br>\u201cEntendimos que ten\u00edamos que fortalecer el sistema productivo y as\u00ed fue c\u00f3mo comenzamos a llevar adelante diferentes cr\u00e9ditos, articulando con todos bancos privados y p\u00fablicos, para subsidiar las tasas a los productores; empezar a mover la econom\u00eda, para que nos permita crecer y generar trabajo. Adem\u00e1s, llevamos arreglados 800 kil\u00f3metros de rutas, y hemos licitado 1.000 m\u00e1s; y estamos asesorando a 140 industrias para que puedan exportar\u201d, detall\u00f3 el gobernador.<\/p>\n\n\n\n<p>\u201cTenemos que trabajar juntos, para fortalecer a nuestra producci\u00f3n, para que el campo, la industria y el comercio puedan salir adelante; porque si trabajamos juntos, Santa Fe va a ser el motor productivo de Argentina\u201d, concluy\u00f3 Pullaro.<\/p>\n\n\n\n<p>Por su parte, el presidente de la Sociedad Rural de Reconquista, Augusto Gastaldo, se\u00f1al\u00f3 que \u201ceste evento sintetiza el poder de esta pujante regi\u00f3n, que tiene un esp\u00edritu enorme, una gran resiliencia; que decide que la \u00fanica direcci\u00f3n posible es la inversi\u00f3n y el crecimiento\u201d.<\/p>\n\n\n\n<p>Del acto tambi\u00e9n participaron los ministros de Gobierno e Innovaci\u00f3n P\u00fablica, Fabi\u00e1n Bastia; de Desarrollo Productivo, Gustavo Puccini; y de Trabajo, Empleo y Seguridad Social, Roald B\u00e1scolo; la presidenta de la C\u00e1mara de Diputados, Clara Garc\u00eda; el intendente de Reconquista, Enrique Vallejos; y el senador provincial Orfilio Marc\u00f3n.<\/p>\n\n\n\n<figure class=\"wp-block-image\"><img decoding=\"async\" src=\"https:\/\/ci3.googleusercontent.com\/meips\/ADKq_Na4mc8hGW90nhulzJRNRxgetFpR3G32clqyzvjfwnEUSujLVhVJGecTV7oIJDmPrUYifIflwcI-USn9xu906t0yR5rEHzLdQdLpd3-yB_MlzuYzTnoJHwo6fDX0a6qh2-pWUYxes2DJWfUaWkg=s0-d-e1-ft#https:\/\/www.santafe.gob.ar\/noticias\/recursos\/fotos\/2024\/08\/2024-08-11NID_280918O_3.jpeg\" alt=\"\"\/><\/figure>\n\n\n\n<p><strong>Aportes<\/strong><br>Finalizado el acto, el gobernador visit\u00f3 la Asociaci\u00f3n de Bomberos Voluntarios de Reconquista, donde entreg\u00f3 un aporte de 59.980.000 de pesos para la adquisici\u00f3n de equipamiento para el combate de eventos clim\u00e1ticos. Adem\u00e1s, Pullaro firm\u00f3 convenios para la entrega de aportes con las asociaciones Civil Pucar\u00e1 Rugby Reconquista, por $ 24.280.000, para la construcci\u00f3n y refacci\u00f3n de su sede; Vecinal Barrio Parque Industrial, $ 8.448.270,01, para refacciones en el sal\u00f3n vecinal; y Vecinal Barrio San Jer\u00f3nimo del Rey, por $ 15.965.535,45, para mejoramiento ac\u00fastico y reemplazo de materiales. Por \u00faltimo, Pullaro suscribi\u00f3 los convenios para la entrega de aportes con las comunas de Berna, por $ 12.911.636, para el proyecto de iluminaci\u00f3n LED urbana; Guadalupe Norte, $ 36.418.721,68, para mejoramiento urbano y cord\u00f3n cuneta; y Las Garzas, $ 13.717.792, para iluminaci\u00f3n de alumbrado p\u00fablico de ciclov\u00edas; y a la ciudad de Malabrigo, $ 30.954,684,61, para proyectos de accesibilidad.<\/p>\n\n\n\n<p>Durante la ma\u00f1ana de este domingo, el gobernador estuvo presente en las fiestas patronales de la comuna de Susana, departamento Castellanos..<\/p>\n\n\n\n<figure class=\"wp-block-image\"><img decoding=\"async\" src=\"https:\/\/ci3.googleusercontent.com\/meips\/ADKq_NYcQzIXblUpZT3akvynWdCiI-_rBS-VzCZhLgi84zMS-_m3SMKK-OmE2R71OUykPJ84dMzi7p0F9MAwGNmpTlWB-7fkk07K7MUmKx_mH6jtWKK_f7q8qek6bzKZNutvmefKJzQkRuNCVlSvrUc=s0-d-e1-ft#https:\/\/www.santafe.gob.ar\/noticias\/recursos\/fotos\/2024\/08\/2024-08-11NID_280918O_4.jpeg\" alt=\"\"\/><\/figure>\n","protected":false},"excerpt":{"rendered":"<p>Pullaro: \u201cSepa el campo que cuenta con este Gobierno, que es su aliado\u201d<\/p>\n","protected":false},"author":1,"featured_media":43702,"comment_status":"open","ping_status":"open","sticky":false,"template":"","format":"image","meta":{"_jetpack_memberships_contains_paid_content":false,"footnotes":"","jetpack_publicize_message":"","jetpack_publicize_feature_enabled":true,"jetpack_social_post_already_shared":true,"jetpack_social_options":{"image_generator_settings":{"template":"highway","default_image_id":0,"enabled":false},"version":2}},"categories":[8,1,2,7,3],"tags":[1924,100,2363,10721,16,162,38,8777,2846,108,10945],"class_list":["post-43701","post","type-post","status-publish","format-image","has-post-thumbnail","hentry","category-deliberando","category-diario-armstrong","category-locales","category-politica","category-region","tag-campo","tag-con","tag-cuenta","tag-diario-armstrong-region","tag-el","tag-este","tag-gobierno","tag-lic-graciela-de-la-casa","tag-pullaro","tag-que","tag-sepa","post_format-post-format-image"],"jetpack_publicize_connections":[],"jetpack_featured_media_url":"https:\/\/armstrongyregion.com.ar\/diario\/wp-content\/uploads\/2024\/08\/Pullaro-11-8-.jpg","jetpack_shortlink":"https:\/\/wp.me\/p62QDO-bmR","jetpack_sharing_enabled":true,"amp_enabled":true,"_links":{"self":[{"href":"https:\/\/armstrongyregion.com.ar\/diario\/wp-json\/wp\/v2\/posts\/43701","targetHints":{"allow":["GET"]}}],"collection":[{"href":"https:\/\/armstrongyregion.com.ar\/diario\/wp-json\/wp\/v2\/posts"}],"about":[{"href":"https:\/\/armstrongyregion.com.ar\/diario\/wp-json\/wp\/v2\/types\/post"}],"author":[{"embeddable":true,"href":"https:\/\/armstrongyregion.com.ar\/diario\/wp-json\/wp\/v2\/users\/1"}],"replies":[{"embeddable":true,"href":"https:\/\/armstrongyregion.com.ar\/diario\/wp-json\/wp\/v2\/comments?post=43701"}],"version-history":[{"count":1,"href":"https:\/\/armstrongyregion.com.ar\/diario\/wp-json\/wp\/v2\/posts\/43701\/revisions"}],"predecessor-version":[{"id":43703,"href":"https:\/\/armstrongyregion.com.ar\/diario\/wp-json\/wp\/v2\/posts\/43701\/revisions\/43703"}],"wp:featuredmedia":[{"embeddable":true,"href":"https:\/\/armstrongyregion.com.ar\/diario\/wp-json\/wp\/v2\/media\/43702"}],"wp:attachment":[{"href":"https:\/\/armstrongyregion.com.ar\/diario\/wp-json\/wp\/v2\/media?parent=43701"}],"wp:term":[{"taxonomy":"category","embeddable":true,"href":"https:\/\/armstrongyregion.com.ar\/diario\/wp-json\/wp\/v2\/categories?post=43701"},{"taxonomy":"post_tag","embeddable":true,"href":"https:\/\/armstrongyregion.com.ar\/diario\/wp-json\/wp\/v2\/tags?post=43701"}],"curies":[{"name":"wp","href":"https:\/\/api.w.org\/{rel}","templated":true}]}}