{"id":43697,"date":"2024-08-11T17:30:42","date_gmt":"2024-08-11T17:30:42","guid":{"rendered":"https:\/\/armstrongyregion.com.ar\/diario\/?p=43697"},"modified":"2024-08-11T17:30:44","modified_gmt":"2024-08-11T17:30:44","slug":"el-ing-guillermo-luzzi-voto-antes-del-mediodia","status":"publish","type":"post","link":"https:\/\/armstrongyregion.com.ar\/diario\/el-ing-guillermo-luzzi-voto-antes-del-mediodia\/","title":{"rendered":"El Ing. Guillermo Luzzi vot\u00f3 antes del mediod\u00eda."},"content":{"rendered":"\n<figure class=\"wp-block-image size-full\"><a href=\"http:\/\/armstrongyregion.com.ar\/diario\/wp-content\/uploads\/2024\/08\/Ing.-Luzzi-.jpg\"><img loading=\"lazy\" decoding=\"async\" width=\"800\" height=\"600\" src=\"http:\/\/armstrongyregion.com.ar\/diario\/wp-content\/uploads\/2024\/08\/Ing.-Luzzi-.jpg\" alt=\"\" class=\"wp-image-43698\" srcset=\"https:\/\/armstrongyregion.com.ar\/diario\/wp-content\/uploads\/2024\/08\/Ing.-Luzzi-.jpg 800w, https:\/\/armstrongyregion.com.ar\/diario\/wp-content\/uploads\/2024\/08\/Ing.-Luzzi--300x225.jpg 300w, https:\/\/armstrongyregion.com.ar\/diario\/wp-content\/uploads\/2024\/08\/Ing.-Luzzi--768x576.jpg 768w\" sizes=\"auto, (max-width: 800px) 100vw, 800px\" \/><\/a><\/figure>\n\n\n\n<p>Guillermo Luzzi, intendente interino y  candidato de UNIDOS, vot\u00f3 antes del mediod\u00eda en la Escuela 262, Mesa 21.<\/p>\n\n\n\n<p> Salud\u00f3 y agradeci\u00f3 a todas las autoridades de mesa y fiscales que est\u00e1n trabajando y colaborando para que los armstronenses puedan votar con total normalidad. <\/p>\n","protected":false},"excerpt":{"rendered":"<p>El Ing. Guillermo Luzzi vot\u00f3 antes del mediod\u00eda.<\/p>\n","protected":false},"author":1,"featured_media":43698,"comment_status":"open","ping_status":"open","sticky":false,"template":"","format":"image","meta":{"_jetpack_memberships_contains_paid_content":false,"footnotes":"","jetpack_publicize_message":"","jetpack_publicize_feature_enabled":true,"jetpack_social_post_already_shared":true,"jetpack_social_options":{"image_generator_settings":{"template":"highway","default_image_id":0,"enabled":false},"version":2}},"categories":[8,1,2,7,3],"tags":[9940,53,9924,8777,8735,10944,3195],"class_list":["post-43697","post","type-post","status-publish","format-image","has-post-thumbnail","hentry","category-deliberando","category-diario-armstrong","category-locales","category-politica","category-region","tag-antes","tag-del","tag-diario-armstrong-y-region-2","tag-lic-graciela-de-la-casa","tag-luzzi","tag-mediodia","tag-voto","post_format-post-format-image"],"jetpack_publicize_connections":[],"jetpack_featured_media_url":"https:\/\/armstrongyregion.com.ar\/diario\/wp-content\/uploads\/2024\/08\/Ing.-Luzzi-.jpg","jetpack_shortlink":"https:\/\/wp.me\/p62QDO-bmN","jetpack_sharing_enabled":true,"amp_enabled":true,"_links":{"self":[{"href":"https:\/\/armstrongyregion.com.ar\/diario\/wp-json\/wp\/v2\/posts\/43697","targetHints":{"allow":["GET"]}}],"collection":[{"href":"https:\/\/armstrongyregion.com.ar\/diario\/wp-json\/wp\/v2\/posts"}],"about":[{"href":"https:\/\/armstrongyregion.com.ar\/diario\/wp-json\/wp\/v2\/types\/post"}],"author":[{"embeddable":true,"href":"https:\/\/armstrongyregion.com.ar\/diario\/wp-json\/wp\/v2\/users\/1"}],"replies":[{"embeddable":true,"href":"https:\/\/armstrongyregion.com.ar\/diario\/wp-json\/wp\/v2\/comments?post=43697"}],"version-history":[{"count":1,"href":"https:\/\/armstrongyregion.com.ar\/diario\/wp-json\/wp\/v2\/posts\/43697\/revisions"}],"predecessor-version":[{"id":43699,"href":"https:\/\/armstrongyregion.com.ar\/diario\/wp-json\/wp\/v2\/posts\/43697\/revisions\/43699"}],"wp:featuredmedia":[{"embeddable":true,"href":"https:\/\/armstrongyregion.com.ar\/diario\/wp-json\/wp\/v2\/media\/43698"}],"wp:attachment":[{"href":"https:\/\/armstrongyregion.com.ar\/diario\/wp-json\/wp\/v2\/media?parent=43697"}],"wp:term":[{"taxonomy":"category","embeddable":true,"href":"https:\/\/armstrongyregion.com.ar\/diario\/wp-json\/wp\/v2\/categories?post=43697"},{"taxonomy":"post_tag","embeddable":true,"href":"https:\/\/armstrongyregion.com.ar\/diario\/wp-json\/wp\/v2\/tags?post=43697"}],"curies":[{"name":"wp","href":"https:\/\/api.w.org\/{rel}","templated":true}]}}