{"id":43686,"date":"2024-08-11T00:35:36","date_gmt":"2024-08-11T00:35:36","guid":{"rendered":"https:\/\/armstrongyregion.com.ar\/diario\/?p=43686"},"modified":"2024-08-11T00:35:38","modified_gmt":"2024-08-11T00:35:38","slug":"gestiones-del-intendente-meyer-en-ministerios-de-la-nacion","status":"publish","type":"post","link":"https:\/\/armstrongyregion.com.ar\/diario\/gestiones-del-intendente-meyer-en-ministerios-de-la-nacion\/","title":{"rendered":"Gestiones del Intendente Meyer en Ministerios de la Naci\u00f3n."},"content":{"rendered":"\n<figure class=\"wp-block-image size-full\"><a href=\"http:\/\/armstrongyregion.com.ar\/diario\/wp-content\/uploads\/2024\/08\/Meyer-Bullrich.jpg\"><img loading=\"lazy\" decoding=\"async\" width=\"645\" height=\"459\" src=\"http:\/\/armstrongyregion.com.ar\/diario\/wp-content\/uploads\/2024\/08\/Meyer-Bullrich.jpg\" alt=\"\" class=\"wp-image-43687\" srcset=\"https:\/\/armstrongyregion.com.ar\/diario\/wp-content\/uploads\/2024\/08\/Meyer-Bullrich.jpg 645w, https:\/\/armstrongyregion.com.ar\/diario\/wp-content\/uploads\/2024\/08\/Meyer-Bullrich-300x213.jpg 300w\" sizes=\"auto, (max-width: 645px) 100vw, 645px\" \/><\/a><\/figure>\n\n\n\n<h2 class=\"wp-block-heading\">El pasado viernes el jefe municipal de Las Rosas estuvo en C.A.B.A. donde mantuvo encuentros con la Ministra de Seguridad y tambi\u00e9n en Ministerio del Interior.<\/h2>\n\n\n\n<p>En el d\u00eda de ayer, el Intendente Javier Meyer fue recibido por la Ministra de Seguridad de la Naci\u00f3n, Patricia Bullrich, y el Subsecretario de Programaci\u00f3n Federal y Articulaci\u00f3n Legislativa, Dr. Mart\u00edn Matzkin, en la sede del Ministerio de Seguridad en la Ciudad Aut\u00f3noma de Buenos Aires.\u00a0<\/p>\n\n\n\n<p>Durante la reuni\u00f3n, abordaron temas de seguridad y se analizaron propuestas para mejorar la infraestructura, incluyendo la implementaci\u00f3n y modernizaci\u00f3n de sistemas de vigilancia.<\/p>\n\n\n\n<figure class=\"wp-block-image\"><img decoding=\"async\" src=\"https:\/\/lasrosasdigital.com.ar\/download\/multimedia.normal.865501ec4b23364c.bWV5ZXIgYnVsbHJpY2ggMl9ub3JtYWwud2VicA%3D%3D.webp\" alt=\"meyer bullrich 2\"\/><\/figure>\n\n\n\n<p>Posteriormente, el Intendente se reuni\u00f3 con Carlos Marcelo D\u00b4Abate, Subsecretario de Relaciones Municipales (Ministerio del Interior), con quien abord\u00f3 los diferentes programas vigentes en el Ministerio, definiendo los pasos a seguir para avanzar en la gesti\u00f3n de los mismos.&nbsp;<\/p>\n\n\n\n<figure class=\"wp-block-image\"><img decoding=\"async\" src=\"https:\/\/lasrosasdigital.com.ar\/download\/multimedia.normal.8d1252c9555b9d45.bWV5ZXIgaW50ZXJpb3Jfbm9ybWFsLndlYnA%3D.webp\" alt=\"meyer interior\"\/><\/figure>\n\n\n\n<p>Fuente: Las Rosas Digital.<\/p>\n","protected":false},"excerpt":{"rendered":"<p>Gestiones del Intendente Meyer en Ministerios de la Naci\u00f3n.<\/p>\n","protected":false},"author":1,"featured_media":43687,"comment_status":"open","ping_status":"open","sticky":false,"template":"","format":"image","meta":{"_jetpack_memberships_contains_paid_content":false,"footnotes":"","jetpack_publicize_message":"","jetpack_publicize_feature_enabled":true,"jetpack_social_post_already_shared":true,"jetpack_social_options":{"image_generator_settings":{"template":"highway","default_image_id":0,"enabled":false},"version":2}},"categories":[8,1,2,7,3],"tags":[53,10721,15,1306,8503,10940,8777,1934],"class_list":["post-43686","post","type-post","status-publish","format-image","has-post-thumbnail","hentry","category-deliberando","category-diario-armstrong","category-locales","category-politica","category-region","tag-del","tag-diario-armstrong-region","tag-en","tag-gestiones","tag-intendente-2","tag-la-nacion","tag-lic-graciela-de-la-casa","tag-meyer","post_format-post-format-image"],"jetpack_publicize_connections":[],"jetpack_featured_media_url":"https:\/\/armstrongyregion.com.ar\/diario\/wp-content\/uploads\/2024\/08\/Meyer-Bullrich.jpg","jetpack_shortlink":"https:\/\/wp.me\/p62QDO-bmC","jetpack_sharing_enabled":true,"amp_enabled":true,"_links":{"self":[{"href":"https:\/\/armstrongyregion.com.ar\/diario\/wp-json\/wp\/v2\/posts\/43686","targetHints":{"allow":["GET"]}}],"collection":[{"href":"https:\/\/armstrongyregion.com.ar\/diario\/wp-json\/wp\/v2\/posts"}],"about":[{"href":"https:\/\/armstrongyregion.com.ar\/diario\/wp-json\/wp\/v2\/types\/post"}],"author":[{"embeddable":true,"href":"https:\/\/armstrongyregion.com.ar\/diario\/wp-json\/wp\/v2\/users\/1"}],"replies":[{"embeddable":true,"href":"https:\/\/armstrongyregion.com.ar\/diario\/wp-json\/wp\/v2\/comments?post=43686"}],"version-history":[{"count":1,"href":"https:\/\/armstrongyregion.com.ar\/diario\/wp-json\/wp\/v2\/posts\/43686\/revisions"}],"predecessor-version":[{"id":43688,"href":"https:\/\/armstrongyregion.com.ar\/diario\/wp-json\/wp\/v2\/posts\/43686\/revisions\/43688"}],"wp:featuredmedia":[{"embeddable":true,"href":"https:\/\/armstrongyregion.com.ar\/diario\/wp-json\/wp\/v2\/media\/43687"}],"wp:attachment":[{"href":"https:\/\/armstrongyregion.com.ar\/diario\/wp-json\/wp\/v2\/media?parent=43686"}],"wp:term":[{"taxonomy":"category","embeddable":true,"href":"https:\/\/armstrongyregion.com.ar\/diario\/wp-json\/wp\/v2\/categories?post=43686"},{"taxonomy":"post_tag","embeddable":true,"href":"https:\/\/armstrongyregion.com.ar\/diario\/wp-json\/wp\/v2\/tags?post=43686"}],"curies":[{"name":"wp","href":"https:\/\/api.w.org\/{rel}","templated":true}]}}