{"id":43683,"date":"2024-08-11T00:30:14","date_gmt":"2024-08-11T00:30:14","guid":{"rendered":"https:\/\/armstrongyregion.com.ar\/diario\/?p=43683"},"modified":"2024-08-11T00:30:16","modified_gmt":"2024-08-11T00:30:16","slug":"ciancio-discutir-las-politicas-sanitarias-en-la-region-centro-es-nuestra-fortaleza","status":"publish","type":"post","link":"https:\/\/armstrongyregion.com.ar\/diario\/ciancio-discutir-las-politicas-sanitarias-en-la-region-centro-es-nuestra-fortaleza\/","title":{"rendered":"Ciancio: \u201cDiscutir las pol\u00edticas sanitarias en la Regi\u00f3n Centro es nuestra fortaleza\u201d"},"content":{"rendered":"\n<figure class=\"wp-block-image size-full\"><a href=\"http:\/\/armstrongyregion.com.ar\/diario\/wp-content\/uploads\/2024\/08\/ciancio-.jpg\"><img loading=\"lazy\" decoding=\"async\" width=\"640\" height=\"427\" src=\"http:\/\/armstrongyregion.com.ar\/diario\/wp-content\/uploads\/2024\/08\/ciancio-.jpg\" alt=\"\" class=\"wp-image-43684\" srcset=\"https:\/\/armstrongyregion.com.ar\/diario\/wp-content\/uploads\/2024\/08\/ciancio-.jpg 640w, https:\/\/armstrongyregion.com.ar\/diario\/wp-content\/uploads\/2024\/08\/ciancio--300x200.jpg 300w\" sizes=\"auto, (max-width: 640px) 100vw, 640px\" \/><\/a><\/figure>\n\n\n\n<h2 class=\"wp-block-heading\">En el marco de una nueva reuni\u00f3n de la Mesa Permanente de Salud, la ministra provincial, junto con sus pares de Entre R\u00edos y C\u00f3rdoba, resalt\u00f3 los avances del trabajo conjunto del bloque regional, que se destaca a nivel nacional por la planificaci\u00f3n de estrategias sanitarias.<\/h2>\n\n\n\n<p>La ministra de Salud de la Provincia, Silvia Ciancio, junto con sus pares de C\u00f3rdoba, Ricardo Pieckenstainer, y de Entre R\u00edos, Guillermo Grieve; particip\u00f3 este viernes en Paran\u00e1 de una nueva reuni\u00f3n de la Mesa Permanente de Salud de la Regi\u00f3n Centro, donde se analizaron pol\u00edticas p\u00fablicas comunes del \u00e1rea. El encuentro, llevado a cabo en el Centro Provincial de Convenciones, fue encabezado por el gobernador de Entre R\u00edos, Rogelio Frigerio junto a la vicegobernadora Alicia Aluani.&nbsp;<\/p>\n\n\n\n<p>En declaraciones a la prensa, Ciancio destac\u00f3 que \u201cla Regi\u00f3n Centro es una gran fortaleza. Las tres provincias tenemos la certidumbre de trabajar juntas y discutir pol\u00edticas p\u00fablicas sanitarias. Esto tiene que ver con la decisi\u00f3n pol\u00edtica de los tres gobernadores del bloque, y a eso lo quiero celebrar\u201d, remarc\u00f3.<\/p>\n\n\n\n<p>Respecto de la posibilidad de incorporar la vacuna contra el dengue al calendario nacional, la funcionaria aclar\u00f3 que \u201cno es potestad de las provincias. Sobre este tema no hay respuestas concretas del Gobierno nacional como en otros temas del \u00e1rea\u201d, afirm\u00f3.<\/p>\n\n\n\n<p>Finalmente, en relaci\u00f3n con la problem\u00e1tica de la falta de profesionales en la salud p\u00fablica, Ciancio destac\u00f3 que \u201clas tres provincias estamos trabajando con diferentes herramientas y queremos utilizarlas de manera conjunta. Tenemos que pensar en marcos normativos jur\u00eddicos y analizar por qu\u00e9 hay especialidades que no se est\u00e1n cubriendo al momento de ingresar a las residencias; y por qu\u00e9, en Santa Fe, tenemos concentraci\u00f3n de profesionales en las grandes ciudades en detrimento del resto. Tenemos muchas coincidencias entre las tres provincias respecto de c\u00f3mo desarrollar tareas conjuntamente y encontrar soluciones comunes\u201d, concluy\u00f3.&nbsp;<\/p>\n\n\n\n<p>Por su parte, el ministro de Salud de C\u00f3rdoba, Ricardo Pieckenstainer, se\u00f1al\u00f3 que la Mesa Permanente de Salud, instancia de di\u00e1logo y reflexi\u00f3n sobre pol\u00edticas de salud p\u00fablica, \u201ces el resultado de la iniciativa de los tres gobernadores (de Santa Fe, Maximiliano Pullaro; de Entre R\u00edos, Rogelio Frigerio; y de C\u00f3rdoba, Mart\u00edn Llaryora), con el objetivo de estar adelante de las circunstancias que vamos a afrontar durante el pr\u00f3ximo verano\u201d, en alusi\u00f3n a la lucha contra el dengue.&nbsp;<\/p>\n\n\n\n<p>\u201cEstamos esperando directivas claras del Gobierno nacional para conocer las estrategias al respecto, que nos van a involucrar como al resto del pa\u00eds, y que tienen que ser coordinadas, lideradas y guiadas por Naci\u00f3n\u201d, mencion\u00f3. No obstante, asegur\u00f3 que \u201csi esas directivas no est\u00e1n, los tres ministros de la Regi\u00f3n Centro tenemos la firme convicci\u00f3n de estar a la altura de las circunstancias, en tiempo y forma, para responder a la eventual contingencia que exista. Es necesario reforzar un plan nacional de vacunaci\u00f3n que se viene cayendo; saber cu\u00e1les ser\u00e1n la l\u00edneas de sanidad que Naci\u00f3n quiere que las jurisdicciones comiencen a trabajar; cu\u00e1les ser\u00e1n las pol\u00edticas para el acceso a la salud mental, para tratar las adicciones, entre otros planteos\u201d, se\u00f1al\u00f3 Pieckenstainer.<\/p>\n\n\n\n<p><strong>Compromiso<\/strong><\/p>\n\n\n\n<p>En tanto, Grieve, valor\u00f3 la posibilidad de \u201canalizar conjuntamente temas muy importantes como la compra centralizada de insumos y medicamentos; la vacunaci\u00f3n contra el dengue; y el d\u00e9ficit de profesionales de la salud, entre otros\u201d.&nbsp;<\/p>\n\n\n\n<p>Previamente, el gobernador Frigerio, ratific\u00f3 el compromiso de los tres gobernadores de la Regi\u00f3n Centro de \u201ctrabajar en todas las \u00e1reas de manera conjunta.&nbsp;<\/p>\n\n\n\n<p>Espec\u00edficamente, en materia de salud, el mandatario entrerriano expres\u00f3 que \u201ces necesario dialogar sobre los programas provinciales de salud; la Ley de autogesti\u00f3n de hospitales, que es necesaria y urgente; la falta de profesionales en algunas especialidades, lo cual es un problema a nivel nacional, y las cargas horarias; la transparencia en los procesos de compra de insumos y medicamentos, en el marco de la peor crisis econ\u00f3mica que estamos atravesando\u201d, detall\u00f3.<\/p>\n\n\n\n<p>De la actividad participaron tambi\u00e9n de la Mesa Ejecutiva de la Regi\u00f3n Centro, Claudia Giaccone, por Santa Fe; Jorge Chemes, por Entre R\u00edos; junto con integrantes de los equipos t\u00e9cnicos del \u00e1rea de Salud de las tres provincias.<\/p>\n\n\n\n<p><strong>Agenda de trabajo<\/strong><\/p>\n\n\n\n<p>La Mesa Permanente de Salud se constituy\u00f3 a comienzos de junio, en Rosario, a partir de una agenda com\u00fan de las tres provincias que integran la Regi\u00f3n Centro, con el compromiso de afianzar el trabajo articulado y la planificaci\u00f3n de acciones concretas. El pr\u00f3ximo encuentro se llevar\u00e1 a cabo en el mes de noviembre, en la ciudad de C\u00f3rdoba.<\/p>\n","protected":false},"excerpt":{"rendered":"<p>Ciancio: \u201cDiscutir las pol\u00edticas sanitarias en la Regi\u00f3n Centro es nuestra fortaleza\u201d<\/p>\n","protected":false},"author":1,"featured_media":43684,"comment_status":"open","ping_status":"open","sticky":false,"template":"","format":"image","meta":{"_jetpack_memberships_contains_paid_content":false,"footnotes":"","jetpack_publicize_message":"","jetpack_publicize_feature_enabled":true,"jetpack_social_post_already_shared":true,"jetpack_social_options":{"image_generator_settings":{"template":"highway","default_image_id":0,"enabled":false},"version":2}},"categories":[8,1,2,7,3],"tags":[10939,10721,3614,15,31,23,8777,3084,10515,10193],"class_list":["post-43683","post","type-post","status-publish","format-image","has-post-thumbnail","hentry","category-deliberando","category-diario-armstrong","category-locales","category-politica","category-region","tag-ciancio","tag-diario-armstrong-region","tag-discutir","tag-en","tag-la","tag-las","tag-lic-graciela-de-la-casa","tag-politicas","tag-region-centro","tag-sanitarias","post_format-post-format-image"],"jetpack_publicize_connections":[],"jetpack_featured_media_url":"https:\/\/armstrongyregion.com.ar\/diario\/wp-content\/uploads\/2024\/08\/ciancio-.jpg","jetpack_shortlink":"https:\/\/wp.me\/p62QDO-bmz","jetpack_sharing_enabled":true,"amp_enabled":true,"_links":{"self":[{"href":"https:\/\/armstrongyregion.com.ar\/diario\/wp-json\/wp\/v2\/posts\/43683","targetHints":{"allow":["GET"]}}],"collection":[{"href":"https:\/\/armstrongyregion.com.ar\/diario\/wp-json\/wp\/v2\/posts"}],"about":[{"href":"https:\/\/armstrongyregion.com.ar\/diario\/wp-json\/wp\/v2\/types\/post"}],"author":[{"embeddable":true,"href":"https:\/\/armstrongyregion.com.ar\/diario\/wp-json\/wp\/v2\/users\/1"}],"replies":[{"embeddable":true,"href":"https:\/\/armstrongyregion.com.ar\/diario\/wp-json\/wp\/v2\/comments?post=43683"}],"version-history":[{"count":1,"href":"https:\/\/armstrongyregion.com.ar\/diario\/wp-json\/wp\/v2\/posts\/43683\/revisions"}],"predecessor-version":[{"id":43685,"href":"https:\/\/armstrongyregion.com.ar\/diario\/wp-json\/wp\/v2\/posts\/43683\/revisions\/43685"}],"wp:featuredmedia":[{"embeddable":true,"href":"https:\/\/armstrongyregion.com.ar\/diario\/wp-json\/wp\/v2\/media\/43684"}],"wp:attachment":[{"href":"https:\/\/armstrongyregion.com.ar\/diario\/wp-json\/wp\/v2\/media?parent=43683"}],"wp:term":[{"taxonomy":"category","embeddable":true,"href":"https:\/\/armstrongyregion.com.ar\/diario\/wp-json\/wp\/v2\/categories?post=43683"},{"taxonomy":"post_tag","embeddable":true,"href":"https:\/\/armstrongyregion.com.ar\/diario\/wp-json\/wp\/v2\/tags?post=43683"}],"curies":[{"name":"wp","href":"https:\/\/api.w.org\/{rel}","templated":true}]}}