{"id":43677,"date":"2024-08-08T21:50:47","date_gmt":"2024-08-08T21:50:47","guid":{"rendered":"https:\/\/armstrongyregion.com.ar\/diario\/?p=43677"},"modified":"2024-08-08T21:50:51","modified_gmt":"2024-08-08T21:50:51","slug":"emi-gramigna-quiero-dejar-un-legado-de-trabajo-respeto-y-honestidad","status":"publish","type":"post","link":"https:\/\/armstrongyregion.com.ar\/diario\/emi-gramigna-quiero-dejar-un-legado-de-trabajo-respeto-y-honestidad\/","title":{"rendered":"Emi Gramigna: \u201cQuiero dejar un legado de trabajo, respeto y honestidad\u201d"},"content":{"rendered":"\n<figure class=\"wp-block-image size-large\"><a href=\"http:\/\/armstrongyregion.com.ar\/diario\/wp-content\/uploads\/2024\/08\/Emi-Gramigna-seguridad-6-8-24-1-1.jpg\"><img loading=\"lazy\" decoding=\"async\" width=\"1024\" height=\"683\" src=\"http:\/\/armstrongyregion.com.ar\/diario\/wp-content\/uploads\/2024\/08\/Emi-Gramigna-seguridad-6-8-24-1-1-1024x683.jpg\" alt=\"\" class=\"wp-image-43678\" srcset=\"https:\/\/armstrongyregion.com.ar\/diario\/wp-content\/uploads\/2024\/08\/Emi-Gramigna-seguridad-6-8-24-1-1-1024x683.jpg 1024w, https:\/\/armstrongyregion.com.ar\/diario\/wp-content\/uploads\/2024\/08\/Emi-Gramigna-seguridad-6-8-24-1-1-300x200.jpg 300w, https:\/\/armstrongyregion.com.ar\/diario\/wp-content\/uploads\/2024\/08\/Emi-Gramigna-seguridad-6-8-24-1-1-768x512.jpg 768w, https:\/\/armstrongyregion.com.ar\/diario\/wp-content\/uploads\/2024\/08\/Emi-Gramigna-seguridad-6-8-24-1-1.jpg 1040w\" sizes=\"auto, (max-width: 1024px) 100vw, 1024px\" \/><\/a><\/figure>\n\n\n\n<p>\u00a0Emiliano Gramigna dialog\u00f3 con medios de comunicaci\u00f3n de cara a las elecciones del pr\u00f3ximo domingo y manifest\u00f3 que va a ser un intendente dedicado tiempo completo a mejorar la calidad de vida de la gente. El candidato a intendente de Cambia Armstrong agradeci\u00f3 a las vecinas y vecinos por el recibimiento que tuvo en cada hogar y lugar que visit\u00f3 durante esta campa\u00f1a. <\/p>\n\n\n\n<p>\u201cTrabajo y me levanto todos los d\u00edas pensando qu\u00e9 puedo hacer para que la ciudad est\u00e9 mejor\u201d, cont\u00f3. Emi Gramigna se siente orgulloso de ser armstronense y, en ese sentido, sostuvo que va a ser un intendente dispuesto a hablar con la gente todos los d\u00edas, con un municipio de puertas abiertas donde los vecinos puedan ser parte de la gesti\u00f3n.<\/p>\n\n\n\n<p> \u201cNo solamente voy a ponerle el cuerpo, sino tambi\u00e9n el alma y el coraz\u00f3n para que Armstrong pueda salir adelante\u201d, agreg\u00f3. \u201cEs la ciudad que amo. Es donde nac\u00ed y donde voy a morir. Es la ciudad donde lo \u00fanico que quiero es dejar un legado de trabajo, respeto y honestidad\u201d, finaliz\u00f3 Gramigna.<\/p>\n","protected":false},"excerpt":{"rendered":"<p>Emi Gramigna: \u201cQuiero dejar un legado de trabajo, respeto y honestidad\u201d<\/p>\n","protected":false},"author":1,"featured_media":43678,"comment_status":"open","ping_status":"open","sticky":false,"template":"","format":"image","meta":{"_jetpack_memberships_contains_paid_content":false,"footnotes":"","jetpack_publicize_message":"","jetpack_publicize_feature_enabled":true,"jetpack_social_post_already_shared":true,"jetpack_social_options":{"image_generator_settings":{"template":"highway","default_image_id":0,"enabled":false},"version":2}},"categories":[8,1,2,7,3],"tags":[19,2061,9423,10937,8777,9534,2149,1066],"class_list":["post-43677","post","type-post","status-publish","format-image","has-post-thumbnail","hentry","category-deliberando","category-diario-armstrong","category-locales","category-politica","category-region","tag-de","tag-dejar","tag-emiliano-gramigna","tag-honestidad-2","tag-lic-graciela-de-la-casa","tag-quiero","tag-respeto","tag-trabajo","post_format-post-format-image"],"jetpack_publicize_connections":[],"jetpack_featured_media_url":"https:\/\/armstrongyregion.com.ar\/diario\/wp-content\/uploads\/2024\/08\/Emi-Gramigna-seguridad-6-8-24-1-1.jpg","jetpack_shortlink":"https:\/\/wp.me\/p62QDO-bmt","jetpack_sharing_enabled":true,"amp_enabled":true,"_links":{"self":[{"href":"https:\/\/armstrongyregion.com.ar\/diario\/wp-json\/wp\/v2\/posts\/43677","targetHints":{"allow":["GET"]}}],"collection":[{"href":"https:\/\/armstrongyregion.com.ar\/diario\/wp-json\/wp\/v2\/posts"}],"about":[{"href":"https:\/\/armstrongyregion.com.ar\/diario\/wp-json\/wp\/v2\/types\/post"}],"author":[{"embeddable":true,"href":"https:\/\/armstrongyregion.com.ar\/diario\/wp-json\/wp\/v2\/users\/1"}],"replies":[{"embeddable":true,"href":"https:\/\/armstrongyregion.com.ar\/diario\/wp-json\/wp\/v2\/comments?post=43677"}],"version-history":[{"count":1,"href":"https:\/\/armstrongyregion.com.ar\/diario\/wp-json\/wp\/v2\/posts\/43677\/revisions"}],"predecessor-version":[{"id":43679,"href":"https:\/\/armstrongyregion.com.ar\/diario\/wp-json\/wp\/v2\/posts\/43677\/revisions\/43679"}],"wp:featuredmedia":[{"embeddable":true,"href":"https:\/\/armstrongyregion.com.ar\/diario\/wp-json\/wp\/v2\/media\/43678"}],"wp:attachment":[{"href":"https:\/\/armstrongyregion.com.ar\/diario\/wp-json\/wp\/v2\/media?parent=43677"}],"wp:term":[{"taxonomy":"category","embeddable":true,"href":"https:\/\/armstrongyregion.com.ar\/diario\/wp-json\/wp\/v2\/categories?post=43677"},{"taxonomy":"post_tag","embeddable":true,"href":"https:\/\/armstrongyregion.com.ar\/diario\/wp-json\/wp\/v2\/tags?post=43677"}],"curies":[{"name":"wp","href":"https:\/\/api.w.org\/{rel}","templated":true}]}}