{"id":43671,"date":"2024-08-08T21:41:49","date_gmt":"2024-08-08T21:41:49","guid":{"rendered":"https:\/\/armstrongyregion.com.ar\/diario\/?p=43671"},"modified":"2024-08-08T21:41:51","modified_gmt":"2024-08-08T21:41:51","slug":"en-las-rosas-higos-y-manzanas","status":"publish","type":"post","link":"https:\/\/armstrongyregion.com.ar\/diario\/en-las-rosas-higos-y-manzanas\/","title":{"rendered":"En Las Rosas, higos y manzanas."},"content":{"rendered":"\n<figure class=\"wp-block-image size-full\"><a href=\"http:\/\/armstrongyregion.com.ar\/diario\/wp-content\/uploads\/2024\/08\/Dutto-.jpg\"><img loading=\"lazy\" decoding=\"async\" width=\"645\" height=\"452\" src=\"http:\/\/armstrongyregion.com.ar\/diario\/wp-content\/uploads\/2024\/08\/Dutto-.jpg\" alt=\"\" class=\"wp-image-43672\" srcset=\"https:\/\/armstrongyregion.com.ar\/diario\/wp-content\/uploads\/2024\/08\/Dutto-.jpg 645w, https:\/\/armstrongyregion.com.ar\/diario\/wp-content\/uploads\/2024\/08\/Dutto--300x210.jpg 300w\" sizes=\"auto, (max-width: 645px) 100vw, 645px\" \/><\/a><\/figure>\n\n\n\n<h2 class=\"wp-block-heading\">Sergio Dutto y sus hermanos ten\u00edan un campito en Las Rosas al que no le encontraban la vuelta, hasta que dieron con la producci\u00f3n frut\u00edcola de la que hoy viven 3 familias.<\/h2>\n\n\n\n<p>En los \u00faltimos a\u00f1os las condiciones econ\u00f3micas y las pol\u00edticas agropecuarias hicieron que muchos productores de baja escala se vieran obligados a salir del sistema. Alquilaron sus campos, otros los vendieron, y as\u00ed se fueron alejando de la actividad.<\/p>\n\n\n\n<p>Sergio Dutto fue uno de los que se vio ante esa disyuntiva, pero en lugar de bajarse, le encontr\u00f3 la vuelta para seguir produciendo.<\/p>\n\n\n\n<h3 class=\"wp-block-heading\">Algo de historia<\/h3>\n\n\n\n<p>Su campo est\u00e1 ubicado en nuestra ciudad de Las Rosas -departamento Belgrano, Santa Fe-, donde radican muchas de las empresas de metalmec\u00e1nica y donde la agricultura extensiva es la que manda.<\/p>\n\n\n\n<p>De lo que generaba ese establecimiento viv\u00edan tres familias, la suya y la de sus hermanos, pero con el paso de los a\u00f1os la renta agr\u00edcola no daba para tanto. Probaron con la producci\u00f3n de soja y luego sumaron un peque\u00f1o feedlot que no pudieron agrandar y dejaron de lado.<\/p>\n\n\n\n<p><em>\u201cNo le encontr\u00e1bamos la pata a la sota. Entonces pensamos en vender el campo e irnos a producir a Catamarca. Llamamos al INTA de esa provincia y nos atendi\u00f3 el ingeniero Antonio Prataviera, un pr\u00f3cer en el ambiente, que nos dijo por qu\u00e9 no hac\u00edamos higos en el campo en lugar de mudarnos, para as\u00ed atender a una industria de Coronda, donde nos dijeron que les llev\u00e1ramos todo el higo que tuvi\u00e9ramos\u201d,&nbsp;<\/em>cuenta el productor santafesino.<\/p>\n\n\n\n<p>Para esa empresa era una soluci\u00f3n, porque la materia prima la ten\u00eda que originar en zonas alejadas de su establecimiento.<\/p>\n\n\n\n<h3 class=\"wp-block-heading\">Los higos<\/h3>\n\n\n\n<p>El ingeniero del INTA les propuso hacer una plantaci\u00f3n de higos para industria, de menor calidad, pero de alta cantidad en una parte del campo familiar.<\/p>\n\n\n\n<p><em>\u201cEs un higo relativamente distinto al de consumo, es un higo de mucha cantidad y poca calidad. No ten\u00edamos mucha fe. Hicimos una plantaci\u00f3n de casi 4 hect\u00e1reas, pusimos 4.500 plantas de higo, en alta densidad, que son 1.100 plantas por hect\u00e1rea. Eso hace que sean bajitas, las cosechamos caminando pero sacamos mucho volumen \u00a0y poca calidad, que es lo que pide la industria\u201d<\/em>, explica Sergio.<\/p>\n\n\n\n<p>Cuenta adem\u00e1s Dutto que en aquel momento surgieron algunos problemas familiares y dificultades comerciales con la industria que les compraba la fruta, por lo que decidieron comenzar a producir higo para consumo, que es de m\u00e1s calidad y agregar adem\u00e1s otros productos como c\u00edtricos y una huerta.&nbsp;<em>\u201cTodo lo que necesita una familia\u201d,<\/em>&nbsp;describe en di\u00e1logo con Bichos de Campo.<\/p>\n\n\n\n<h3 class=\"wp-block-heading\">Las manzanas<\/h3>\n\n\n\n<p>Adem\u00e1s incursionaron en la producci\u00f3n de manzanas. Para ello no buscaron asesoramiento local sino en Brasil donde se est\u00e1 desarrollando esta actividad.<\/p>\n\n\n\n<p><em>\u201cNo es la manzana de la Patagonia. Pero con esto contamos con una alternativa productiva y una oferta m\u00e1s para su consumo interno que antes no ten\u00edamos\u201d,<\/em>&nbsp;narra Dutto.<\/p>\n\n\n\n<p>El resultado de la actividad fue bueno y por eso este a\u00f1o van a crecer 20%, para lo cual ya compraron las plantas de manzanas y de higos necesarias.<\/p>\n\n\n\n<p>A diferencia de lo que sucede en la Patagonia, a esta manzana Dutto la cosecha en el arranque de cada a\u00f1o y coincide con la recolecci\u00f3n del higo que se vende a un precio similar.<\/p>\n\n\n\n<p><em>\u201cTodos los a\u00f1os producimos 3.000 a 4.000 kilos de manzana. Realmente la pampa h\u00fameda y estos cultivos son muy generosos. Siempre te devuelven mucho m\u00e1s y disimulan los errores que uno comente. El higo en ese sentido es maravilloso\u201d<\/em>&nbsp;dijo el productor de Las Rosas.<\/p>\n\n\n\n<h3 class=\"wp-block-heading\">Producci\u00f3n bio-racional<\/h3>\n\n\n\n<p>Adem\u00e1s decidieron hacer una producci\u00f3n bio-racional, lo que significa que no usan productos qu\u00edmicos para el tratamiento de enfermedades, a menos que el riesgo lo amerite. Para reemplazar a los qu\u00edmicos trabajan&nbsp;<em>\u201cmucho con hongos y ahora gracias a Dios hay un mont\u00f3n de laboratorios que te venden todo ese paquete tecnol\u00f3gico. Si en alg\u00fan momento una plaga nos vence, por lo general es la mosca a la fruta, ah\u00ed hacemos la aplicaci\u00f3n con el producto m\u00e1s liviano que hay y en las dosis justas. Bajamos la poblaci\u00f3n y seguimos con el org\u00e1nico. El a\u00f1o pasado tuvimos que hacer eso, pero hac\u00eda 5 a\u00f1os que no aplic\u00e1bamos nada\u201d,<\/em>&nbsp;cuenta.<\/p>\n\n\n\n<p><strong>Fuente y fotos: Bichos de Campo, por Nicol\u00e1s Razzetti \/ Edici\u00f3n: Las Rosas Digital<\/strong><\/p>\n\n\n\n<p><\/p>\n","protected":false},"excerpt":{"rendered":"<p>En Las Rosas, higos y manzanas.<\/p>\n","protected":false},"author":1,"featured_media":43672,"comment_status":"open","ping_status":"open","sticky":false,"template":"","format":"image","meta":{"_jetpack_memberships_contains_paid_content":false,"footnotes":"","jetpack_publicize_message":"","jetpack_publicize_feature_enabled":true,"jetpack_social_post_already_shared":true,"jetpack_social_options":{"image_generator_settings":{"template":"highway","default_image_id":0,"enabled":false},"version":2}},"categories":[8,1,2,2852,7,3],"tags":[10721,15,10933,8883,8777,10934,13],"class_list":["post-43671","post","type-post","status-publish","format-image","has-post-thumbnail","hentry","category-deliberando","category-diario-armstrong","category-locales","category-policiales","category-politica","category-region","tag-diario-armstrong-region","tag-en","tag-higos","tag-las-rosas-2","tag-lic-graciela-de-la-casa","tag-mananas","tag-y","post_format-post-format-image"],"jetpack_publicize_connections":[],"jetpack_featured_media_url":"https:\/\/armstrongyregion.com.ar\/diario\/wp-content\/uploads\/2024\/08\/Dutto-.jpg","jetpack_shortlink":"https:\/\/wp.me\/p62QDO-bmn","jetpack_sharing_enabled":true,"amp_enabled":true,"_links":{"self":[{"href":"https:\/\/armstrongyregion.com.ar\/diario\/wp-json\/wp\/v2\/posts\/43671","targetHints":{"allow":["GET"]}}],"collection":[{"href":"https:\/\/armstrongyregion.com.ar\/diario\/wp-json\/wp\/v2\/posts"}],"about":[{"href":"https:\/\/armstrongyregion.com.ar\/diario\/wp-json\/wp\/v2\/types\/post"}],"author":[{"embeddable":true,"href":"https:\/\/armstrongyregion.com.ar\/diario\/wp-json\/wp\/v2\/users\/1"}],"replies":[{"embeddable":true,"href":"https:\/\/armstrongyregion.com.ar\/diario\/wp-json\/wp\/v2\/comments?post=43671"}],"version-history":[{"count":1,"href":"https:\/\/armstrongyregion.com.ar\/diario\/wp-json\/wp\/v2\/posts\/43671\/revisions"}],"predecessor-version":[{"id":43673,"href":"https:\/\/armstrongyregion.com.ar\/diario\/wp-json\/wp\/v2\/posts\/43671\/revisions\/43673"}],"wp:featuredmedia":[{"embeddable":true,"href":"https:\/\/armstrongyregion.com.ar\/diario\/wp-json\/wp\/v2\/media\/43672"}],"wp:attachment":[{"href":"https:\/\/armstrongyregion.com.ar\/diario\/wp-json\/wp\/v2\/media?parent=43671"}],"wp:term":[{"taxonomy":"category","embeddable":true,"href":"https:\/\/armstrongyregion.com.ar\/diario\/wp-json\/wp\/v2\/categories?post=43671"},{"taxonomy":"post_tag","embeddable":true,"href":"https:\/\/armstrongyregion.com.ar\/diario\/wp-json\/wp\/v2\/tags?post=43671"}],"curies":[{"name":"wp","href":"https:\/\/api.w.org\/{rel}","templated":true}]}}