{"id":43665,"date":"2024-08-08T00:32:38","date_gmt":"2024-08-08T00:32:38","guid":{"rendered":"https:\/\/armstrongyregion.com.ar\/diario\/?p=43665"},"modified":"2024-08-08T00:32:41","modified_gmt":"2024-08-08T00:32:41","slug":"las-rosas-suma-nueva-aula-en-la-escuela-bernardino-rivadavia","status":"publish","type":"post","link":"https:\/\/armstrongyregion.com.ar\/diario\/las-rosas-suma-nueva-aula-en-la-escuela-bernardino-rivadavia\/","title":{"rendered":"Las Rosas suma nueva aula en la Escuela \u00abBernardino Rivadavia\u00bb."},"content":{"rendered":"\n<figure class=\"wp-block-image size-full\"><a href=\"http:\/\/armstrongyregion.com.ar\/diario\/wp-content\/uploads\/2024\/08\/las-Rosas-aula-.jpg\"><img loading=\"lazy\" decoding=\"async\" width=\"564\" height=\"360\" src=\"http:\/\/armstrongyregion.com.ar\/diario\/wp-content\/uploads\/2024\/08\/las-Rosas-aula-.jpg\" alt=\"\" class=\"wp-image-43666\" srcset=\"https:\/\/armstrongyregion.com.ar\/diario\/wp-content\/uploads\/2024\/08\/las-Rosas-aula-.jpg 564w, https:\/\/armstrongyregion.com.ar\/diario\/wp-content\/uploads\/2024\/08\/las-Rosas-aula--300x191.jpg 300w\" sizes=\"auto, (max-width: 564px) 100vw, 564px\" \/><\/a><\/figure>\n\n\n\n<h2 class=\"wp-block-heading\">El intendente Javier Meyer asisti\u00f3 este lunes a la firma con el Gobernador Pullaro de convenios con municipios y comunas, desarrollado en el Sal\u00f3n Blanco de la Casa de Gobierno.<\/h2>\n\n\n\n<p>En el d\u00eda de hoy, el Gobernador Maximiliano Pullaro hizo entrega al Intendente Javier Meyer el convenio enmarcado en el programa \u00abAbre Escuelas\u00bb, que\u00a0tiene como objetivo la construcci\u00f3n de un aula en la Escuela Bernardino Rivadavia de nuestra ciudad.<\/p>\n\n\n\n<p>El mismo fue &nbsp;gestionado por el Intendente junto al Senador Pablo Verdecchia ante el Ministro de Educaci\u00f3n Jose Goity.&nbsp;<\/p>\n\n\n\n<h3 class=\"wp-block-heading\">Programa \u00abAbre Escuelas\u00bb<\/h3>\n\n\n\n<p>El programa Abre Escuelas consta de varios ejes trazados desde el gobierno provincial: el Programa 1.000 Aulas (inversi\u00f3n 2024: 250 aulas, monto estimado 12.500 millones de pesos), Programa m\u00f3dulos de tecnolog\u00eda y conectividad para las escuelas; Intervenciones B\u00e1sicas e Integrales en establecimientos Escolares (con una inversi\u00f3n hasta el momento de 12.000 millones de pesos); y el Aumento de la Asignaci\u00f3n a Comedores escolares y merenderos (se increment\u00f3 un 54%, con un monto mensual total de 4.609 millones de pesos).<\/p>\n\n\n\n<p>El gobernador de Santa Fe, Maximiliano Pullaro, firm\u00f3 este lunes los convenios con municipios y comunas, en el marco del Programa Mil Aulas que busca generar mejor infraestructura escolar para posibilitar que los aprendizajes se desarrollen en contextos adecuados para el alumno. En 2024 se invertir\u00e1n $ 10.000 millones en 250 aulas de toda la provincia.<\/p>\n\n\n\n<p>En el acto, que se desarroll\u00f3 en el Sal\u00f3n Blanco de la Casa de Gobierno, se rubricaron acuerdos para construir 75 nuevas aulas en establecimientos educativos santafesinos, que alcanzan a 63 localidades. Actualmente, ya se encuentran 45 aulas en ejecuci\u00f3n.<\/p>\n\n\n\n<figure class=\"wp-block-image\"><img decoding=\"async\" src=\"https:\/\/lasrosasdigital.com.ar\/download\/multimedia.normal.a9954144fe2025cc.bWV5ZXIgcHVsbGFybyBzYWxvbiBibGFuY29fbm9ybWFsLndlYnA%3D.webp\" alt=\"meyer pullaro salon blanco\"\/><\/figure>\n\n\n\n<h3 class=\"wp-block-heading\">Palabras del Gobernador de Santa Fe<\/h3>\n\n\n\n<p>En ese marco, Pullaro asegur\u00f3 que&nbsp;<em>\u201cla educaci\u00f3n est\u00e1 priorizada dentro de las pol\u00edticas p\u00fablicas en la Provincia de Santa Fe. Por eso tomamos decisiones importantes como el Plan de Alfabetizaci\u00f3n y el Plan Ra\u00edz, que a fin de a\u00f1o vamos a hacer las primeras evaluaciones para saber cu\u00e1les son los indicadores en nuestra provincia. Esa es una definici\u00f3n pol\u00edtica fuerte que hemos tomado porque es poner arriba de la mesa datos, indicadores y estad\u00edsticas que nos permitan saber de d\u00f3nde partimos, pero fundamentalmente tener claro hacia d\u00f3nde queremos llegar\u201d.&nbsp;<br><\/em><br>Adem\u00e1s, el Gobernador se\u00f1al\u00f3:&nbsp;<em>\u201cEntendimos que juntos ten\u00edamos que llevar adelante un programa de construcci\u00f3n de mil aulas en una primera etapa y as\u00ed fue como surgi\u00f3 la posibilidad de llevar adelante este tipo de convenios que hoy estamos materializando con intendentes y presidentes comunales para ampliar la infraestructura educativa en cada punto de nuestra provincia que es lo que queremos hacer\u201d.&nbsp;<\/em><\/p>\n\n\n\n<h3 class=\"wp-block-heading\">Escuelas beneficiadas<\/h3>\n\n\n\n<p>Los establecimientos beneficiados est\u00e1n en los &nbsp;departamentos Rosario, La Capital, San Jer\u00f3nimo, San Justo, Iriondo,&nbsp;<em>Belgrano<\/em>, General L\u00f3pez, San Crist\u00f3bal, 9 de Julio; San Lorenzo; Caseros; Las Colonias; Castellanos; General Obligado; San Mart\u00edn; San Javier; Vera; Constituci\u00f3n; y Garay.<\/p>\n","protected":false},"excerpt":{"rendered":"<p>Las Rosas suma nueva aula en la Escuela \u00abBernardino Rivadavia\u00bb<\/p>\n","protected":false},"author":1,"featured_media":43666,"comment_status":"open","ping_status":"open","sticky":false,"template":"","format":"image","meta":{"_jetpack_memberships_contains_paid_content":false,"footnotes":"","jetpack_publicize_message":"","jetpack_publicize_feature_enabled":true,"jetpack_social_post_already_shared":true,"jetpack_social_options":{"image_generator_settings":{"template":"highway","default_image_id":0,"enabled":false},"version":2}},"categories":[6,8,1,2,7,3],"tags":[950,10930,10721,744,8883,8777,1771,192],"class_list":["post-43665","post","type-post","status-publish","format-image","has-post-thumbnail","hentry","category-cultura-entretenimiento","category-deliberando","category-diario-armstrong","category-locales","category-politica","category-region","tag-aula","tag-bernardino-rivadavia","tag-diario-armstrong-region","tag-escuela","tag-las-rosas-2","tag-lic-graciela-de-la-casa","tag-suma","tag-un","post_format-post-format-image"],"jetpack_publicize_connections":[],"jetpack_featured_media_url":"https:\/\/armstrongyregion.com.ar\/diario\/wp-content\/uploads\/2024\/08\/las-Rosas-aula-.jpg","jetpack_shortlink":"https:\/\/wp.me\/p62QDO-bmh","jetpack_sharing_enabled":true,"amp_enabled":true,"_links":{"self":[{"href":"https:\/\/armstrongyregion.com.ar\/diario\/wp-json\/wp\/v2\/posts\/43665","targetHints":{"allow":["GET"]}}],"collection":[{"href":"https:\/\/armstrongyregion.com.ar\/diario\/wp-json\/wp\/v2\/posts"}],"about":[{"href":"https:\/\/armstrongyregion.com.ar\/diario\/wp-json\/wp\/v2\/types\/post"}],"author":[{"embeddable":true,"href":"https:\/\/armstrongyregion.com.ar\/diario\/wp-json\/wp\/v2\/users\/1"}],"replies":[{"embeddable":true,"href":"https:\/\/armstrongyregion.com.ar\/diario\/wp-json\/wp\/v2\/comments?post=43665"}],"version-history":[{"count":1,"href":"https:\/\/armstrongyregion.com.ar\/diario\/wp-json\/wp\/v2\/posts\/43665\/revisions"}],"predecessor-version":[{"id":43667,"href":"https:\/\/armstrongyregion.com.ar\/diario\/wp-json\/wp\/v2\/posts\/43665\/revisions\/43667"}],"wp:featuredmedia":[{"embeddable":true,"href":"https:\/\/armstrongyregion.com.ar\/diario\/wp-json\/wp\/v2\/media\/43666"}],"wp:attachment":[{"href":"https:\/\/armstrongyregion.com.ar\/diario\/wp-json\/wp\/v2\/media?parent=43665"}],"wp:term":[{"taxonomy":"category","embeddable":true,"href":"https:\/\/armstrongyregion.com.ar\/diario\/wp-json\/wp\/v2\/categories?post=43665"},{"taxonomy":"post_tag","embeddable":true,"href":"https:\/\/armstrongyregion.com.ar\/diario\/wp-json\/wp\/v2\/tags?post=43665"}],"curies":[{"name":"wp","href":"https:\/\/api.w.org\/{rel}","templated":true}]}}