{"id":43660,"date":"2024-08-08T00:22:46","date_gmt":"2024-08-08T00:22:46","guid":{"rendered":"https:\/\/armstrongyregion.com.ar\/diario\/?p=43660"},"modified":"2024-08-08T00:24:57","modified_gmt":"2024-08-08T00:24:57","slug":"armstrong-masiva-e-inedita-jornada-dedicada-a-la-aplicacion-de-fitosanitarios-en-santa-fe","status":"publish","type":"post","link":"https:\/\/armstrongyregion.com.ar\/diario\/armstrong-masiva-e-inedita-jornada-dedicada-a-la-aplicacion-de-fitosanitarios-en-santa-fe\/","title":{"rendered":"Armstrong: masiva e in\u00e9dita jornada dedicada a la aplicaci\u00f3n de fitosanitarios en Santa Fe."},"content":{"rendered":"\n<figure class=\"wp-block-image size-full\"><a href=\"http:\/\/armstrongyregion.com.ar\/diario\/wp-content\/uploads\/2024\/08\/agronomos-.jpg\"><img loading=\"lazy\" decoding=\"async\" width=\"645\" height=\"486\" src=\"http:\/\/armstrongyregion.com.ar\/diario\/wp-content\/uploads\/2024\/08\/agronomos-.jpg\" alt=\"\" class=\"wp-image-43661\" srcset=\"https:\/\/armstrongyregion.com.ar\/diario\/wp-content\/uploads\/2024\/08\/agronomos-.jpg 645w, https:\/\/armstrongyregion.com.ar\/diario\/wp-content\/uploads\/2024\/08\/agronomos--300x226.jpg 300w\" sizes=\"auto, (max-width: 645px) 100vw, 645px\" \/><\/a><\/figure>\n\n\n\n<h2 class=\"wp-block-heading\">Desde la creaci\u00f3n del Grupo Aplicadores Crea Santa Fe, se organiz\u00f3 una Jornada de Capacitaci\u00f3n donde se abordaron los problemas t\u00e9cnicos y de funcionamiento de los aplicadores.<\/h2>\n\n\n\n<p>Con 400 asistentes se colmaron las instalaciones de lo que fue la primera Jornada de capacitaci\u00f3n de un Grupo CREA \u00a0para aplicadores en el pa\u00eds. Un evento de gran valor agron\u00f3mico que adem\u00e1s abord\u00f3 los problemas de funcionamiento por las normas que rigen sobre la situaci\u00f3n del transporte nocturno que afecta a la actividad.\u00a0\u00a0<\/p>\n\n\n\n<p>El CREA Aplicadores tiene hoy como presidente a Hern\u00e1n Capponi de Las Rosas:&nbsp;<em>\u201ctodo surgi\u00f3 con una propuesta de los colegas Santiago Gallo Coordinador CREA y Horacio Tomassoni de CREA Colonia Medici. Hoy constituimos el primer grupo CREA Aplicadores del pa\u00eds. Hoy queremos resolver dos temas, uno es la circulaci\u00f3n nocturna que afecta la actividad y el segundo es estar m\u00e1s cerca del asesor y del productor que hoy nos acompa\u00f1an en este evento\u201d&nbsp;<\/em>coment\u00f3.&nbsp;<\/p>\n\n\n\n<h3 class=\"wp-block-heading\">Los temas agron\u00f3micos:&nbsp;<\/h3>\n\n\n\n<p>Para abordar la problem\u00e1tica de las mezclas de tanque se present\u00f3 el Dr Cs. Agrarias Alejandro Brunori del INTA Marcos Ju\u00e1rez-UNVM quien explic\u00f3: \u201c<em>Son muchos los errores que se pueden cometer durante la preparaci\u00f3n del caldo en los tanques. La dificultad en el control de malezas, plagas o enfermedades cada vez es m\u00e1s frecuente la mezcla de productos sist\u00e9micos, de contacto, pre emergente y post emergentes. Esto amerita que tener en claro la compatibilidad de esos productos para no tener problemas con las boquillas y los filtros. Todo comienza con una buena limpieza de tanque para evitar que queden en \u00e9l residuos incrustados que contaminen las aplicaciones. Hoy hablamos de los diferentes factores que determinan el \u00e9xito de una mezcla de tanque y son: ph de agua, dureza de agua, volumen de agua por aplicaci\u00f3n, orden de mezclado y tipo de producto\u201d,<\/em>&nbsp;sostuvo.&nbsp;<\/p>\n\n\n\n<p>Seguidamente el Ing. Agr. Mariano Luna especialista en aplicaciones de fitosanitarios \u200b\u00a0de INTA Pergamino, se refiri\u00f3 a las boquillas que no pueden faltar.\u00a0<em>\u201cPresentamos los tips que hay que mirar para elegir la boquilla que debemos usar. Esto est\u00e1 determinado por el tama\u00f1o de gota y el volumen de aplicaci\u00f3n. Es cierto que \u00a0detr\u00e1s de eso hay otras variables como velocidad, presi\u00f3n o distancia entre boquillas. Todo influye pero el tama\u00f1o de gota es una de las claves para llegar al objetivo. Tambi\u00e9n es importante determinar a d\u00f3nde debo llegar con la aplicaci\u00f3n, por ejemplo si tengo que controlar una maleza muy chica debajo del rastrojo de ma\u00edz, debo elegir entre boquillas de doble abanico plano mientras que en caso donde la malea est\u00e1 m\u00e1s accesible se puede usar boquillas de cono hueco\u201d<\/em>\u00a0aclar\u00f3.\u00a0\u00a0<\/p>\n\n\n\n<p>Para referirse a aplicaciones selectivas fue invitado el lng. Agr. Luciano Ascheri, asesor privado y especialista en el tema quien sostuvo:&nbsp;<em>\u201cVeo una gran ventaja en la aplicaci\u00f3n selectiva ante malezas resistentes y malezas que sean de dif\u00edcil acceso para la aplicaci\u00f3n. La aplicaci\u00f3n selectiva cuenta con sensores para detectar la maleza en el suelo y aplicar s\u00f3lo sobre ella. Esta metodolog\u00eda no s\u00f3lo permite ser mucho m\u00e1s efectivo en el control sino que adem\u00e1s permite altos % de ahorro en la cantidad de producto a aplicar lo cual es importante en la ecuaci\u00f3n econ\u00f3mica y en el impacto ambiental ya que no existe la deriva y se usan pocos litros y adem\u00e1s tiene grandes ventajas log\u00edsticas\u201d,&nbsp;<\/em>dispar\u00f3.&nbsp;<\/p>\n\n\n\n<figure class=\"wp-block-image\"><img decoding=\"async\" src=\"https:\/\/lasrosasdigital.com.ar\/download\/multimedia.normal.8069ba82b6fda560.amF0IGFwbGljYWRvcmVzX25vcm1hbC53ZWJw.webp\" alt=\"jat aplicadores\"\/><\/figure>\n\n\n\n<h3 class=\"wp-block-heading\">El \u201cproblema\u201d normativo para aplicar de noche:<\/h3>\n\n\n\n<p>&nbsp;Con la presencia del Ing. Agr. Dami\u00e1n Scarabotti Director del departamento de \u200bAgricultura y Desarrollo Forestal \u200bde la provincia de Santa Fe, se elev\u00f3 un petitorio para solicitar que los aplicadores puedan circular de noche para poder llevar adelante su labor. Seg\u00fan explic\u00f3 el Ing. Agr. Rom\u00e1n Dom\u00ednguez Coordinar de Crea Sur de Santa Fe:&nbsp;<em>\u201cSi hablamos de buenas pr\u00e1ctica agr\u00edcolas, el atardecer, la noche y el amanecer son los mejores momentos para aplicar, todos los especialistas recomiendan estas horas para trabajar, pero claramente colisiona con lo que reglamenta la Ley Nacional de transporte que impide la circulaci\u00f3n de estos equipos en esos horarios\u201d<\/em>&nbsp;aclar\u00f3.&nbsp;&nbsp;<\/p>\n\n\n\n<p>Sobre el tema el Ing. Scarabotti sostuvo:&nbsp;<em>\u201cSoy un peque\u00f1o productor Crea de la zona de San Genaro y el esp\u00edritu de nuestra gesti\u00f3n es lograr m\u00e1s producci\u00f3n con m\u00e1s productores. Sobre el problema de la circulaci\u00f3n nocturna de equipos de aplicaci\u00f3n es cierto que la normativa proh\u00edbe la movilidad y se contradice con lo que se recomienda para las aplicaciones. Eso es un tema legal y lo tiene que ver nuestro equipo legislativo. La idea e irnos de aqu\u00ed hoy con la inquietud de abordar el problema y llevar esta propuesta para ver c\u00f3mo podemos trazar un punto medio entre la situaci\u00f3n actual y lo que necesitan los productores\u201d.&nbsp;<\/em><\/p>\n\n\n\n<h3 class=\"wp-block-heading\">Din\u00e1mica a campo:&nbsp;<\/h3>\n\n\n\n<p>La Jornada cont\u00f3 con tres estaciones de salida a campo donde se presentaron aplicaciones dirigidas sobre malezas dif\u00edciles, nuevas tecnolog\u00edas de aplicaci\u00f3n con grandes equipos en acci\u00f3n donde se pudo ver los detalles de cada botal\u00f3n y cada sistema, y aplicaci\u00f3n con drones en acci\u00f3n. Sobre este \u00faltimo punto el lng. Agr. Eduardo Vita Coordinador de desarrollo rural \u200ben INTA Olivero y JTP en la catedra de terap\u00e9utica \u200bvegetal de la FCA-UNR\u00a0explic\u00f3:\u00a0<em>\u201cLos drones son una herramienta m\u00e1s que viene a sumarse al parque de maquinarias y pueden ser muy \u00fatiles para manchones o diferentes circunstancias. Estamos generando protocolos en INTA a nivel nacional para validar el funcionamiento de los equipos\u00bb.<\/em><\/p>\n\n\n\n<p>Fuente: Las Rosas Digital.<\/p>\n","protected":false},"excerpt":{"rendered":"<p>Armstrong: masiva e in\u00e9dita jornada dedicada a la aplicaci\u00f3n de fitosanitarios en Santa Fe.<\/p>\n","protected":false},"author":1,"featured_media":43661,"comment_status":"open","ping_status":"open","sticky":false,"template":"","format":"image","meta":{"_jetpack_memberships_contains_paid_content":false,"footnotes":"","jetpack_publicize_message":"","jetpack_publicize_feature_enabled":true,"jetpack_social_post_already_shared":true,"jetpack_social_options":{"image_generator_settings":{"template":"highway","default_image_id":0,"enabled":false},"version":2}},"categories":[8,1,7,3],"tags":[33,9929,20,5030,10929,1291,8777,10928,118],"class_list":["post-43660","post","type-post","status-publish","format-image","has-post-thumbnail","hentry","category-deliberando","category-diario-armstrong","category-politica","category-region","tag-a","tag-aplicacion","tag-armstrong","tag-diario-armstrong","tag-fitosanitarios","tag-jornada","tag-lic-graciela-de-la-casa","tag-masiva","tag-sobre","post_format-post-format-image"],"jetpack_publicize_connections":[],"jetpack_featured_media_url":"https:\/\/armstrongyregion.com.ar\/diario\/wp-content\/uploads\/2024\/08\/agronomos-.jpg","jetpack_shortlink":"https:\/\/wp.me\/p62QDO-bmc","jetpack_sharing_enabled":true,"amp_enabled":true,"_links":{"self":[{"href":"https:\/\/armstrongyregion.com.ar\/diario\/wp-json\/wp\/v2\/posts\/43660","targetHints":{"allow":["GET"]}}],"collection":[{"href":"https:\/\/armstrongyregion.com.ar\/diario\/wp-json\/wp\/v2\/posts"}],"about":[{"href":"https:\/\/armstrongyregion.com.ar\/diario\/wp-json\/wp\/v2\/types\/post"}],"author":[{"embeddable":true,"href":"https:\/\/armstrongyregion.com.ar\/diario\/wp-json\/wp\/v2\/users\/1"}],"replies":[{"embeddable":true,"href":"https:\/\/armstrongyregion.com.ar\/diario\/wp-json\/wp\/v2\/comments?post=43660"}],"version-history":[{"count":2,"href":"https:\/\/armstrongyregion.com.ar\/diario\/wp-json\/wp\/v2\/posts\/43660\/revisions"}],"predecessor-version":[{"id":43664,"href":"https:\/\/armstrongyregion.com.ar\/diario\/wp-json\/wp\/v2\/posts\/43660\/revisions\/43664"}],"wp:featuredmedia":[{"embeddable":true,"href":"https:\/\/armstrongyregion.com.ar\/diario\/wp-json\/wp\/v2\/media\/43661"}],"wp:attachment":[{"href":"https:\/\/armstrongyregion.com.ar\/diario\/wp-json\/wp\/v2\/media?parent=43660"}],"wp:term":[{"taxonomy":"category","embeddable":true,"href":"https:\/\/armstrongyregion.com.ar\/diario\/wp-json\/wp\/v2\/categories?post=43660"},{"taxonomy":"post_tag","embeddable":true,"href":"https:\/\/armstrongyregion.com.ar\/diario\/wp-json\/wp\/v2\/tags?post=43660"}],"curies":[{"name":"wp","href":"https:\/\/api.w.org\/{rel}","templated":true}]}}