{"id":43657,"date":"2024-08-08T00:17:29","date_gmt":"2024-08-08T00:17:29","guid":{"rendered":"https:\/\/armstrongyregion.com.ar\/diario\/?p=43657"},"modified":"2024-08-08T00:17:30","modified_gmt":"2024-08-08T00:17:30","slug":"pullaro-la-region-centro-es-pujante-productiva-y-marcara-el-rumbo-y-el-cambio-en-nuestro-pais","status":"publish","type":"post","link":"https:\/\/armstrongyregion.com.ar\/diario\/pullaro-la-region-centro-es-pujante-productiva-y-marcara-el-rumbo-y-el-cambio-en-nuestro-pais\/","title":{"rendered":"Pullaro: \u201cLa Regi\u00f3n Centro es pujante, productiva y marcar\u00e1 el rumbo y el cambio en nuestro pa\u00eds\u201d"},"content":{"rendered":"\n<figure class=\"wp-block-image size-full\"><a href=\"http:\/\/armstrongyregion.com.ar\/diario\/wp-content\/uploads\/2024\/08\/Pullaro-234-.jpg\"><img loading=\"lazy\" decoding=\"async\" width=\"800\" height=\"531\" src=\"http:\/\/armstrongyregion.com.ar\/diario\/wp-content\/uploads\/2024\/08\/Pullaro-234-.jpg\" alt=\"\" class=\"wp-image-43658\" srcset=\"https:\/\/armstrongyregion.com.ar\/diario\/wp-content\/uploads\/2024\/08\/Pullaro-234-.jpg 800w, https:\/\/armstrongyregion.com.ar\/diario\/wp-content\/uploads\/2024\/08\/Pullaro-234--300x199.jpg 300w, https:\/\/armstrongyregion.com.ar\/diario\/wp-content\/uploads\/2024\/08\/Pullaro-234--768x510.jpg 768w\" sizes=\"auto, (max-width: 800px) 100vw, 800px\" \/><\/a><\/figure>\n\n\n\n<p><\/p>\n\n\n\n<p>Este mi\u00e9rcoles los gobernadores de Santa Fe, Maximiliano Pullaro, y de Entre R\u00edos, Rogelio Frigerio, participaron de la reuni\u00f3n de la Mesa Permanente de Pol\u00edticas Sociales de la Regi\u00f3n Centro, que se desarroll\u00f3 en Paran\u00e1, con el objetivo de continuar abordando diversas tem\u00e1ticas relacionadas al desarrollo humano.<\/p>\n\n\n\n<p>El encuentro se desarroll\u00f3 en la Sala Mayo de Puerto Nuevo Paran\u00e1, donde los equipos de trabajo de las provincias de Santa Fe, Entre R\u00edos y C\u00f3rdoba trabajaron sobre emprendedorismo, econom\u00eda social, deporte, discapacidad y relaciones con la comunidad.<\/p>\n\n\n\n<p>En este marco, Maximiliano Pullaro, actual presidente de la Regi\u00f3n Centro, la calific\u00f3 como \u201cla regi\u00f3n m\u00e1s pujante, la regi\u00f3n m\u00e1s productiva de la Rep\u00fablica Argentina, la regi\u00f3n que va a marcar el rumbo y que va a marcar el cambio en nuestro pa\u00eds\u201d, se\u00f1alando adem\u00e1s que junto a sus pares de Entre R\u00edos y C\u00f3rdoba (Mart\u00edn Llaryora) \u201chemos establecido una forma y un modo de trabajo, entendiendo que tenemos que potenciar a nuestra regi\u00f3n y que trabajar fuertemente para defender a nuestra regi\u00f3n\u201d.<\/p>\n\n\n\n<p>En este sentido, agreg\u00f3: \u201cEstamos convencidos que si mostramos una forma diferente de trabajo, a la Argentina le va a ir bien y habr\u00e1 un modelo distinto en donde prime el di\u00e1logo, el trabajo conjunto y fundamentalmente la expectativa de poder crecer y desarrollarnos. Eso es lo que entendemos que es la Regi\u00f3n Centro y eso es lo que estamos trabajando\u201d.<\/p>\n\n\n\n<p>Pullaro destac\u00f3 el trabajo conjunto que en diferentes \u00e1reas se viene desarrollando desde la Regi\u00f3n Centro y valor\u00f3 que en el encuentro de este mi\u00e9rcoles en Paran\u00e1 \u201cuna vez m\u00e1s se re\u00fanen los equipos de desarrollo humano, de desarrollo social, de las tres provincias, para dialogar y para tener pol\u00edticas comunes sobre infancias, ni\u00f1ez, trabajo, y fundamentalmente sobre emprendedurismo.<\/p>\n\n\n\n<p>\u201cPero quiero poner esto en valor -enfatiz\u00f3-, la decisi\u00f3n y la determinaci\u00f3n de saber y de estar convencidos que si trabajamos juntos, si las tres provincias m\u00e1s productivas por el ADN de nuestra gente, que es de trabajo, a que le ha costado mucho todo, pero que siempre logr\u00f3 salir adelante, estamos juntas y pensamos pol\u00edticas a futuro, no s\u00f3lo nuestra regi\u00f3n va a salir adelante, sino que va a marcar un rumbo distinto para la Rep\u00fablica Argentina\u201d.<\/p>\n\n\n\n<p>Del encuentro participaron la ministra de Igualdad y Desarrollo Humano, Victoria Tejeda y sus pares de Entre R\u00edos, Ver\u00f3nica Berisso; y de C\u00f3rdoba, Liliana Montero; y los integrantes de la Mesa Ejecutiva de la Regi\u00f3n Centro por las tres provincias, Claudia Giaccone, Carlos Massei y Jorge Chemes, entre otros funcionarios y autoridades.<\/p>\n\n\n\n<figure class=\"wp-block-image\"><img decoding=\"async\" src=\"https:\/\/ci3.googleusercontent.com\/meips\/ADKq_NbdlTBPfSj5aAOA-UCVaJZy7eB0ve3xyhVP6kXExZC8C0tEoWwavOn1wEs3-q2E-SRnEGhzo6wfAIf1hYRN5WOwjHot9aHfBL6b2gOETrK9Ixd5gZzoCRicNXGjDYYdkA2duN5BjXyoeZN_zLI=s0-d-e1-ft#https:\/\/www.santafe.gob.ar\/noticias\/recursos\/fotos\/2024\/08\/2024-08-07NID_280886O_3.jpeg\" alt=\"\"\/><\/figure>\n\n\n\n<p><strong>\u201cNo tenemos tiempo para equivocarnos\u201d<\/strong><br>Por su parte, Rogelio Frigerio expres\u00f3 que los encuentros de trabajo que genera la Regi\u00f3n Centro son una muestra \u201crespecto a cu\u00e1l es la decisi\u00f3n pol\u00edtica de los que tenemos hoy a cargo la administraci\u00f3n de las tres provincias de la Regi\u00f3n Centro. Vamos a impulsar como nunca antes en la historia a nuestra regi\u00f3n. Estamos las tres provincias convencidas como nunca antes que este es el camino, el camino es trabajar juntos, tenemos mucho m\u00e1s potencia que cada uno por separado, sino adem\u00e1s porque la complejidad del momento nos obliga tambi\u00e9n a unirnos\u201d.<\/p>\n\n\n\n<p>\u201cNo tenemos tiempo para equivocarnos\u201d, sostuvo el gobernador de Entre R\u00edos y profundiz\u00f3: \u201cTenemos que, en este marco tan complejo, dar lo mejor de nosotros y eso lo vamos a hacer potenciando a la Regi\u00f3n Centro, la regi\u00f3n m\u00e1s productiva de la Argentina, el coraz\u00f3n productivo de la Argentina, ese \u00f3rgano vital que tenemos que cuidar entre todos como lo hacemos en cada una de estas reuniones que son tan trascendentes y, si son todas trascendentes, la de desarrollo humano en vista de lo que est\u00e1 pasando en la sociedad argentina, es obviamente determinante\u201d.<\/p>\n\n\n\n<p>Finalmente, Frigerio puso como ejemplo: \u201cTenemos de cada 10 j\u00f3venes hoy, 7 por debajo de la l\u00ednea de pobreza. C\u00f3mo no va a ser esa nuestra mayor preocupaci\u00f3n y nuestra mayor ocupaci\u00f3n. Adem\u00e1s, en t\u00e9rminos del desarrollo humano, tenemos que cambiar un paradigma que no va a ser f\u00e1cil: salir del paradigma del asistencialismo y encarar un paradigma distinto, un paradigma de darle herramientas a la gente, sobre todo a los sectores m\u00e1s vulnerables para que pueda salir adelante y eso tambi\u00e9n es parte de nuestra responsabilidad en este momento hist\u00f3rico tan complejo, el cambio cultural\u201d.<\/p>\n\n\n\n<p>Vale destacar que tras el acto con los gobernadores, se realizaron mesas de trabajo que abordaron los siguientes puntos: discapacidad; emprendedorismo; econom\u00eda social; deporte y relaciones con la comunidad.<\/p>\n\n\n\n<figure class=\"wp-block-image\"><img decoding=\"async\" src=\"https:\/\/ci3.googleusercontent.com\/meips\/ADKq_NaNtS0EOL3cKFdixhTkbN9MEjsEhMM4kI6-g3aRZzs0AXRlWurwa70xzqnbAlZam-O1UWGAMmVknX1FRsR_iDzMnzVsxJJktifDBfWxMwwcwJNigbUeEq5KWfLPrUShwemKvoNtHk4XPyQewdQ=s0-d-e1-ft#https:\/\/www.santafe.gob.ar\/noticias\/recursos\/fotos\/2024\/08\/2024-08-07NID_280886O_2.jpeg\" alt=\"\"\/><\/figure>\n","protected":false},"excerpt":{"rendered":"<p>Este mi\u00e9rcoles los gobernadores de Santa Fe, Maximiliano Pullaro, y de Entre R\u00edos, Rogelio Frigerio, participaron de la reuni\u00f3n de la Mesa Permanente de Pol\u00edticas Sociales de la Regi\u00f3n Centro, que se desarroll\u00f3 en Paran\u00e1, con el objetivo de continuar abordando diversas tem\u00e1ticas relacionadas al desarrollo humano.<\/p>\n<p>El encuentro se desarroll\u00f3 en la Sala Mayo de Puerto Nuevo Paran\u00e1, donde los equipos de trabajo de las provincias de Santa Fe, Entre R\u00edos y C\u00f3rdoba trabajaron sobre emprendedorismo, econom\u00eda social, deporte, discapacidad y relaciones con la comunidad.<\/p>\n<p>En este marco, Maximiliano Pullaro, actual presidente de la Regi\u00f3n Centro, la calific\u00f3 como \u201cla regi\u00f3n m\u00e1s pujante, la regi\u00f3n m\u00e1s productiva de la Rep\u00fablica Argentina, la regi\u00f3n que va a marcar el rumbo y que va a marcar el cambio en nuestro pa\u00eds\u201d, se\u00f1alando adem\u00e1s que junto a sus pares de Entre R\u00edos y C\u00f3rdoba (Mart\u00edn Llaryora) \u201chemos establecido una forma y un modo de trabajo, entendiendo que tenemos que potenciar a nuestra regi\u00f3n y que trabajar fuertemente para defender a nuestra regi\u00f3n\u201d.<\/p>\n<p>En este sentido, agreg\u00f3: \u201cEstamos convencidos que si mostramos una forma diferente de trabajo, a la Argentina le va a ir bien y habr\u00e1 un modelo distinto en donde prime el di\u00e1logo, el trabajo conjunto y fundamentalmente la expectativa de poder crecer y desarrollarnos. Eso es lo que entendemos que es la Regi\u00f3n Centro y eso es lo que estamos trabajando\u201d.<\/p>\n<p>Pullaro destac\u00f3 el trabajo conjunto que en diferentes \u00e1reas se viene desarrollando desde la Regi\u00f3n Centro y valor\u00f3 que en el encuentro de este mi\u00e9rcoles en Paran\u00e1 \u201cuna vez m\u00e1s se re\u00fanen los equipos de desarrollo humano, de desarrollo social, de las tres provincias, para dialogar y para tener pol\u00edticas comunes sobre infancias, ni\u00f1ez, trabajo, y fundamentalmente sobre emprendedurismo.<\/p>\n<p>\u201cPero quiero poner esto en valor -enfatiz\u00f3-, la decisi\u00f3n y la determinaci\u00f3n de saber y de estar convencidos que si trabajamos juntos, si las tres provincias m\u00e1s productivas por el ADN de nuestra gente, que es de trabajo, a que le ha costado mucho todo, pero que siempre logr\u00f3 salir adelante, estamos juntas y pensamos pol\u00edticas a futuro, no s\u00f3lo nuestra regi\u00f3n va a salir adelante, sino que va a marcar un rumbo distinto para la Rep\u00fablica Argentina\u201d.<\/p>\n<p>Del encuentro participaron la ministra de Igualdad y Desarrollo Humano, Victoria Tejeda y sus pares de Entre R\u00edos, Ver\u00f3nica Berisso; y de C\u00f3rdoba, Liliana Montero; y los integrantes de la Mesa Ejecutiva de la Regi\u00f3n Centro por las tres provincias, Claudia Giaccone, Carlos Massei y Jorge Chemes, entre otros funcionarios y autoridades.<\/p>\n<p>\u201cNo tenemos tiempo para equivocarnos\u201d<br \/>\nPor su parte, Rogelio Frigerio expres\u00f3 que los encuentros de trabajo que genera la Regi\u00f3n Centro son una muestra \u201crespecto a cu\u00e1l es la decisi\u00f3n pol\u00edtica de los que tenemos hoy a cargo la administraci\u00f3n de las tres provincias de la Regi\u00f3n Centro. Vamos a impulsar como nunca antes en la historia a nuestra regi\u00f3n. Estamos las tres provincias convencidas como nunca antes que este es el camino, el camino es trabajar juntos, tenemos mucho m\u00e1s potencia que cada uno por separado, sino adem\u00e1s porque la complejidad del momento nos obliga tambi\u00e9n a unirnos\u201d.<\/p>\n<p>\u201cNo tenemos tiempo para equivocarnos\u201d, sostuvo el gobernador de Entre R\u00edos y profundiz\u00f3: \u201cTenemos que, en este marco tan complejo, dar lo mejor de nosotros y eso lo vamos a hacer potenciando a la Regi\u00f3n Centro, la regi\u00f3n m\u00e1s productiva de la Argentina, el coraz\u00f3n productivo de la Argentina, ese \u00f3rgano vital que tenemos que cuidar entre todos como lo hacemos en cada una de estas reuniones que son tan trascendentes y, si son todas trascendentes, la de desarrollo humano en vista de lo que est\u00e1 pasando en la sociedad argentina, es obviamente determinante\u201d.<\/p>\n<p>Finalmente, Frigerio puso como ejemplo: \u201cTenemos de cada 10 j\u00f3venes hoy, 7 por debajo de la l\u00ednea de pobreza. C\u00f3mo no va a ser esa nuestra mayor preocupaci\u00f3n y nuestra mayor ocupaci\u00f3n. Adem\u00e1s, en t\u00e9rminos del desarrollo humano, tenemos que cambiar un paradigma que no va a ser f\u00e1cil: salir del paradigma del asistencialismo y encarar un paradigma distinto, un paradigma de darle herramientas a la gente, sobre todo a los sectores m\u00e1s vulnerables para que pueda salir adelante y eso tambi\u00e9n es parte de nuestra responsabilidad en este momento hist\u00f3rico tan complejo, el cambio cultural\u201d.<\/p>\n<p>Vale destacar que tras el acto con los gobernadores, se realizaron mesas de trabajo que abordaron los siguientes puntos: discapacidad; emprendedorismo; econom\u00eda social; deporte y relaciones con la comunidad.<\/p>\n","protected":false},"author":1,"featured_media":43658,"comment_status":"open","ping_status":"open","sticky":false,"template":"","format":"image","meta":{"_jetpack_memberships_contains_paid_content":false,"footnotes":"","jetpack_publicize_message":"","jetpack_publicize_feature_enabled":true,"jetpack_social_post_already_shared":true,"jetpack_social_options":{"image_generator_settings":{"template":"highway","default_image_id":0,"enabled":false},"version":2}},"categories":[8,1,2,7,3],"tags":[21,5030,139,8777,10927,10580,2846,388,2727],"class_list":["post-43657","post","type-post","status-publish","format-image","has-post-thumbnail","hentry","category-deliberando","category-diario-armstrong","category-locales","category-politica","category-region","tag-centro","tag-diario-armstrong","tag-es","tag-lic-graciela-de-la-casa","tag-marcara","tag-pujante","tag-pullaro","tag-region-2","tag-rumbo","post_format-post-format-image"],"jetpack_publicize_connections":[],"jetpack_featured_media_url":"https:\/\/armstrongyregion.com.ar\/diario\/wp-content\/uploads\/2024\/08\/Pullaro-234-.jpg","jetpack_shortlink":"https:\/\/wp.me\/p62QDO-bm9","jetpack_sharing_enabled":true,"amp_enabled":true,"_links":{"self":[{"href":"https:\/\/armstrongyregion.com.ar\/diario\/wp-json\/wp\/v2\/posts\/43657","targetHints":{"allow":["GET"]}}],"collection":[{"href":"https:\/\/armstrongyregion.com.ar\/diario\/wp-json\/wp\/v2\/posts"}],"about":[{"href":"https:\/\/armstrongyregion.com.ar\/diario\/wp-json\/wp\/v2\/types\/post"}],"author":[{"embeddable":true,"href":"https:\/\/armstrongyregion.com.ar\/diario\/wp-json\/wp\/v2\/users\/1"}],"replies":[{"embeddable":true,"href":"https:\/\/armstrongyregion.com.ar\/diario\/wp-json\/wp\/v2\/comments?post=43657"}],"version-history":[{"count":1,"href":"https:\/\/armstrongyregion.com.ar\/diario\/wp-json\/wp\/v2\/posts\/43657\/revisions"}],"predecessor-version":[{"id":43659,"href":"https:\/\/armstrongyregion.com.ar\/diario\/wp-json\/wp\/v2\/posts\/43657\/revisions\/43659"}],"wp:featuredmedia":[{"embeddable":true,"href":"https:\/\/armstrongyregion.com.ar\/diario\/wp-json\/wp\/v2\/media\/43658"}],"wp:attachment":[{"href":"https:\/\/armstrongyregion.com.ar\/diario\/wp-json\/wp\/v2\/media?parent=43657"}],"wp:term":[{"taxonomy":"category","embeddable":true,"href":"https:\/\/armstrongyregion.com.ar\/diario\/wp-json\/wp\/v2\/categories?post=43657"},{"taxonomy":"post_tag","embeddable":true,"href":"https:\/\/armstrongyregion.com.ar\/diario\/wp-json\/wp\/v2\/tags?post=43657"}],"curies":[{"name":"wp","href":"https:\/\/api.w.org\/{rel}","templated":true}]}}