{"id":43649,"date":"2024-08-06T21:51:20","date_gmt":"2024-08-06T21:51:20","guid":{"rendered":"https:\/\/armstrongyregion.com.ar\/diario\/?p=43649"},"modified":"2024-08-06T21:51:23","modified_gmt":"2024-08-06T21:51:23","slug":"emiliano-gramigna-presento-su-propuesta-en-seguridad-para-armstrong","status":"publish","type":"post","link":"https:\/\/armstrongyregion.com.ar\/diario\/emiliano-gramigna-presento-su-propuesta-en-seguridad-para-armstrong\/","title":{"rendered":"Emiliano Gramigna present\u00f3 su propuesta en seguridad para Armstrong."},"content":{"rendered":"\n<figure class=\"wp-block-image size-large\"><a href=\"http:\/\/armstrongyregion.com.ar\/diario\/wp-content\/uploads\/2024\/08\/Emi-Gramigna-seguridad-6-8-24-.jpg\"><img loading=\"lazy\" decoding=\"async\" width=\"1024\" height=\"683\" src=\"http:\/\/armstrongyregion.com.ar\/diario\/wp-content\/uploads\/2024\/08\/Emi-Gramigna-seguridad-6-8-24--1024x683.jpg\" alt=\"\" class=\"wp-image-43650\" srcset=\"https:\/\/armstrongyregion.com.ar\/diario\/wp-content\/uploads\/2024\/08\/Emi-Gramigna-seguridad-6-8-24--1024x683.jpg 1024w, https:\/\/armstrongyregion.com.ar\/diario\/wp-content\/uploads\/2024\/08\/Emi-Gramigna-seguridad-6-8-24--300x200.jpg 300w, https:\/\/armstrongyregion.com.ar\/diario\/wp-content\/uploads\/2024\/08\/Emi-Gramigna-seguridad-6-8-24--768x512.jpg 768w, https:\/\/armstrongyregion.com.ar\/diario\/wp-content\/uploads\/2024\/08\/Emi-Gramigna-seguridad-6-8-24-.jpg 1040w\" sizes=\"auto, (max-width: 1024px) 100vw, 1024px\" \/><\/a><\/figure>\n\n\n\n<h2 class=\"wp-block-heading\">El candidato a intendente de Cambia Armstrong enumer\u00f3 las acciones que realizar\u00e1 desde su primer d\u00eda de gesti\u00f3n.<\/h2>\n\n\n\n<p>\u00a0Emiliano Gramigna present\u00f3 los puntos que integran su propuesta para mejorar la seguridad de Armstrong en caso de ser elegido intendente el pr\u00f3ximo domingo. <\/p>\n\n\n\n<p>\u201cLa seguridad es una prioridad para nosotros. Queremos que la gente se sienta protegida y por eso vamos a incorporar tecnolog\u00eda avanzada para prevenir delitos\u201d, manifest\u00f3. <\/p>\n\n\n\n<p>Gramigna propone transformar el \u00c1rea de Orden P\u00fablico en Guardia Urbana Municipal, ampliar la Central de Monitoreo, establecer un sistema de alerta coordinado y crear una aplicaci\u00f3n para el acceso r\u00e1pido a los n\u00fameros de emergencia. \u201cEstos puntos los establecemos pensando en tener una ciudad protegida y preparada para las complejidades actuales\u201d, explic\u00f3.<\/p>\n\n\n\n<p> La implementaci\u00f3n de la Guardia Urbana Municipal tiene como objetivo tener personal m\u00e1s capacitado y con mayores recursos para hacer cumplir las normas y resolver situaciones de riesgo, as\u00ed como cuidar los espacios p\u00fablicos y proteger a las vecinas y vecinos. <\/p>\n\n\n\n<p>Por su parte, la ampliaci\u00f3n de la Central de Monitoreo contempla la adquisici\u00f3n de c\u00e1maras de alta definici\u00f3n, domos y lectores de patente para que toda la ciudad est\u00e9 resguardada durante las 24 horas. <\/p>\n\n\n\n<p>Por \u00faltimo, Gramigna propone un sistema de alerta coordinado entre fuerzas de seguridad, bomberos y guardia urbana, a lo que suma el desarrollo de una aplicaci\u00f3n para celulares que permita el acceso r\u00e1pido a n\u00fameros de emergencia. \u201cSabemos que la situaci\u00f3n en todo el pa\u00eds no es buena a nivel seguridad y nosotros tenemos que estar preparados. Hace much\u00edsimo tiempo que vengo trabajando en este tema y estoy convencido que una ciudad segura es posible\u201d, finaliz\u00f3 Emiliano Gramigna.<\/p>\n","protected":false},"excerpt":{"rendered":"<p>Emiliano Gramigna present\u00f3 su propuesta en seguridad para Armstrong.<\/p>\n","protected":false},"author":1,"featured_media":43650,"comment_status":"open","ping_status":"open","sticky":false,"template":"","format":"image","meta":{"_jetpack_memberships_contains_paid_content":false,"footnotes":"","jetpack_publicize_message":"","jetpack_publicize_feature_enabled":true,"jetpack_social_post_already_shared":true,"jetpack_social_options":{"image_generator_settings":{"template":"highway","default_image_id":0,"enabled":false},"version":2}},"categories":[8,1,2,7,3],"tags":[20,10721,9423,15,8777,81,25,801,8991],"class_list":["post-43649","post","type-post","status-publish","format-image","has-post-thumbnail","hentry","category-deliberando","category-diario-armstrong","category-locales","category-politica","category-region","tag-armstrong","tag-diario-armstrong-region","tag-emiliano-gramigna","tag-en","tag-lic-graciela-de-la-casa","tag-para","tag-presento","tag-propuesta","tag-seguridad-2","post_format-post-format-image"],"jetpack_publicize_connections":[],"jetpack_featured_media_url":"https:\/\/armstrongyregion.com.ar\/diario\/wp-content\/uploads\/2024\/08\/Emi-Gramigna-seguridad-6-8-24-.jpg","jetpack_shortlink":"https:\/\/wp.me\/p62QDO-bm1","jetpack_sharing_enabled":true,"amp_enabled":true,"_links":{"self":[{"href":"https:\/\/armstrongyregion.com.ar\/diario\/wp-json\/wp\/v2\/posts\/43649","targetHints":{"allow":["GET"]}}],"collection":[{"href":"https:\/\/armstrongyregion.com.ar\/diario\/wp-json\/wp\/v2\/posts"}],"about":[{"href":"https:\/\/armstrongyregion.com.ar\/diario\/wp-json\/wp\/v2\/types\/post"}],"author":[{"embeddable":true,"href":"https:\/\/armstrongyregion.com.ar\/diario\/wp-json\/wp\/v2\/users\/1"}],"replies":[{"embeddable":true,"href":"https:\/\/armstrongyregion.com.ar\/diario\/wp-json\/wp\/v2\/comments?post=43649"}],"version-history":[{"count":1,"href":"https:\/\/armstrongyregion.com.ar\/diario\/wp-json\/wp\/v2\/posts\/43649\/revisions"}],"predecessor-version":[{"id":43651,"href":"https:\/\/armstrongyregion.com.ar\/diario\/wp-json\/wp\/v2\/posts\/43649\/revisions\/43651"}],"wp:featuredmedia":[{"embeddable":true,"href":"https:\/\/armstrongyregion.com.ar\/diario\/wp-json\/wp\/v2\/media\/43650"}],"wp:attachment":[{"href":"https:\/\/armstrongyregion.com.ar\/diario\/wp-json\/wp\/v2\/media?parent=43649"}],"wp:term":[{"taxonomy":"category","embeddable":true,"href":"https:\/\/armstrongyregion.com.ar\/diario\/wp-json\/wp\/v2\/categories?post=43649"},{"taxonomy":"post_tag","embeddable":true,"href":"https:\/\/armstrongyregion.com.ar\/diario\/wp-json\/wp\/v2\/tags?post=43649"}],"curies":[{"name":"wp","href":"https:\/\/api.w.org\/{rel}","templated":true}]}}