{"id":43643,"date":"2024-08-06T21:40:57","date_gmt":"2024-08-06T21:40:57","guid":{"rendered":"https:\/\/armstrongyregion.com.ar\/diario\/?p=43643"},"modified":"2024-08-06T21:40:59","modified_gmt":"2024-08-06T21:40:59","slug":"armstrong-en-minimundo-celebraron-la-pachamama","status":"publish","type":"post","link":"https:\/\/armstrongyregion.com.ar\/diario\/armstrong-en-minimundo-celebraron-la-pachamama\/","title":{"rendered":"Armstrong. En Minimundo celebraron la Pachamama."},"content":{"rendered":"\n<figure class=\"wp-block-image size-full\"><a href=\"http:\/\/armstrongyregion.com.ar\/diario\/wp-content\/uploads\/2024\/08\/Pachamama-1-.jpg\"><img loading=\"lazy\" decoding=\"async\" width=\"800\" height=\"360\" src=\"http:\/\/armstrongyregion.com.ar\/diario\/wp-content\/uploads\/2024\/08\/Pachamama-1-.jpg\" alt=\"\" class=\"wp-image-43644\" srcset=\"https:\/\/armstrongyregion.com.ar\/diario\/wp-content\/uploads\/2024\/08\/Pachamama-1-.jpg 800w, https:\/\/armstrongyregion.com.ar\/diario\/wp-content\/uploads\/2024\/08\/Pachamama-1--300x135.jpg 300w, https:\/\/armstrongyregion.com.ar\/diario\/wp-content\/uploads\/2024\/08\/Pachamama-1--768x346.jpg 768w\" sizes=\"auto, (max-width: 800px) 100vw, 800px\" \/><\/a><\/figure>\n\n\n\n<p>El 1 de agosto los ni\u00f1os que asisten al espacio Minimundo, dependiente de la Direcci\u00f3n de<br>Promoci\u00f3n Comunitaria de la Municipalidad de Armstrong celebraron el d\u00eda de la Pachamama<br>realizando varias actividades.<\/p>\n\n\n\n<figure class=\"wp-block-image size-full\"><a href=\"http:\/\/armstrongyregion.com.ar\/diario\/wp-content\/uploads\/2024\/08\/Pachamama-2-.jpg\"><img loading=\"lazy\" decoding=\"async\" width=\"800\" height=\"360\" src=\"http:\/\/armstrongyregion.com.ar\/diario\/wp-content\/uploads\/2024\/08\/Pachamama-2-.jpg\" alt=\"\" class=\"wp-image-43645\" srcset=\"https:\/\/armstrongyregion.com.ar\/diario\/wp-content\/uploads\/2024\/08\/Pachamama-2-.jpg 800w, https:\/\/armstrongyregion.com.ar\/diario\/wp-content\/uploads\/2024\/08\/Pachamama-2--300x135.jpg 300w, https:\/\/armstrongyregion.com.ar\/diario\/wp-content\/uploads\/2024\/08\/Pachamama-2--768x346.jpg 768w\" sizes=\"auto, (max-width: 800px) 100vw, 800px\" \/><\/a><\/figure>\n\n\n\n<p><br>Comenzando por resaltar una vez m\u00e1s la importancia de cuidar la tierra de donde proviene la<br>mayor\u00eda de los alimentos, y nuestro medio ambiente, compartieron una leyenda reconociendo<br>Am\u00e9rica Latina y su forma en el mapa, hablando sobre el significado de la palabra \u201cPachamama\u201d,<br>aprendieron una hermosa canci\u00f3n e hicieron una ofrenda a la pacha sembrando semillas y las<br>c\u00e1scaras de los alimentos que hab\u00edan consumido durante el desayuno.<\/p>\n\n\n\n<figure class=\"wp-block-image size-full\"><a href=\"http:\/\/armstrongyregion.com.ar\/diario\/wp-content\/uploads\/2024\/08\/Pachamama-3-.jpg\"><img loading=\"lazy\" decoding=\"async\" width=\"360\" height=\"800\" src=\"http:\/\/armstrongyregion.com.ar\/diario\/wp-content\/uploads\/2024\/08\/Pachamama-3-.jpg\" alt=\"\" class=\"wp-image-43646\" srcset=\"https:\/\/armstrongyregion.com.ar\/diario\/wp-content\/uploads\/2024\/08\/Pachamama-3-.jpg 360w, https:\/\/armstrongyregion.com.ar\/diario\/wp-content\/uploads\/2024\/08\/Pachamama-3--135x300.jpg 135w\" sizes=\"auto, (max-width: 360px) 100vw, 360px\" \/><\/a><\/figure>\n\n\n\n<p><br>Luego presentaron diferentes instrumentos musicales realizados con elementos naturales y<br>representaron los sonidos de la tierra. Cantaron y bailaron con m\u00fasica generada por ellos mismos.<\/p>\n\n\n\n<figure class=\"wp-block-image size-full\"><a href=\"http:\/\/armstrongyregion.com.ar\/diario\/wp-content\/uploads\/2024\/08\/Pachamama-4-.jpg\"><img loading=\"lazy\" decoding=\"async\" width=\"360\" height=\"800\" src=\"http:\/\/armstrongyregion.com.ar\/diario\/wp-content\/uploads\/2024\/08\/Pachamama-4-.jpg\" alt=\"\" class=\"wp-image-43647\" srcset=\"https:\/\/armstrongyregion.com.ar\/diario\/wp-content\/uploads\/2024\/08\/Pachamama-4-.jpg 360w, https:\/\/armstrongyregion.com.ar\/diario\/wp-content\/uploads\/2024\/08\/Pachamama-4--135x300.jpg 135w\" sizes=\"auto, (max-width: 360px) 100vw, 360px\" \/><\/a><\/figure>\n","protected":false},"excerpt":{"rendered":"<p>Armstrong. En Minimundo celebraron la Pachamama.<\/p>\n","protected":false},"author":1,"featured_media":43644,"comment_status":"open","ping_status":"open","sticky":false,"template":"","format":"image","meta":{"_jetpack_memberships_contains_paid_content":false,"footnotes":"","jetpack_publicize_message":"","jetpack_publicize_feature_enabled":true,"jetpack_social_post_already_shared":true,"jetpack_social_options":{"image_generator_settings":{"template":"highway","default_image_id":0,"enabled":false},"version":2}},"categories":[8,1,2,7,3],"tags":[20,10625,10721,8777,3290,10925],"class_list":["post-43643","post","type-post","status-publish","format-image","has-post-thumbnail","hentry","category-deliberando","category-diario-armstrong","category-locales","category-politica","category-region","tag-armstrong","tag-celebraron","tag-diario-armstrong-region","tag-lic-graciela-de-la-casa","tag-minimundo","tag-pachamama","post_format-post-format-image"],"jetpack_publicize_connections":[],"jetpack_featured_media_url":"https:\/\/armstrongyregion.com.ar\/diario\/wp-content\/uploads\/2024\/08\/Pachamama-1-.jpg","jetpack_shortlink":"https:\/\/wp.me\/p62QDO-blV","jetpack_sharing_enabled":true,"amp_enabled":true,"_links":{"self":[{"href":"https:\/\/armstrongyregion.com.ar\/diario\/wp-json\/wp\/v2\/posts\/43643","targetHints":{"allow":["GET"]}}],"collection":[{"href":"https:\/\/armstrongyregion.com.ar\/diario\/wp-json\/wp\/v2\/posts"}],"about":[{"href":"https:\/\/armstrongyregion.com.ar\/diario\/wp-json\/wp\/v2\/types\/post"}],"author":[{"embeddable":true,"href":"https:\/\/armstrongyregion.com.ar\/diario\/wp-json\/wp\/v2\/users\/1"}],"replies":[{"embeddable":true,"href":"https:\/\/armstrongyregion.com.ar\/diario\/wp-json\/wp\/v2\/comments?post=43643"}],"version-history":[{"count":1,"href":"https:\/\/armstrongyregion.com.ar\/diario\/wp-json\/wp\/v2\/posts\/43643\/revisions"}],"predecessor-version":[{"id":43648,"href":"https:\/\/armstrongyregion.com.ar\/diario\/wp-json\/wp\/v2\/posts\/43643\/revisions\/43648"}],"wp:featuredmedia":[{"embeddable":true,"href":"https:\/\/armstrongyregion.com.ar\/diario\/wp-json\/wp\/v2\/media\/43644"}],"wp:attachment":[{"href":"https:\/\/armstrongyregion.com.ar\/diario\/wp-json\/wp\/v2\/media?parent=43643"}],"wp:term":[{"taxonomy":"category","embeddable":true,"href":"https:\/\/armstrongyregion.com.ar\/diario\/wp-json\/wp\/v2\/categories?post=43643"},{"taxonomy":"post_tag","embeddable":true,"href":"https:\/\/armstrongyregion.com.ar\/diario\/wp-json\/wp\/v2\/tags?post=43643"}],"curies":[{"name":"wp","href":"https:\/\/api.w.org\/{rel}","templated":true}]}}