{"id":43634,"date":"2024-08-05T14:08:34","date_gmt":"2024-08-05T14:08:34","guid":{"rendered":"https:\/\/armstrongyregion.com.ar\/diario\/?p=43634"},"modified":"2024-08-05T14:08:36","modified_gmt":"2024-08-05T14:08:36","slug":"gramigna-celebro-el-mes-de-las-infancias-con-actividades-en-toda-la-ciudad","status":"publish","type":"post","link":"https:\/\/armstrongyregion.com.ar\/diario\/gramigna-celebro-el-mes-de-las-infancias-con-actividades-en-toda-la-ciudad\/","title":{"rendered":"Gramigna celebr\u00f3 el Mes de las Infancias con actividades en toda la ciudad."},"content":{"rendered":"\n<figure class=\"wp-block-image size-full\"><a href=\"http:\/\/armstrongyregion.com.ar\/diario\/wp-content\/uploads\/2024\/08\/Emiliano-Gramigna-5-8-24-b-.jpg\"><img loading=\"lazy\" decoding=\"async\" width=\"665\" height=\"443\" src=\"http:\/\/armstrongyregion.com.ar\/diario\/wp-content\/uploads\/2024\/08\/Emiliano-Gramigna-5-8-24-b-.jpg\" alt=\"\" class=\"wp-image-43635\" srcset=\"https:\/\/armstrongyregion.com.ar\/diario\/wp-content\/uploads\/2024\/08\/Emiliano-Gramigna-5-8-24-b-.jpg 665w, https:\/\/armstrongyregion.com.ar\/diario\/wp-content\/uploads\/2024\/08\/Emiliano-Gramigna-5-8-24-b--300x200.jpg 300w\" sizes=\"auto, (max-width: 665px) 100vw, 665px\" \/><\/a><\/figure>\n\n\n\n<p>\u00a0<strong>El candidato a intendente Emiliano Gramigna recorri\u00f3 todos los barrios de Armstrong para celebrar el mes de las infancias junto a las ni\u00f1as y ni\u00f1os de toda la ciudad. <\/strong><\/p>\n\n\n\n<figure class=\"wp-block-embed is-type-video is-provider-youtube wp-block-embed-youtube wp-embed-aspect-16-9 wp-has-aspect-ratio\"><div class=\"wp-block-embed__wrapper\">\n<iframe loading=\"lazy\" title=\"Gramigna celebr\u00f3 el mes de las infancias. Diario Armstrong y Region: Lic. Graciela De la Casa.\" width=\"800\" height=\"450\" src=\"https:\/\/www.youtube.com\/embed\/ZJwHjiztvU0?feature=oembed\" frameborder=\"0\" allow=\"accelerometer; autoplay; clipboard-write; encrypted-media; gyroscope; picture-in-picture; web-share\" referrerpolicy=\"strict-origin-when-cross-origin\" allowfullscreen><\/iframe>\n<\/div><\/figure>\n\n\n\n<p>\u201cDisfrutamos de una tarde llena de juegos, m\u00fasica y regalos por el Mes de las Infancias\u201d, cont\u00f3 Emiliano Gramigna, y manifest\u00f3: \u201cVamos a construir una ciudad que piense en el desarrollo integral de nuestras ni\u00f1as y ni\u00f1os, reconoci\u00e9ndolos no solo como el futuro sino como nuestro presente m\u00e1s valioso\u201d. <\/p>\n\n\n\n<p>La actividad se realiz\u00f3 el domingo 4 de agosto y tuvo como puntos de encuentro las plazas \u201cP\u00e9rez Esquivel\u201d, \u201cNona Rocha\u201d, \u201cSan Mart\u00edn\u201d , \u201c5 de Junio\u201d y \u201cFlotr\u00f3n\u201d, el play\u00f3n \u201cMoreale\u201d y el parque \u201cBracito Fuerte\u201d, donde un payaso y un hada animaron cada posta con bailes, canciones, rondas y actividades l\u00fadicas. <\/p>\n\n\n\n<p>El candidato de Cambia Armstrong agradeci\u00f3 a todas las familias que se acercaron a los diferentes puntos de la ciudad para compartir una hermosa jornada, as\u00ed como a las personas que colaboraron voluntariamente para hacerlo posible.<\/p>\n","protected":false},"excerpt":{"rendered":"<p>Gramigna celebr\u00f3 el Mes de las Infancias con actividades en toda la ciudad.<\/p>\n","protected":false},"author":1,"featured_media":43635,"comment_status":"open","ping_status":"open","sticky":false,"template":"","format":"image","meta":{"_jetpack_memberships_contains_paid_content":false,"footnotes":"","jetpack_publicize_message":"","jetpack_publicize_feature_enabled":true,"jetpack_social_post_already_shared":true,"jetpack_social_options":{"image_generator_settings":{"template":"highway","default_image_id":0,"enabled":false},"version":2}},"categories":[8,1,2,7,3],"tags":[2040,19,5030,16,979,9644,23,8777,1129],"class_list":["post-43634","post","type-post","status-publish","format-image","has-post-thumbnail","hentry","category-deliberando","category-diario-armstrong","category-locales","category-politica","category-region","tag-celebro","tag-de","tag-diario-armstrong","tag-el","tag-gramigna","tag-infancias","tag-las","tag-lic-graciela-de-la-casa","tag-mes","post_format-post-format-image"],"jetpack_publicize_connections":[],"jetpack_featured_media_url":"https:\/\/armstrongyregion.com.ar\/diario\/wp-content\/uploads\/2024\/08\/Emiliano-Gramigna-5-8-24-b-.jpg","jetpack_shortlink":"https:\/\/wp.me\/p62QDO-blM","jetpack_sharing_enabled":true,"amp_enabled":true,"_links":{"self":[{"href":"https:\/\/armstrongyregion.com.ar\/diario\/wp-json\/wp\/v2\/posts\/43634","targetHints":{"allow":["GET"]}}],"collection":[{"href":"https:\/\/armstrongyregion.com.ar\/diario\/wp-json\/wp\/v2\/posts"}],"about":[{"href":"https:\/\/armstrongyregion.com.ar\/diario\/wp-json\/wp\/v2\/types\/post"}],"author":[{"embeddable":true,"href":"https:\/\/armstrongyregion.com.ar\/diario\/wp-json\/wp\/v2\/users\/1"}],"replies":[{"embeddable":true,"href":"https:\/\/armstrongyregion.com.ar\/diario\/wp-json\/wp\/v2\/comments?post=43634"}],"version-history":[{"count":1,"href":"https:\/\/armstrongyregion.com.ar\/diario\/wp-json\/wp\/v2\/posts\/43634\/revisions"}],"predecessor-version":[{"id":43636,"href":"https:\/\/armstrongyregion.com.ar\/diario\/wp-json\/wp\/v2\/posts\/43634\/revisions\/43636"}],"wp:featuredmedia":[{"embeddable":true,"href":"https:\/\/armstrongyregion.com.ar\/diario\/wp-json\/wp\/v2\/media\/43635"}],"wp:attachment":[{"href":"https:\/\/armstrongyregion.com.ar\/diario\/wp-json\/wp\/v2\/media?parent=43634"}],"wp:term":[{"taxonomy":"category","embeddable":true,"href":"https:\/\/armstrongyregion.com.ar\/diario\/wp-json\/wp\/v2\/categories?post=43634"},{"taxonomy":"post_tag","embeddable":true,"href":"https:\/\/armstrongyregion.com.ar\/diario\/wp-json\/wp\/v2\/tags?post=43634"}],"curies":[{"name":"wp","href":"https:\/\/api.w.org\/{rel}","templated":true}]}}