{"id":43629,"date":"2024-08-05T13:49:34","date_gmt":"2024-08-05T13:49:34","guid":{"rendered":"https:\/\/armstrongyregion.com.ar\/diario\/?p=43629"},"modified":"2024-08-05T13:49:36","modified_gmt":"2024-08-05T13:49:36","slug":"armstrong-visita-del-ministro-de-obras-publicas","status":"publish","type":"post","link":"https:\/\/armstrongyregion.com.ar\/diario\/armstrong-visita-del-ministro-de-obras-publicas\/","title":{"rendered":"Armstrong. Visita del Ministro de Obras P\u00fablicas."},"content":{"rendered":"\n<figure class=\"wp-block-image size-full\"><a href=\"http:\/\/armstrongyregion.com.ar\/diario\/wp-content\/uploads\/2024\/08\/enrico-1-.jpg\"><img loading=\"lazy\" decoding=\"async\" width=\"728\" height=\"486\" src=\"http:\/\/armstrongyregion.com.ar\/diario\/wp-content\/uploads\/2024\/08\/enrico-1-.jpg\" alt=\"\" class=\"wp-image-43630\" srcset=\"https:\/\/armstrongyregion.com.ar\/diario\/wp-content\/uploads\/2024\/08\/enrico-1-.jpg 728w, https:\/\/armstrongyregion.com.ar\/diario\/wp-content\/uploads\/2024\/08\/enrico-1--300x200.jpg 300w\" sizes=\"auto, (max-width: 728px) 100vw, 728px\" \/><\/a><\/figure>\n\n\n\n<p>En el marco de una recorrida por localidades del Departamento Belgrano, el Ministro de Obras<br>P\u00fablicas de la Provincia de Santa Fe Lisandro Enrico visit\u00f3 la ciudad de Armstrong acompa\u00f1ado por el<br>Senador Pablo Verdecchia, quienes fueron recibidos por el Intendente Guillermo Luzzi.<\/p>\n\n\n\n<figure class=\"wp-block-image size-full\"><a href=\"http:\/\/armstrongyregion.com.ar\/diario\/wp-content\/uploads\/2024\/08\/enrico-2-.jpg\"><img loading=\"lazy\" decoding=\"async\" width=\"709\" height=\"473\" src=\"http:\/\/armstrongyregion.com.ar\/diario\/wp-content\/uploads\/2024\/08\/enrico-2-.jpg\" alt=\"\" class=\"wp-image-43631\" srcset=\"https:\/\/armstrongyregion.com.ar\/diario\/wp-content\/uploads\/2024\/08\/enrico-2-.jpg 709w, https:\/\/armstrongyregion.com.ar\/diario\/wp-content\/uploads\/2024\/08\/enrico-2--300x200.jpg 300w\" sizes=\"auto, (max-width: 709px) 100vw, 709px\" \/><\/a><\/figure>\n\n\n\n<p><br>El funcionario supervis\u00f3 el avance de las obras de pavimentaci\u00f3n que se est\u00e1n llevando a cabo en la<br>rotonda de calle Buenos Aires en su intersecci\u00f3n con calle Tortugas.<\/p>\n\n\n\n<figure class=\"wp-block-image size-full\"><a href=\"http:\/\/armstrongyregion.com.ar\/diario\/wp-content\/uploads\/2024\/08\/enrico-3-.jpg\"><img loading=\"lazy\" decoding=\"async\" width=\"688\" height=\"459\" src=\"http:\/\/armstrongyregion.com.ar\/diario\/wp-content\/uploads\/2024\/08\/enrico-3-.jpg\" alt=\"\" class=\"wp-image-43632\" srcset=\"https:\/\/armstrongyregion.com.ar\/diario\/wp-content\/uploads\/2024\/08\/enrico-3-.jpg 688w, https:\/\/armstrongyregion.com.ar\/diario\/wp-content\/uploads\/2024\/08\/enrico-3--300x200.jpg 300w\" sizes=\"auto, (max-width: 688px) 100vw, 688px\" \/><\/a><\/figure>\n\n\n\n<p><br>Al mismo tiempo, Enrico anunci\u00f3 que el pr\u00f3ximo 9 de septiembre se realizar\u00e1 la apertura de sobres<br>por la licitaci\u00f3n para la construcci\u00f3n de la d\u00e1rsena del acceso a la ciudad y ciclov\u00eda por calle Schaer, y<br>el planteo del municipio por cloacas, como una de las obras m\u00e1s importantes.<\/p>\n\n\n\n<p><br>Por su parte, Verdecchia manifest\u00f3 que \u201cEsta obra tiene que ver con una mejora en la calidad de<br>vida para una importante poblaci\u00f3n de la ciudad. El tr\u00e1nsito que tiene esta arteria es impresionante<br>y cuando se ve tambi\u00e9n la iluminaci\u00f3n, pavimentaci\u00f3n, la seguridad de las bicisendas, es un cambio<br>muy grande, apostando siempre a la seguridad de quienes transitan\u201d.<\/p>\n","protected":false},"excerpt":{"rendered":"<p>Armstrong. Visita del Ministro de Obras P\u00fablicas.<\/p>\n","protected":false},"author":1,"featured_media":43630,"comment_status":"open","ping_status":"open","sticky":false,"template":"","format":"image","meta":{"_jetpack_memberships_contains_paid_content":false,"footnotes":"","jetpack_publicize_message":"","jetpack_publicize_feature_enabled":true,"jetpack_social_post_already_shared":true,"jetpack_social_options":{"image_generator_settings":{"template":"highway","default_image_id":0,"enabled":false},"version":2}},"categories":[8,1,2,3],"tags":[20,19,53,5030,10721,8777,1189,220,9176,28],"class_list":["post-43629","post","type-post","status-publish","format-image","has-post-thumbnail","hentry","category-deliberando","category-diario-armstrong","category-locales","category-region","tag-armstrong","tag-de","tag-del","tag-diario-armstrong","tag-diario-armstrong-region","tag-lic-graciela-de-la-casa","tag-ministro","tag-obras","tag-publicas-3","tag-visita","post_format-post-format-image"],"jetpack_publicize_connections":[],"jetpack_featured_media_url":"https:\/\/armstrongyregion.com.ar\/diario\/wp-content\/uploads\/2024\/08\/enrico-1-.jpg","jetpack_shortlink":"https:\/\/wp.me\/p62QDO-blH","jetpack_sharing_enabled":true,"amp_enabled":true,"_links":{"self":[{"href":"https:\/\/armstrongyregion.com.ar\/diario\/wp-json\/wp\/v2\/posts\/43629","targetHints":{"allow":["GET"]}}],"collection":[{"href":"https:\/\/armstrongyregion.com.ar\/diario\/wp-json\/wp\/v2\/posts"}],"about":[{"href":"https:\/\/armstrongyregion.com.ar\/diario\/wp-json\/wp\/v2\/types\/post"}],"author":[{"embeddable":true,"href":"https:\/\/armstrongyregion.com.ar\/diario\/wp-json\/wp\/v2\/users\/1"}],"replies":[{"embeddable":true,"href":"https:\/\/armstrongyregion.com.ar\/diario\/wp-json\/wp\/v2\/comments?post=43629"}],"version-history":[{"count":1,"href":"https:\/\/armstrongyregion.com.ar\/diario\/wp-json\/wp\/v2\/posts\/43629\/revisions"}],"predecessor-version":[{"id":43633,"href":"https:\/\/armstrongyregion.com.ar\/diario\/wp-json\/wp\/v2\/posts\/43629\/revisions\/43633"}],"wp:featuredmedia":[{"embeddable":true,"href":"https:\/\/armstrongyregion.com.ar\/diario\/wp-json\/wp\/v2\/media\/43630"}],"wp:attachment":[{"href":"https:\/\/armstrongyregion.com.ar\/diario\/wp-json\/wp\/v2\/media?parent=43629"}],"wp:term":[{"taxonomy":"category","embeddable":true,"href":"https:\/\/armstrongyregion.com.ar\/diario\/wp-json\/wp\/v2\/categories?post=43629"},{"taxonomy":"post_tag","embeddable":true,"href":"https:\/\/armstrongyregion.com.ar\/diario\/wp-json\/wp\/v2\/tags?post=43629"}],"curies":[{"name":"wp","href":"https:\/\/api.w.org\/{rel}","templated":true}]}}