{"id":43620,"date":"2024-08-05T00:42:06","date_gmt":"2024-08-05T00:42:06","guid":{"rendered":"https:\/\/armstrongyregion.com.ar\/diario\/?p=43620"},"modified":"2024-08-05T00:42:09","modified_gmt":"2024-08-05T00:42:09","slug":"armstrong-firma-de-un-acta-acuerdo","status":"publish","type":"post","link":"https:\/\/armstrongyregion.com.ar\/diario\/armstrong-firma-de-un-acta-acuerdo\/","title":{"rendered":"Armstrong. Firma de un acta acuerdo."},"content":{"rendered":"\n<figure class=\"wp-block-image size-full\"><a href=\"http:\/\/armstrongyregion.com.ar\/diario\/wp-content\/uploads\/2024\/08\/muni_firma_acuerdo_01.jpg\"><img loading=\"lazy\" decoding=\"async\" width=\"800\" height=\"534\" src=\"http:\/\/armstrongyregion.com.ar\/diario\/wp-content\/uploads\/2024\/08\/muni_firma_acuerdo_01.jpg\" alt=\"\" class=\"wp-image-43621\" srcset=\"https:\/\/armstrongyregion.com.ar\/diario\/wp-content\/uploads\/2024\/08\/muni_firma_acuerdo_01.jpg 800w, https:\/\/armstrongyregion.com.ar\/diario\/wp-content\/uploads\/2024\/08\/muni_firma_acuerdo_01-300x200.jpg 300w, https:\/\/armstrongyregion.com.ar\/diario\/wp-content\/uploads\/2024\/08\/muni_firma_acuerdo_01-768x513.jpg 768w\" sizes=\"auto, (max-width: 800px) 100vw, 800px\" \/><\/a><\/figure>\n\n\n\n<figure class=\"wp-block-table\"><table><tbody><tr><td><strong>El jueves 1 de agosto en el sal\u00f3n San Mart\u00edn de la Municipalidad de Armstrong se produjo la firma de un acta compromiso referente al laboratorio de la maquinaria agr\u00edcola que comenzar\u00e1 a desarrollar sus actividades en esta ciudad.<\/strong><\/td><\/tr><\/tbody><\/table><\/figure>\n\n\n\n<hr class=\"wp-block-separator has-alpha-channel-opacity\"\/>\n\n\n\n<figure class=\"wp-block-table\"><table><tbody><tr><td>Participaron del acto el Intendente Guillermo Luzzi por el municipio, la Universidad Tecnol\u00f3gica Nacional (UTN), Facultad Regional Rosario representada por el Decano Ing. Rub\u00e9n Ciccarelli, el Centro Comercial, Industrial y Rural de Armstrong a trav\u00e9s de su presidente Hern\u00e1n Franceschina, y Life Desarrollos Urbanos representada por el Sr. Bruno Coloccini.Las partes vienen manteniendo una relaci\u00f3n institucional desde hace un extenso per\u00edodo, acordando trabajar en conjunto para concretar un desarrollo de inter\u00e9s com\u00fan. Este proyecto se viene trabajando con gran entusiasmo y excelentes resultados. En funci\u00f3n de ello, es intenci\u00f3n de los firmantes continuar promovi\u00e9ndolo propiciando un mayor desarrollo tecnol\u00f3gico y acercando a la ciudad y a la regi\u00f3n herramientas que puedan contribuir a una mejora en la producci\u00f3n de bienes acorde a la aplicaci\u00f3n de los avances tecnol\u00f3gicos.El Laboratorio de Mec\u00e1nica Agr\u00edcola estar\u00e1 dedicado a realizar ensayos de certificaci\u00f3n de seguridad bajo la normativa IRAM 8076 y todo otro ensayo o certificaci\u00f3n que se requiera tanto para el mercado interno como externo, con el objetivo de garantizar la seguridad, promover la calidad, fomentar la innovaci\u00f3n, facilitar el comercio internacional, apoyar la sostenibilidad, entre otros.<\/td><\/tr><\/tbody><\/table><\/figure>\n","protected":false},"excerpt":{"rendered":"<p>Armstrong. Firma de un acta acuerdo.<\/p>\n","protected":false},"author":1,"featured_media":43621,"comment_status":"open","ping_status":"open","sticky":false,"template":"","format":"image","meta":{"_jetpack_memberships_contains_paid_content":false,"footnotes":"","jetpack_publicize_message":"","jetpack_publicize_feature_enabled":true,"jetpack_social_post_already_shared":true,"jetpack_social_options":{"image_generator_settings":{"template":"highway","default_image_id":0,"enabled":false},"version":2}},"categories":[8,1,2,7,3],"tags":[3625,2561,20,19,10721,540,8777],"class_list":["post-43620","post","type-post","status-publish","format-image","has-post-thumbnail","hentry","category-deliberando","category-diario-armstrong","category-locales","category-politica","category-region","tag-acta","tag-acuerdo","tag-armstrong","tag-de","tag-diario-armstrong-region","tag-firma","tag-lic-graciela-de-la-casa","post_format-post-format-image"],"jetpack_publicize_connections":[],"jetpack_featured_media_url":"https:\/\/armstrongyregion.com.ar\/diario\/wp-content\/uploads\/2024\/08\/muni_firma_acuerdo_01.jpg","jetpack_shortlink":"https:\/\/wp.me\/p62QDO-bly","jetpack_sharing_enabled":true,"amp_enabled":true,"_links":{"self":[{"href":"https:\/\/armstrongyregion.com.ar\/diario\/wp-json\/wp\/v2\/posts\/43620","targetHints":{"allow":["GET"]}}],"collection":[{"href":"https:\/\/armstrongyregion.com.ar\/diario\/wp-json\/wp\/v2\/posts"}],"about":[{"href":"https:\/\/armstrongyregion.com.ar\/diario\/wp-json\/wp\/v2\/types\/post"}],"author":[{"embeddable":true,"href":"https:\/\/armstrongyregion.com.ar\/diario\/wp-json\/wp\/v2\/users\/1"}],"replies":[{"embeddable":true,"href":"https:\/\/armstrongyregion.com.ar\/diario\/wp-json\/wp\/v2\/comments?post=43620"}],"version-history":[{"count":1,"href":"https:\/\/armstrongyregion.com.ar\/diario\/wp-json\/wp\/v2\/posts\/43620\/revisions"}],"predecessor-version":[{"id":43622,"href":"https:\/\/armstrongyregion.com.ar\/diario\/wp-json\/wp\/v2\/posts\/43620\/revisions\/43622"}],"wp:featuredmedia":[{"embeddable":true,"href":"https:\/\/armstrongyregion.com.ar\/diario\/wp-json\/wp\/v2\/media\/43621"}],"wp:attachment":[{"href":"https:\/\/armstrongyregion.com.ar\/diario\/wp-json\/wp\/v2\/media?parent=43620"}],"wp:term":[{"taxonomy":"category","embeddable":true,"href":"https:\/\/armstrongyregion.com.ar\/diario\/wp-json\/wp\/v2\/categories?post=43620"},{"taxonomy":"post_tag","embeddable":true,"href":"https:\/\/armstrongyregion.com.ar\/diario\/wp-json\/wp\/v2\/tags?post=43620"}],"curies":[{"name":"wp","href":"https:\/\/api.w.org\/{rel}","templated":true}]}}