{"id":43618,"date":"2024-08-04T21:56:44","date_gmt":"2024-08-04T21:56:44","guid":{"rendered":"https:\/\/armstrongyregion.com.ar\/diario\/?p=43618"},"modified":"2024-08-04T21:56:46","modified_gmt":"2024-08-04T21:56:46","slug":"provincia-descontara-el-dia-a-los-docentes-que-se-adhieran-al-paro","status":"publish","type":"post","link":"https:\/\/armstrongyregion.com.ar\/diario\/provincia-descontara-el-dia-a-los-docentes-que-se-adhieran-al-paro\/","title":{"rendered":"Provincia descontar\u00e1 el d\u00eda a los docentes que se adhieran al paro."},"content":{"rendered":"\n<figure class=\"wp-block-image size-full\"><a href=\"http:\/\/armstrongyregion.com.ar\/diario\/wp-content\/uploads\/2017\/11\/parodocente.jpg_1305449671-2.jpg\"><img loading=\"lazy\" decoding=\"async\" width=\"847\" height=\"476\" src=\"http:\/\/armstrongyregion.com.ar\/diario\/wp-content\/uploads\/2017\/11\/parodocente.jpg_1305449671-2.jpg\" alt=\"\" class=\"wp-image-15220\" srcset=\"https:\/\/armstrongyregion.com.ar\/diario\/wp-content\/uploads\/2017\/11\/parodocente.jpg_1305449671-2.jpg 847w, https:\/\/armstrongyregion.com.ar\/diario\/wp-content\/uploads\/2017\/11\/parodocente.jpg_1305449671-2-300x169.jpg 300w\" sizes=\"auto, (max-width: 847px) 100vw, 847px\" \/><\/a><\/figure>\n\n\n\n<h2 class=\"wp-block-heading\">La medida de fuerza por 24 horas ser\u00e1 el pr\u00f3ximo mi\u00e9rcoles.<\/h2>\n\n\n\n<p>El pr\u00f3ximo mi\u00e9rcoles 7 de agosto, las escuelas p\u00fablicas de la provincia de Santa Fe no tendr\u00e1n clases debido a un paro convocado por los docentes. La medida fue anunciada el viernes por la tarde, tras conocerse los resultados de la asamblea de Amsaf\u00e9, donde una gran mayor\u00eda vot\u00f3 en contra de la propuesta de aumento salarial ofrecida por el gobierno provincial.<\/p>\n\n\n\n<p>De un total de 23.800 docentes, poco m\u00e1s de 19.000 votaron en contra de la oferta del gobierno de Maximiliano Pullaro. La propuesta inclu\u00eda un aumento salarial trimestral del 9.95%, desglosado en un 4.5% en julio (por planilla complementaria), 3% en agosto, y 2.45% en septiembre. En contraste, los gremios estatales de ATE y UPCN aceptaron la oferta por un margen estrecho.<\/p>\n\n\n\n<p>Desde el Ministerio de Educaci\u00f3n provincial se confirm\u00f3 que se descontar\u00e1 el d\u00eda a aquellos docentes que se adhieran a la medida de fuerza. Esta decisi\u00f3n est\u00e1 respaldada por el punto 4 del acta paritaria del mi\u00e9rcoles pasado, donde se estipula que se descontar\u00e1n los d\u00edas no trabajados en caso de paro.<\/p>\n\n\n\n<p>El ministro de Educaci\u00f3n, Jos\u00e9 Goity, al ser consultado sobre el descuento, afirm\u00f3: \u00abEso no est\u00e1 en discusi\u00f3n, inclusive figura en el acta paritaria. Esa ya es una decisi\u00f3n y no se discute, lo que s\u00ed discutimos son los puntos de acuerdo en los cuales podamos avanzar, pero hay cuestiones que ya no est\u00e1n puestas en la mesa de discusi\u00f3n\u00bb.<\/p>\n\n\n\n<p>Goity a\u00f1adi\u00f3: \u00abEl reclamo es un derecho constitucional y nosotros lo respetamos, pero (el descuento) no est\u00e1 puesto en discusi\u00f3n, lo que estamos discutiendo son las condiciones de acuerdo\u00bb.<\/p>\n","protected":false},"excerpt":{"rendered":"<p>Provincia descontar\u00e1 el d\u00eda a los docentes que se adhieran al paro.<\/p>\n","protected":false},"author":1,"featured_media":11920,"comment_status":"open","ping_status":"open","sticky":false,"template":"","format":"image","meta":{"_jetpack_memberships_contains_paid_content":false,"footnotes":"","jetpack_publicize_message":"","jetpack_publicize_feature_enabled":true,"jetpack_social_post_already_shared":true,"jetpack_social_options":{"image_generator_settings":{"template":"highway","default_image_id":0,"enabled":false},"version":2}},"categories":[8,1,2,3],"tags":[10721,10921,8777,1026,8640],"class_list":["post-43618","post","type-post","status-publish","format-image","has-post-thumbnail","hentry","category-deliberando","category-diario-armstrong","category-locales","category-region","tag-diario-armstrong-region","tag-doas","tag-lic-graciela-de-la-casa","tag-paro","tag-provincia-2","post_format-post-format-image"],"jetpack_publicize_connections":[],"jetpack_featured_media_url":"https:\/\/armstrongyregion.com.ar\/diario\/wp-content\/uploads\/2017\/03\/paro_docente.jpg_1305449671.jpg","jetpack_shortlink":"https:\/\/wp.me\/p62QDO-blw","jetpack_sharing_enabled":true,"amp_enabled":true,"_links":{"self":[{"href":"https:\/\/armstrongyregion.com.ar\/diario\/wp-json\/wp\/v2\/posts\/43618","targetHints":{"allow":["GET"]}}],"collection":[{"href":"https:\/\/armstrongyregion.com.ar\/diario\/wp-json\/wp\/v2\/posts"}],"about":[{"href":"https:\/\/armstrongyregion.com.ar\/diario\/wp-json\/wp\/v2\/types\/post"}],"author":[{"embeddable":true,"href":"https:\/\/armstrongyregion.com.ar\/diario\/wp-json\/wp\/v2\/users\/1"}],"replies":[{"embeddable":true,"href":"https:\/\/armstrongyregion.com.ar\/diario\/wp-json\/wp\/v2\/comments?post=43618"}],"version-history":[{"count":1,"href":"https:\/\/armstrongyregion.com.ar\/diario\/wp-json\/wp\/v2\/posts\/43618\/revisions"}],"predecessor-version":[{"id":43619,"href":"https:\/\/armstrongyregion.com.ar\/diario\/wp-json\/wp\/v2\/posts\/43618\/revisions\/43619"}],"wp:featuredmedia":[{"embeddable":true,"href":"https:\/\/armstrongyregion.com.ar\/diario\/wp-json\/wp\/v2\/media\/11920"}],"wp:attachment":[{"href":"https:\/\/armstrongyregion.com.ar\/diario\/wp-json\/wp\/v2\/media?parent=43618"}],"wp:term":[{"taxonomy":"category","embeddable":true,"href":"https:\/\/armstrongyregion.com.ar\/diario\/wp-json\/wp\/v2\/categories?post=43618"},{"taxonomy":"post_tag","embeddable":true,"href":"https:\/\/armstrongyregion.com.ar\/diario\/wp-json\/wp\/v2\/tags?post=43618"}],"curies":[{"name":"wp","href":"https:\/\/api.w.org\/{rel}","templated":true}]}}