{"id":43615,"date":"2024-08-04T21:52:42","date_gmt":"2024-08-04T21:52:42","guid":{"rendered":"https:\/\/armstrongyregion.com.ar\/diario\/?p=43615"},"modified":"2024-08-04T21:52:44","modified_gmt":"2024-08-04T21:52:44","slug":"senadores-del-bloque-unidos-mantuvieron-una-reunion-de-trabajo-con-el-ministro-de-educacion-jose-goity","status":"publish","type":"post","link":"https:\/\/armstrongyregion.com.ar\/diario\/senadores-del-bloque-unidos-mantuvieron-una-reunion-de-trabajo-con-el-ministro-de-educacion-jose-goity\/","title":{"rendered":"Senadores del Bloque \u00abUnidos\u00bb mantuvieron una reuni\u00f3n de trabajo con el Ministro de Educaci\u00f3n Jos\u00e9 Goity."},"content":{"rendered":"\n<figure class=\"wp-block-image size-large\"><a href=\"http:\/\/armstrongyregion.com.ar\/diario\/wp-content\/uploads\/2024\/08\/senadores-.webp\"><img loading=\"lazy\" decoding=\"async\" width=\"1024\" height=\"614\" src=\"http:\/\/armstrongyregion.com.ar\/diario\/wp-content\/uploads\/2024\/08\/senadores--1024x614.webp\" alt=\"\" class=\"wp-image-43616\" srcset=\"https:\/\/armstrongyregion.com.ar\/diario\/wp-content\/uploads\/2024\/08\/senadores--1024x614.webp 1024w, https:\/\/armstrongyregion.com.ar\/diario\/wp-content\/uploads\/2024\/08\/senadores--300x180.webp 300w, https:\/\/armstrongyregion.com.ar\/diario\/wp-content\/uploads\/2024\/08\/senadores--768x461.webp 768w, https:\/\/armstrongyregion.com.ar\/diario\/wp-content\/uploads\/2024\/08\/senadores-.webp 1200w\" sizes=\"auto, (max-width: 1024px) 100vw, 1024px\" \/><\/a><\/figure>\n\n\n\n<h2 class=\"wp-block-heading\">El ministro Goity consign\u00f3 que fue una reuni\u00f3n de trabajo muy buena, de repaso de lo que se fue realizando en estos meses para seguir articulando acciones de manera colaborativa\u201d.<\/h2>\n\n\n\n<p>Este jueves, los senadores provinciales del bloque Unidos encabezados por el Pte. Provisional Felipe Michlig y el Pte. del Bloque Rodrigo Borla recibieron al ministro de Educaci\u00f3n de la Provincia, Jos\u00e9 Goity a fin de abordar \u201cdistintos t\u00f3picos del ministerio, con relaci\u00f3n a la agenda pol\u00edtica que vienen desarrollando, adem\u00e1s de acciones y programas territoriales en los departamentos que representan\u201d.<\/p>\n\n\n\n<p>El Senador Felipe Michlig agradeci\u00f3 al ministro y equipo por \u201cla excelente predisposici\u00f3n de poder dedicar parte de su valioso tiempo para visitarnos en esta casa y repasar todo lo que se viene desarrollando desde el \u00e1rea educativa provincial y escuchar las distintas inquietudes\u201d.<\/p>\n\n\n\n<p>Participaron de la reuni\u00f3n junto al Ministro Goity, la Secretaria de Coordinaci\u00f3n y Gesti\u00f3n de Recursos Secretaria Mar\u00eda Martin y la Secretaria de Educaci\u00f3n Carolina Piedrabuena, los senadores Felipe Michlig (San Crist\u00f3bal), Rodrigo Borla (San Justo), Julio Garibaldi (La Capital); Hugo Rasetto (Iriondo), Oscar Dolzani (San Javier), Leandro Diana (San Ger\u00f3nimo), Germ\u00e1n Baumgartner, el secretario administrativo y el legislativo Diego Maciel y Agust\u00edn Lemos respectivamente.<\/p>\n\n\n\n<p><strong>\u201cArticulaci\u00f3n de acciones de manera colaborativa\u201d<\/strong><\/p>\n\n\n\n<p>El ministro Goity mencion\u00f3 que \u201cfue una muy buena reuni\u00f3n de trabajo convocada por el Senador Michlig, para tomar nota del trabajo desarrollado, necesidades en algunos departamentos y para seguir articulando acciones de manera colaborativa\u201d.<\/p>\n\n\n\n<p>El Pte. del bloque Rodrigo Borla puntualiz\u00f3 que entre los temas m\u00e1s importantes que abordamos se destacan el \u201cel fortalecimiento del Fondo para la Atenci\u00f3n de Necesidades Inmediatas (FANI) para establecimientos educativos, el Plan de construcci\u00f3n de 1000 aulas\u201d, a lo que Felipe Michlig agreg\u00f3 que \u201ctambi\u00e9n nos informaron sobre los nuevos paradigmas de alfabetizaci\u00f3n (trabajando fuerte en la lectoescritura) y asistencia perfecta, teni\u00e9ndose una muy buena respuesta de la gran mayor\u00eda de los docentes\u201d.<\/p>\n","protected":false},"excerpt":{"rendered":"<p>Senadores del Bloque \u00abUnidos\u00bb mantuvieron una reuni\u00f3n de trabajo con el Ministro de Educaci\u00f3n Jos\u00e9 Goity.<\/p>\n","protected":false},"author":1,"featured_media":43616,"comment_status":"open","ping_status":"open","sticky":false,"template":"","format":"image","meta":{"_jetpack_memberships_contains_paid_content":false,"footnotes":"","jetpack_publicize_message":"","jetpack_publicize_feature_enabled":true,"jetpack_social_post_already_shared":true,"jetpack_social_options":{"image_generator_settings":{"template":"highway","default_image_id":0,"enabled":false},"version":2}},"categories":[8,1,2,7,3],"tags":[],"class_list":["post-43615","post","type-post","status-publish","format-image","has-post-thumbnail","hentry","category-deliberando","category-diario-armstrong","category-locales","category-politica","category-region","post_format-post-format-image"],"jetpack_publicize_connections":[],"jetpack_featured_media_url":"https:\/\/armstrongyregion.com.ar\/diario\/wp-content\/uploads\/2024\/08\/senadores-.webp","jetpack_shortlink":"https:\/\/wp.me\/p62QDO-blt","jetpack_sharing_enabled":true,"amp_enabled":true,"_links":{"self":[{"href":"https:\/\/armstrongyregion.com.ar\/diario\/wp-json\/wp\/v2\/posts\/43615","targetHints":{"allow":["GET"]}}],"collection":[{"href":"https:\/\/armstrongyregion.com.ar\/diario\/wp-json\/wp\/v2\/posts"}],"about":[{"href":"https:\/\/armstrongyregion.com.ar\/diario\/wp-json\/wp\/v2\/types\/post"}],"author":[{"embeddable":true,"href":"https:\/\/armstrongyregion.com.ar\/diario\/wp-json\/wp\/v2\/users\/1"}],"replies":[{"embeddable":true,"href":"https:\/\/armstrongyregion.com.ar\/diario\/wp-json\/wp\/v2\/comments?post=43615"}],"version-history":[{"count":1,"href":"https:\/\/armstrongyregion.com.ar\/diario\/wp-json\/wp\/v2\/posts\/43615\/revisions"}],"predecessor-version":[{"id":43617,"href":"https:\/\/armstrongyregion.com.ar\/diario\/wp-json\/wp\/v2\/posts\/43615\/revisions\/43617"}],"wp:featuredmedia":[{"embeddable":true,"href":"https:\/\/armstrongyregion.com.ar\/diario\/wp-json\/wp\/v2\/media\/43616"}],"wp:attachment":[{"href":"https:\/\/armstrongyregion.com.ar\/diario\/wp-json\/wp\/v2\/media?parent=43615"}],"wp:term":[{"taxonomy":"category","embeddable":true,"href":"https:\/\/armstrongyregion.com.ar\/diario\/wp-json\/wp\/v2\/categories?post=43615"},{"taxonomy":"post_tag","embeddable":true,"href":"https:\/\/armstrongyregion.com.ar\/diario\/wp-json\/wp\/v2\/tags?post=43615"}],"curies":[{"name":"wp","href":"https:\/\/api.w.org\/{rel}","templated":true}]}}