{"id":43612,"date":"2024-08-04T21:46:03","date_gmt":"2024-08-04T21:46:03","guid":{"rendered":"https:\/\/armstrongyregion.com.ar\/diario\/?p=43612"},"modified":"2024-08-04T21:46:06","modified_gmt":"2024-08-04T21:46:06","slug":"amsafe-rechazo-la-oferta-salarial-del-gobierno-y-los-docentes-haran-un-paro-el-miercoles-7-de-agosto","status":"publish","type":"post","link":"https:\/\/armstrongyregion.com.ar\/diario\/amsafe-rechazo-la-oferta-salarial-del-gobierno-y-los-docentes-haran-un-paro-el-miercoles-7-de-agosto\/","title":{"rendered":"Amsaf\u00e9 rechaz\u00f3 la oferta salarial del Gobierno y los docentes har\u00e1n un paro el mi\u00e9rcoles 7 de agosto."},"content":{"rendered":"\n<figure class=\"wp-block-image size-full\"><a href=\"http:\/\/armstrongyregion.com.ar\/diario\/wp-content\/uploads\/2024\/08\/amsafe_movilizacion_crop1713801182188_crop1715009492004.jpg_1756841869.jpg\"><img loading=\"lazy\" decoding=\"async\" width=\"800\" height=\"450\" src=\"http:\/\/armstrongyregion.com.ar\/diario\/wp-content\/uploads\/2024\/08\/amsafe_movilizacion_crop1713801182188_crop1715009492004.jpg_1756841869.jpg\" alt=\"\" class=\"wp-image-43613\" srcset=\"https:\/\/armstrongyregion.com.ar\/diario\/wp-content\/uploads\/2024\/08\/amsafe_movilizacion_crop1713801182188_crop1715009492004.jpg_1756841869.jpg 800w, https:\/\/armstrongyregion.com.ar\/diario\/wp-content\/uploads\/2024\/08\/amsafe_movilizacion_crop1713801182188_crop1715009492004.jpg_1756841869-300x169.jpg 300w, https:\/\/armstrongyregion.com.ar\/diario\/wp-content\/uploads\/2024\/08\/amsafe_movilizacion_crop1713801182188_crop1715009492004.jpg_1756841869-768x432.jpg 768w\" sizes=\"auto, (max-width: 800px) 100vw, 800px\" \/><\/a><\/figure>\n\n\n\n<h2 class=\"wp-block-heading\">En asamblea provincial y por amplia diferencia de votos, los docentes nucleados en dicho gremio no aceptaron la propuesta de aumento y convocaron a un paro de 24 horas para la pr\u00f3xima semana. Los privados de Sadop resolver\u00e1n si aceptan o no el lunes que viene. Los estatales votaron a favor de la oferta.<\/h2>\n\n\n\n<figure class=\"wp-block-embed is-type-video is-provider-youtube wp-block-embed-youtube wp-embed-aspect-16-9 wp-has-aspect-ratio\"><div class=\"wp-block-embed__wrapper\">\n<iframe loading=\"lazy\" title=\"Amsaf\u00e9 rechaz\u00f3 la oferta salarial del Gobierno y los docentes har\u00e1n un paro de 24 horas\" width=\"800\" height=\"450\" src=\"https:\/\/www.youtube.com\/embed\/-KqQK2T1Szs?feature=oembed\" frameborder=\"0\" allow=\"accelerometer; autoplay; clipboard-write; encrypted-media; gyroscope; picture-in-picture; web-share\" referrerpolicy=\"strict-origin-when-cross-origin\" allowfullscreen><\/iframe>\n<\/div><\/figure>\n\n\n\n<p><\/p>\n\n\n\n<p><strong>El gremio Amsaf\u00e9 rechaz\u00f3 por amplio margen a nivel provincial la propuesta salarial<\/strong>&nbsp;del gobierno santafesino<strong>&nbsp;y los docentes p\u00fablicos&nbsp;lanzaron&nbsp;un paro de 24 horas para el mi\u00e9rcoles 7 de agosto<\/strong>, por lo que el segundo semestre del ciclo lectivo comienza con medidas de fuerza. Los docentes privados nucelados en Sadop resolver\u00e1n si aceptan o no el lunes que viene.&nbsp;<\/p>\n\n\n\n<p>Los n\u00fameros de la votaci\u00f3n en las escuelas fueron contundentes:\u00a0<strong>un 91% maestros de la provincia defini\u00f3 el rechazo y la realizaci\u00f3n de huelgas<\/strong>, mientras que apenas el 9% opt\u00f3 por la aceptaci\u00f3n. El total de docentes que votaron fue de 23.799.<\/p>\n\n\n\n<p>El gobierno provincial realiz\u00f3&nbsp;<strong><a href=\"https:\/\/www.rosario3.com\/informaciongeneral\/Paritaria-docente-el-Gobierno-realizo-una-nueva-oferta-salarial-que-Amsafe-evaluo-como-escasa-e-incompleta-20240731-0053.html\" target=\"_blank\" rel=\"noreferrer noopener\">una oferta<\/a>&nbsp;trimestral del 9,95 % para el trimestre julio &#8211; septiembre,<\/strong>&nbsp;tomando como base los sueldos de junio. El ministro Jos\u00e9 Goity resalt\u00f3 que \u201cla propuesta&nbsp;<strong>garantiza un piso de 50 mil pesos para todos<\/strong>, a efectivizar por planilla complementaria en agosto\u201d.<\/p>\n\n\n\n<p>Sin embargo, los representantes de los gremios docentes salieron de la reuni\u00f3n paritaria de este mi\u00e9rcoles insatisfechos&nbsp;<strong>y evaluaron la oferta como \u201cescasa e incompleta\u201d<\/strong>. Esa postura se reflej\u00f3 posteriormente en las mociones votadas por los maestros, tanto en la departamental Rosario como a nivel provincial.<\/p>\n\n\n\n<p>Este viernes, el titular de Amsaf\u00e9, Rodrigo Alonso, expres\u00f3 que\u00a0<strong>el gobierno provincial debe dejar de transitar \u00abun camino de ajuste\u00bb\u00a0<\/strong>y reiter\u00f3 cu\u00e1l es la exigencia del gremio: \u00abQueremos una nueva propuesta paritaria que d\u00e9 cuenta de la p\u00e9rdida del poder adquisitivo y que se d\u00e9 marcha atr\u00e1s con el presentismo\u201d.<\/p>\n\n\n\n<p>En Rosario, de las tres mociones presentadas gan\u00f3 por amplio margen la del rechazo con un paro de 24 horas la semana que viene y uno de 48 horas en la siguiente,&nbsp;<strong>aunque finalmente la que se impuso en la provincia es solo el paro del mi\u00e9rcoles 7<\/strong>.<\/p>\n\n\n\n<p>En cuanto a los otros gremios docentes,&nbsp;<strong>el Sindicato Argentino de Docentes Particulares (Sadop) resolver\u00e1 el lunes pr\u00f3ximo<\/strong>&nbsp;si acepta o rechaza la propuesta salarial.<\/p>\n\n\n\n<h2 class=\"wp-block-heading\">Los estatales aceptaron<\/h2>\n\n\n\n<p>A diferencia de los docentes de Amsaf\u00e9,&nbsp;<strong>los trabajadores estatales de Santa Fe aceptaron, por escaso margen, la \u00faltima propuesta salarial del gobierno provincial<\/strong>&nbsp;realizada esta semana&nbsp;en paritarias, que consiste en un aumento trimestral del 9,95% respecto a los sueldos de junio.<\/p>\n\n\n\n<p>Los estatales de ATE aceptaron por una \u201cleve diferencia\u201d y \u201cen disconformidad\u201d la oferta salarial.&nbsp;<strong>El 52% vot\u00f3 por la aceptaci\u00f3n<\/strong>&nbsp;y el 48% por el rechazo.<\/p>\n\n\n\n<p>Por su parte, UPCN tambi\u00e9n acept\u00f3 la oferta, con cifras muy similares:&nbsp;<strong>53% a favor y 47% en contra<\/strong>. \u201cLa propuesta de pol\u00edtica salarial ha sido aceptada por mayor\u00eda\u201d, se\u00f1alaron desde el sindicato de estatales este viernes al mediod\u00eda a trav\u00e9s de un comunicado de prensa.<\/p>\n","protected":false},"excerpt":{"rendered":"<p>Amsaf\u00e9 rechaz\u00f3 la oferta salarial del Gobierno y los docentes har\u00e1n un paro el mi\u00e9rcoles 7 de agosto.<\/p>\n","protected":false},"author":1,"featured_media":43613,"comment_status":"open","ping_status":"open","sticky":false,"template":"","format":"image","meta":{"_jetpack_memberships_contains_paid_content":false,"footnotes":"","jetpack_publicize_message":"","jetpack_publicize_feature_enabled":true,"jetpack_social_post_already_shared":true,"jetpack_social_options":{"image_generator_settings":{"template":"highway","default_image_id":0,"enabled":false},"version":2}},"categories":[8,1,2,7,3],"tags":[3406,10721,8777,3526,10919,5022],"class_list":["post-43612","post","type-post","status-publish","format-image","has-post-thumbnail","hentry","category-deliberando","category-diario-armstrong","category-locales","category-politica","category-region","tag-amsafe","tag-diario-armstrong-region","tag-lic-graciela-de-la-casa","tag-oferta","tag-rechazo","tag-salarial","post_format-post-format-image"],"jetpack_publicize_connections":[],"jetpack_featured_media_url":"https:\/\/armstrongyregion.com.ar\/diario\/wp-content\/uploads\/2024\/08\/amsafe_movilizacion_crop1713801182188_crop1715009492004.jpg_1756841869.jpg","jetpack_shortlink":"https:\/\/wp.me\/p62QDO-blq","jetpack_sharing_enabled":true,"amp_enabled":true,"_links":{"self":[{"href":"https:\/\/armstrongyregion.com.ar\/diario\/wp-json\/wp\/v2\/posts\/43612","targetHints":{"allow":["GET"]}}],"collection":[{"href":"https:\/\/armstrongyregion.com.ar\/diario\/wp-json\/wp\/v2\/posts"}],"about":[{"href":"https:\/\/armstrongyregion.com.ar\/diario\/wp-json\/wp\/v2\/types\/post"}],"author":[{"embeddable":true,"href":"https:\/\/armstrongyregion.com.ar\/diario\/wp-json\/wp\/v2\/users\/1"}],"replies":[{"embeddable":true,"href":"https:\/\/armstrongyregion.com.ar\/diario\/wp-json\/wp\/v2\/comments?post=43612"}],"version-history":[{"count":1,"href":"https:\/\/armstrongyregion.com.ar\/diario\/wp-json\/wp\/v2\/posts\/43612\/revisions"}],"predecessor-version":[{"id":43614,"href":"https:\/\/armstrongyregion.com.ar\/diario\/wp-json\/wp\/v2\/posts\/43612\/revisions\/43614"}],"wp:featuredmedia":[{"embeddable":true,"href":"https:\/\/armstrongyregion.com.ar\/diario\/wp-json\/wp\/v2\/media\/43613"}],"wp:attachment":[{"href":"https:\/\/armstrongyregion.com.ar\/diario\/wp-json\/wp\/v2\/media?parent=43612"}],"wp:term":[{"taxonomy":"category","embeddable":true,"href":"https:\/\/armstrongyregion.com.ar\/diario\/wp-json\/wp\/v2\/categories?post=43612"},{"taxonomy":"post_tag","embeddable":true,"href":"https:\/\/armstrongyregion.com.ar\/diario\/wp-json\/wp\/v2\/tags?post=43612"}],"curies":[{"name":"wp","href":"https:\/\/api.w.org\/{rel}","templated":true}]}}