{"id":43608,"date":"2024-08-01T01:07:29","date_gmt":"2024-08-01T01:07:29","guid":{"rendered":"https:\/\/armstrongyregion.com.ar\/diario\/?p=43608"},"modified":"2024-08-01T01:07:31","modified_gmt":"2024-08-01T01:07:31","slug":"villa-eloisa-y-san-ricardo-unidos-por-ripio","status":"publish","type":"post","link":"https:\/\/armstrongyregion.com.ar\/diario\/villa-eloisa-y-san-ricardo-unidos-por-ripio\/","title":{"rendered":"Villa Elo\u00edsa y San Ricardo unidos por ripio."},"content":{"rendered":"\n<figure class=\"wp-block-image size-full\"><a href=\"http:\/\/armstrongyregion.com.ar\/diario\/wp-content\/uploads\/2024\/08\/MAURICIO-TARTAGLINI-.jpeg\"><img loading=\"lazy\" decoding=\"async\" width=\"1024\" height=\"576\" src=\"http:\/\/armstrongyregion.com.ar\/diario\/wp-content\/uploads\/2024\/08\/MAURICIO-TARTAGLINI-.jpeg\" alt=\"\" class=\"wp-image-43609\" srcset=\"https:\/\/armstrongyregion.com.ar\/diario\/wp-content\/uploads\/2024\/08\/MAURICIO-TARTAGLINI-.jpeg 1024w, https:\/\/armstrongyregion.com.ar\/diario\/wp-content\/uploads\/2024\/08\/MAURICIO-TARTAGLINI--300x169.jpeg 300w, https:\/\/armstrongyregion.com.ar\/diario\/wp-content\/uploads\/2024\/08\/MAURICIO-TARTAGLINI--768x432.jpeg 768w\" sizes=\"auto, (max-width: 1024px) 100vw, 1024px\" \/><\/a><\/figure>\n\n\n\n<h2 class=\"wp-block-heading\">Se trata de una obra esperada, son 8 km de ripio con un presupuesto de 280 millones de pesos, en un pedido hist\u00f3rico de esa zona de la provincia de Santa Fe.<\/h2>\n\n\n\n<p>Mauricio Tartaglini, es el presidente comunal de Villa Elo\u00edsa, estuvo en el programa \u00abEntre ustedes y nosotros\u00bb que conduce MIguel Gerv\u00e1n de lunes a viernes de 16 a 18hs en CNN Radio Ca\u00f1ada de G\u00f3mez, habl\u00f3 all\u00ed sobre una obra tan esperada como es el camino que une a Villa Eloisa con San Ricardo, se trata de una trabajo cuyo presupuesto supera los 280 millones de pesos<\/p>\n\n\n\n<p>\u201cEs un pedido que venimos haciendo hace muchos a\u00f1os\u00bb, explic\u00f3 Tartaglini y sigui\u00f3: \u00abYa es un hecho que en breve van a comenzar las obras para desarrollar este importante proyecto que tiene que ver con una mejora sustancial en la transitabilidad que une Villa Elo\u00edsa con el famoso y querido paraje de San Ricardo\u00bb<\/p>\n\n\n\n<p>Tartaglini cont\u00f3 que tienen 90 d\u00edas para realizar la primera etapa y&nbsp; esperan comenzar la semana que viene misma con el trabajo de altura y colocaci\u00f3n de alcantarillado. y detall\u00f3: \u00abEl camino es provincial por eso tiene que haber un trabajo en conjunto en el dise\u00f1o, en la proyecci\u00f3n y luego en el mantenimiento. Es un gran desaf\u00edo que demanda un trabajo en conjunto permanente.&nbsp;Son 8 km de ripio. El tramo hist\u00f3rico que est\u00e1 entre Villa Elo\u00edsa y San Ricardo\u00bb.<\/p>\n\n\n\n<p>\u00abEn san Ricardo funciona una escuela rural que consta de jard\u00edn de infantes, primaria y secundaria. Tambi\u00e9n hay un tambo y una planta de silos m\u00e1s toda la gente que habita, o sea que no es solamente un camino rural donde no pasa nadie, es un tramo muy transitado, ese camino une a Villa Elo\u00edsa y San Jos\u00e9 de la esquina son 22 km, as\u00ed que ahora vamos a tener 8k de ripiado, m\u00e1s 2km m\u00e1s de acceso. Estamos teniendo casi 10km de un mejorado que une Villa Elo\u00edsa y San Jos\u00e9 de la esquina\u00bb, finaliz\u00f3 Mauricio Tartaglini<\/p>\n\n\n\n<figure class=\"wp-block-embed is-type-video is-provider-youtube wp-block-embed-youtube wp-embed-aspect-16-9 wp-has-aspect-ratio\"><div class=\"wp-block-embed__wrapper\">\n<iframe loading=\"lazy\" title=\"Mauricio Tartaglini - Presidente Comunal de Villa Elo\u00edsa\" width=\"800\" height=\"450\" src=\"https:\/\/www.youtube.com\/embed\/wrya_Rt0D4M?feature=oembed\" frameborder=\"0\" allow=\"accelerometer; autoplay; clipboard-write; encrypted-media; gyroscope; picture-in-picture; web-share\" referrerpolicy=\"strict-origin-when-cross-origin\" allowfullscreen><\/iframe>\n<\/div><\/figure>\n\n\n\n<p>Fuente: CDG 24.<\/p>\n","protected":false},"excerpt":{"rendered":"<p>Villa Elo\u00edsa y San Ricardo unidos por ripio.<\/p>\n","protected":false},"author":1,"featured_media":43609,"comment_status":"open","ping_status":"open","sticky":false,"template":"","format":"image","meta":{"_jetpack_memberships_contains_paid_content":false,"footnotes":"","jetpack_publicize_message":"","jetpack_publicize_feature_enabled":true,"jetpack_social_post_already_shared":true,"jetpack_social_options":{"image_generator_settings":{"template":"highway","default_image_id":0,"enabled":false},"version":2}},"categories":[8,1,2,7,3],"tags":[10721,8777,10918,1448,9371],"class_list":["post-43608","post","type-post","status-publish","format-image","has-post-thumbnail","hentry","category-deliberando","category-diario-armstrong","category-locales","category-politica","category-region","tag-diario-armstrong-region","tag-lic-graciela-de-la-casa","tag-ripio","tag-unidos","tag-villa-eloisa","post_format-post-format-image"],"jetpack_publicize_connections":[],"jetpack_featured_media_url":"https:\/\/armstrongyregion.com.ar\/diario\/wp-content\/uploads\/2024\/08\/MAURICIO-TARTAGLINI-.jpeg","jetpack_shortlink":"https:\/\/wp.me\/p62QDO-blm","jetpack_sharing_enabled":true,"amp_enabled":true,"_links":{"self":[{"href":"https:\/\/armstrongyregion.com.ar\/diario\/wp-json\/wp\/v2\/posts\/43608","targetHints":{"allow":["GET"]}}],"collection":[{"href":"https:\/\/armstrongyregion.com.ar\/diario\/wp-json\/wp\/v2\/posts"}],"about":[{"href":"https:\/\/armstrongyregion.com.ar\/diario\/wp-json\/wp\/v2\/types\/post"}],"author":[{"embeddable":true,"href":"https:\/\/armstrongyregion.com.ar\/diario\/wp-json\/wp\/v2\/users\/1"}],"replies":[{"embeddable":true,"href":"https:\/\/armstrongyregion.com.ar\/diario\/wp-json\/wp\/v2\/comments?post=43608"}],"version-history":[{"count":1,"href":"https:\/\/armstrongyregion.com.ar\/diario\/wp-json\/wp\/v2\/posts\/43608\/revisions"}],"predecessor-version":[{"id":43610,"href":"https:\/\/armstrongyregion.com.ar\/diario\/wp-json\/wp\/v2\/posts\/43608\/revisions\/43610"}],"wp:featuredmedia":[{"embeddable":true,"href":"https:\/\/armstrongyregion.com.ar\/diario\/wp-json\/wp\/v2\/media\/43609"}],"wp:attachment":[{"href":"https:\/\/armstrongyregion.com.ar\/diario\/wp-json\/wp\/v2\/media?parent=43608"}],"wp:term":[{"taxonomy":"category","embeddable":true,"href":"https:\/\/armstrongyregion.com.ar\/diario\/wp-json\/wp\/v2\/categories?post=43608"},{"taxonomy":"post_tag","embeddable":true,"href":"https:\/\/armstrongyregion.com.ar\/diario\/wp-json\/wp\/v2\/tags?post=43608"}],"curies":[{"name":"wp","href":"https:\/\/api.w.org\/{rel}","templated":true}]}}