{"id":43605,"date":"2024-08-01T00:09:20","date_gmt":"2024-08-01T00:09:20","guid":{"rendered":"https:\/\/armstrongyregion.com.ar\/diario\/?p=43605"},"modified":"2024-08-01T00:09:22","modified_gmt":"2024-08-01T00:09:22","slug":"este-domingo-se-viene-el-medio-maraton-homenaje-a-delfo-cabrera","status":"publish","type":"post","link":"https:\/\/armstrongyregion.com.ar\/diario\/este-domingo-se-viene-el-medio-maraton-homenaje-a-delfo-cabrera\/","title":{"rendered":"Este domingo se viene el medio Marat\u00f3n Homenaje a Delfo Cabrera."},"content":{"rendered":"\n<figure class=\"wp-block-image size-full\"><a href=\"http:\/\/armstrongyregion.com.ar\/diario\/wp-content\/uploads\/2024\/08\/MARATON-DELFO-CABRERA-.jpg\"><img loading=\"lazy\" decoding=\"async\" width=\"597\" height=\"361\" src=\"http:\/\/armstrongyregion.com.ar\/diario\/wp-content\/uploads\/2024\/08\/MARATON-DELFO-CABRERA-.jpg\" alt=\"\" class=\"wp-image-43606\" srcset=\"https:\/\/armstrongyregion.com.ar\/diario\/wp-content\/uploads\/2024\/08\/MARATON-DELFO-CABRERA-.jpg 597w, https:\/\/armstrongyregion.com.ar\/diario\/wp-content\/uploads\/2024\/08\/MARATON-DELFO-CABRERA--300x181.jpg 300w\" sizes=\"auto, (max-width: 597px) 100vw, 597px\" \/><\/a><\/figure>\n\n\n\n<p>La Municipalidad de Armstrong informa que est\u00e1n abiertas las inscripciones para participar de la edici\u00f3n N\u00b0 20 del medio marat\u00f3n Homenaje al gran Delfo Cabrera que se realizar\u00e1 el domingo 4 de agosto con largada a las 9 hs. desde Plaza Flotron.<\/p>\n\n\n\n<p><a href=\"https:\/\/www.facebook.com\/sharer\/sharer.php?u=https:\/\/renacerfm.com.ar\/contenido\/18376\/este-domingo-se-viene-el-medio-maraton-homenaje-a-delfo-cabrera-en-armstrong\" target=\"_blank\" rel=\"noreferrer noopener\"><\/a>\u00a0<a href=\"https:\/\/twitter.com\/intent\/tweet?url=https:\/\/renacerfm.com.ar\/contenido\/18376\/este-domingo-se-viene-el-medio-maraton-homenaje-a-delfo-cabrera-en-armstrong&amp;text=ESTE%20DOMINGO%20SE%20VIENE%20EL%20MEDIO%20MARAT%C3%93N%20HOMENAJE%20A%20DELFO%20CABRERA%20EN%20ARMSTRONG\" target=\"_blank\" rel=\"noreferrer noopener\"><\/a>\u00a0<a href=\"https:\/\/www.linkedin.com\/shareArticle?url=https:\/\/renacerfm.com.ar\/contenido\/18376\/este-domingo-se-viene-el-medio-maraton-homenaje-a-delfo-cabrera-en-armstrong\" target=\"_blank\" rel=\"noreferrer noopener\"><\/a>\u00a0<a href=\"https:\/\/pinterest.com\/pin\/create\/bookmarklet\/?url=https:\/\/renacerfm.com.ar\/contenido\/18376\/este-domingo-se-viene-el-medio-maraton-homenaje-a-delfo-cabrera-en-armstrong\" target=\"_blank\" rel=\"noreferrer noopener\"><\/a>\u00a0<\/p>\n\n\n\n<p>La Municipalidad de Armstrong informa que est\u00e1n abiertas las inscripciones para participar de la edici\u00f3n N\u00b0 20 del medio marat\u00f3n Homenaje al gran Delfo Cabrera que se realizar\u00e1 el domingo 4 de agosto con largada a las 9 hs. desde Plaza Flotron.<\/p>\n\n\n\n<p>Las distancias de 10k y 21k est\u00e1n homologadas, circuito certificado por la Confederaci\u00f3n Argentina de Atletismo, y las inscripciones se realizan a trav\u00e9s de www.eventick.com.ar.&nbsp;<\/p>\n\n\n\n<p>En cuanto a las inscripciones para la prueba integrativa no competitiva de 6 km., se deber\u00e1 completar un formulario el cual se encuentra en el Facebook Marat\u00f3n Delfo Cabrera Armstrong, solicitarlo por whatsapp al 3471-341769 \u00f3 en el link &nbsp;https:\/\/forms.gle\/Y6cywxUNvZ51CTs8A<\/p>\n\n\n\n<p>El costo de la inscripci\u00f3n incluye el kit compuesto por una remera, n\u00famero del competidor (dorsal), chip, y los nutrientes e hidrataci\u00f3n durante el recorrido.<\/p>\n\n\n\n<p>Los menores de edad necesitar\u00e1n la autorizaci\u00f3n de un mayor, recordando que para participar de las distancias competitivas deber\u00e1n tener 16 a\u00f1os de edad, al 31 de diciembre de 2024.<\/p>\n\n\n\n<p>Un detalle para destacar: considerando los 20 a\u00f1os de esta propuesta y que los atletas locales nos representan en tantos otros circuitos, que a lo largo de todo el a\u00f1o est\u00e1n trabajando en el atletismo y son un ejemplo para los que se van sumando a la actividad, los atletas locales que van a participar 10 y 21 k. deber\u00e1n completar un formulario en particular (no en Eventick), para abonar el 50 % del valor de la inscripci\u00f3n. Este beneficio alcanza tambi\u00e9n a los armstronenses que participen de los 6 k. https:\/\/forms.gle\/26V4JokoAfK3StyGA<\/p>\n\n\n\n<p>El d\u00eda s\u00e1bado 3 de agosto en Plaza Flotron de 10 a 18 hs. tambi\u00e9n habr\u00e1 una mesa para inscripciones, y el mismo d\u00eda del medio marat\u00f3n, hasta una hora antes del inicio.<\/p>\n\n\n\n<p>Todos los participantes tendr\u00e1n su medalla, premios del 1\u00b0 al 5\u00b0 de cada categor\u00eda competitiva damas y caballeros, y premios en efectivo para la general del 1\u00b0 al 5\u00b0 puesto, damas y caballeros.&nbsp;<\/p>\n\n\n\n<p>La fiscalizaci\u00f3n general est\u00e1 a cargo de la Asociaci\u00f3n Rosarina de Atletismo (A.R.D.A).<\/p>\n\n\n\n<p>Fuente: Renacer Regional.<\/p>\n\n\n\n<p><a href=\"https:\/\/api.whatsapp.com\/send?text=ESTE%20DOMINGO%20SE%20VIENE%20EL%20MEDIO%20MARAT%C3%93N%20HOMENAJE%20A%20DELFO%20CABRERA%20EN%20ARMSTRONG+https:\/\/renacerfm.com.ar\/contenido\/18376\/este-domingo-se-viene-el-medio-maraton-homenaje-a-delfo-cabrera-en-armstrong\" target=\"_blank\" rel=\"noreferrer noopener\"><\/a><\/p>\n","protected":false},"excerpt":{"rendered":"<p>Este domingo se viene el medio Marat\u00f3n Homenaje a Delfo Cabrera.<\/p>\n","protected":false},"author":1,"featured_media":43606,"comment_status":"open","ping_status":"open","sticky":false,"template":"","format":"image","meta":{"_jetpack_memberships_contains_paid_content":false,"footnotes":"","jetpack_publicize_message":"","jetpack_publicize_feature_enabled":true,"jetpack_social_post_already_shared":true,"jetpack_social_options":{"image_generator_settings":{"template":"highway","default_image_id":0,"enabled":false},"version":2}},"categories":[8,5,1,2,7,3],"tags":[10916,9645,10721,8777,9564],"class_list":["post-43605","post","type-post","status-publish","format-image","has-post-thumbnail","hentry","category-deliberando","category-deportes","category-diario-armstrong","category-locales","category-politica","category-region","tag-4-de-agosto","tag-delfo-cabrera","tag-diario-armstrong-region","tag-lic-graciela-de-la-casa","tag-maraton-2","post_format-post-format-image"],"jetpack_publicize_connections":[],"jetpack_featured_media_url":"https:\/\/armstrongyregion.com.ar\/diario\/wp-content\/uploads\/2024\/08\/MARATON-DELFO-CABRERA-.jpg","jetpack_shortlink":"https:\/\/wp.me\/p62QDO-blj","jetpack_sharing_enabled":true,"amp_enabled":true,"_links":{"self":[{"href":"https:\/\/armstrongyregion.com.ar\/diario\/wp-json\/wp\/v2\/posts\/43605","targetHints":{"allow":["GET"]}}],"collection":[{"href":"https:\/\/armstrongyregion.com.ar\/diario\/wp-json\/wp\/v2\/posts"}],"about":[{"href":"https:\/\/armstrongyregion.com.ar\/diario\/wp-json\/wp\/v2\/types\/post"}],"author":[{"embeddable":true,"href":"https:\/\/armstrongyregion.com.ar\/diario\/wp-json\/wp\/v2\/users\/1"}],"replies":[{"embeddable":true,"href":"https:\/\/armstrongyregion.com.ar\/diario\/wp-json\/wp\/v2\/comments?post=43605"}],"version-history":[{"count":1,"href":"https:\/\/armstrongyregion.com.ar\/diario\/wp-json\/wp\/v2\/posts\/43605\/revisions"}],"predecessor-version":[{"id":43607,"href":"https:\/\/armstrongyregion.com.ar\/diario\/wp-json\/wp\/v2\/posts\/43605\/revisions\/43607"}],"wp:featuredmedia":[{"embeddable":true,"href":"https:\/\/armstrongyregion.com.ar\/diario\/wp-json\/wp\/v2\/media\/43606"}],"wp:attachment":[{"href":"https:\/\/armstrongyregion.com.ar\/diario\/wp-json\/wp\/v2\/media?parent=43605"}],"wp:term":[{"taxonomy":"category","embeddable":true,"href":"https:\/\/armstrongyregion.com.ar\/diario\/wp-json\/wp\/v2\/categories?post=43605"},{"taxonomy":"post_tag","embeddable":true,"href":"https:\/\/armstrongyregion.com.ar\/diario\/wp-json\/wp\/v2\/tags?post=43605"}],"curies":[{"name":"wp","href":"https:\/\/api.w.org\/{rel}","templated":true}]}}