{"id":43602,"date":"2024-07-31T23:42:36","date_gmt":"2024-07-31T23:42:36","guid":{"rendered":"https:\/\/armstrongyregion.com.ar\/diario\/?p=43602"},"modified":"2024-07-31T23:42:38","modified_gmt":"2024-07-31T23:42:38","slug":"movilizacion-de-vecinos-autoconvocados-por-hechos-delictivos-en-bouquet","status":"publish","type":"post","link":"https:\/\/armstrongyregion.com.ar\/diario\/movilizacion-de-vecinos-autoconvocados-por-hechos-delictivos-en-bouquet\/","title":{"rendered":"Movilizaci\u00f3n de vecinos autoconvocados por hechos delictivos en Bouquet."},"content":{"rendered":"\n<figure class=\"wp-block-image size-full\"><a href=\"http:\/\/armstrongyregion.com.ar\/diario\/wp-content\/uploads\/2024\/07\/VECINOS-BOUQUET-.jpg\"><img loading=\"lazy\" decoding=\"async\" width=\"645\" height=\"370\" src=\"http:\/\/armstrongyregion.com.ar\/diario\/wp-content\/uploads\/2024\/07\/VECINOS-BOUQUET-.jpg\" alt=\"\" class=\"wp-image-43603\" srcset=\"https:\/\/armstrongyregion.com.ar\/diario\/wp-content\/uploads\/2024\/07\/VECINOS-BOUQUET-.jpg 645w, https:\/\/armstrongyregion.com.ar\/diario\/wp-content\/uploads\/2024\/07\/VECINOS-BOUQUET--300x172.jpg 300w\" sizes=\"auto, (max-width: 645px) 100vw, 645px\" \/><\/a><\/figure>\n\n\n\n<h2 class=\"wp-block-heading\">Estuvo presente el Jefe de la URIII del Dep. Belgrano, quien recibi\u00f3 a los vecinos y brind\u00f3 respuesta a las distintas inquietudes.<\/h2>\n\n\n\n<p><\/p>\n\n\n\n<p>Vecinos autoconvocados se llegaron hasta la Comisaria VI de la localidad por los hechos delictivos ocurridos en este \u00faltimo tiempo. Robos en algunos domicilios, la quema de una motocicleta, agresi\u00f3n contra una vivienda de la localidad con agresi\u00f3n y amenaza a sus moradores.<\/p>\n\n\n\n<p>Estuvo presente el Dir. de Polic\u00eda Guillermo Solari, Jefe de la URIII del Dep. Belgrano, quien recibi\u00f3 a los vecinos y brind\u00f3 respuesta a las distintas inquietudes.<\/p>\n\n\n\n<p>Fuente: Renacer Regional.<\/p>\n","protected":false},"excerpt":{"rendered":"<p>Movilizaci\u00f3n de vecinos autoconvocados por hechos delictivos en Bouquet.<\/p>\n","protected":false},"author":1,"featured_media":43603,"comment_status":"open","ping_status":"open","sticky":false,"template":"","format":"image","meta":{"_jetpack_memberships_contains_paid_content":false,"footnotes":"","jetpack_publicize_message":"","jetpack_publicize_feature_enabled":true,"jetpack_social_post_already_shared":true,"jetpack_social_options":{"image_generator_settings":{"template":"highway","default_image_id":0,"enabled":false},"version":2}},"categories":[8,1,2,7,3],"tags":[8843,10914,10721,15,4009,8777,60,10913],"class_list":["post-43602","post","type-post","status-publish","format-image","has-post-thumbnail","hentry","category-deliberando","category-diario-armstrong","category-locales","category-politica","category-region","tag-bouquet-2","tag-delictivos","tag-diario-armstrong-region","tag-en","tag-hechos","tag-lic-graciela-de-la-casa","tag-por","tag-vecinos-autoconvocados","post_format-post-format-image"],"jetpack_publicize_connections":[],"jetpack_featured_media_url":"https:\/\/armstrongyregion.com.ar\/diario\/wp-content\/uploads\/2024\/07\/VECINOS-BOUQUET-.jpg","jetpack_shortlink":"https:\/\/wp.me\/p62QDO-blg","jetpack_sharing_enabled":true,"amp_enabled":true,"_links":{"self":[{"href":"https:\/\/armstrongyregion.com.ar\/diario\/wp-json\/wp\/v2\/posts\/43602","targetHints":{"allow":["GET"]}}],"collection":[{"href":"https:\/\/armstrongyregion.com.ar\/diario\/wp-json\/wp\/v2\/posts"}],"about":[{"href":"https:\/\/armstrongyregion.com.ar\/diario\/wp-json\/wp\/v2\/types\/post"}],"author":[{"embeddable":true,"href":"https:\/\/armstrongyregion.com.ar\/diario\/wp-json\/wp\/v2\/users\/1"}],"replies":[{"embeddable":true,"href":"https:\/\/armstrongyregion.com.ar\/diario\/wp-json\/wp\/v2\/comments?post=43602"}],"version-history":[{"count":1,"href":"https:\/\/armstrongyregion.com.ar\/diario\/wp-json\/wp\/v2\/posts\/43602\/revisions"}],"predecessor-version":[{"id":43604,"href":"https:\/\/armstrongyregion.com.ar\/diario\/wp-json\/wp\/v2\/posts\/43602\/revisions\/43604"}],"wp:featuredmedia":[{"embeddable":true,"href":"https:\/\/armstrongyregion.com.ar\/diario\/wp-json\/wp\/v2\/media\/43603"}],"wp:attachment":[{"href":"https:\/\/armstrongyregion.com.ar\/diario\/wp-json\/wp\/v2\/media?parent=43602"}],"wp:term":[{"taxonomy":"category","embeddable":true,"href":"https:\/\/armstrongyregion.com.ar\/diario\/wp-json\/wp\/v2\/categories?post=43602"},{"taxonomy":"post_tag","embeddable":true,"href":"https:\/\/armstrongyregion.com.ar\/diario\/wp-json\/wp\/v2\/tags?post=43602"}],"curies":[{"name":"wp","href":"https:\/\/api.w.org\/{rel}","templated":true}]}}