{"id":43596,"date":"2024-07-31T00:53:42","date_gmt":"2024-07-31T00:53:42","guid":{"rendered":"https:\/\/armstrongyregion.com.ar\/diario\/?p=43596"},"modified":"2024-07-31T00:53:45","modified_gmt":"2024-07-31T00:53:45","slug":"provincia-avanza-en-la-adquisicion-de-pistolas-taser-para-las-fuerzas-de-seguridad","status":"publish","type":"post","link":"https:\/\/armstrongyregion.com.ar\/diario\/provincia-avanza-en-la-adquisicion-de-pistolas-taser-para-las-fuerzas-de-seguridad\/","title":{"rendered":"Provincia avanza en la adquisici\u00f3n de pistolas Taser para las fuerzas de Seguridad."},"content":{"rendered":"\n<figure class=\"wp-block-image size-large\"><a href=\"http:\/\/armstrongyregion.com.ar\/diario\/wp-content\/uploads\/2024\/07\/Armando-Faraoni-.jpg\"><img loading=\"lazy\" decoding=\"async\" width=\"1024\" height=\"734\" src=\"http:\/\/armstrongyregion.com.ar\/diario\/wp-content\/uploads\/2024\/07\/Armando-Faraoni--1024x734.jpg\" alt=\"\" class=\"wp-image-43598\" srcset=\"https:\/\/armstrongyregion.com.ar\/diario\/wp-content\/uploads\/2024\/07\/Armando-Faraoni--1024x734.jpg 1024w, https:\/\/armstrongyregion.com.ar\/diario\/wp-content\/uploads\/2024\/07\/Armando-Faraoni--300x215.jpg 300w, https:\/\/armstrongyregion.com.ar\/diario\/wp-content\/uploads\/2024\/07\/Armando-Faraoni--768x551.jpg 768w, https:\/\/armstrongyregion.com.ar\/diario\/wp-content\/uploads\/2024\/07\/Armando-Faraoni-.jpg 1061w\" sizes=\"auto, (max-width: 1024px) 100vw, 1024px\" \/><\/a><\/figure>\n\n\n\n<h2 class=\"wp-block-heading\">As\u00ed lo afirm\u00f3 el subsecretario de Tecnolog\u00eda y Equipamiento de Santa Fe, Armando Faraoni. \u201cEstimamos a fin de a\u00f1o poder incorporarlas\u201d, asegur\u00f3.<\/h2>\n\n\n\n<p>Desde el Gobierno de Santa Fe confirmaron que se avanza en el proceso de incorporar las pistolas Taser a las fuerzas de seguridad santafesinas. Al respecto, el subsecretario de Tecnolog\u00eda y Equipamiento del Ministerio de Justicia y Seguridad de la provincia, Armando Faraoni, afirm\u00f3 que \u201cnos han hecho demostraciones y estamos ya avanzando en lo administrativo, por lo cual si todo va de manera correcta estimamos a fin de a\u00f1o poder incorporarlas. Estamos pensando en unas 50 pistolas de manera inicial\u201d. Asimismo, el funcionario record\u00f3 que \u201cel gobernador Maximiliano Pullaro cuando era Ministro de Seguridad estuvo de acuerdo en el uso gradual de esta arma en la fuerza, porque la verdad que no es necesario herir o utilizar un arma de fuego cuando es posible utilizar armas de menor letalidad\u201d, y en ese sentido remarc\u00f3 que las Taser \u201cno son armas no letales, sino que son armas de menor letalidad porque el arma no letal no existe\u201d. <\/p>\n\n\n\n<p><\/p>\n\n\n\n<p><strong>*Capacitaci\u00f3n y buen uso*<\/strong><\/p>\n\n\n\n<p> Faraoni detall\u00f3 que \u201cla Taser genera un arco electrovoltaico que hace pasar por el agresor 50.000 voltios de tensi\u00f3n pero con una intensidad de corriente muy baja de 2 miliamperios, por lo que no hay que asociar el voltaje a la letalidad. Se recomienda utilizar esta arma especialmente en aquellas personas que est\u00e1n con una psiquis alterada o con alg\u00fan efecto de estupefacientes\u201d. <\/p>\n\n\n\n<p>Asimismo, el subsecretario de Tecnolog\u00eda y Equipamiento asegur\u00f3 que habr\u00e1 \u201ccapacitaciones y protocolos de utilizaci\u00f3n, adem\u00e1s de que la pistola tiene instrumentos de auditor\u00eda tanto para el buen uso como para si hay alguna especie de abuso\u201d. En ese sentido, describi\u00f3 que la pistola \u201ctiene una caja negra donde queda almacenado el momento en que se desenfunda, la tensi\u00f3n de corriente que se dispara al agresor, la intensidad de corriente que circula, c\u00f3mo impactaron los dardos, pero adem\u00e1s de eso, el agente que porta tiene una bodycam en el pecho que siempre est\u00e1 grabando, lo que permite tener un registro f\u00edlmico del contexto en el cual el arma fue desenfundada\u201d y sum\u00f3: \u201cLa body cam tambi\u00e9n se comunica con aquellos agentes que est\u00e1n alrededor de la persona que est\u00e1 utilizando el dispositivo y activa las c\u00e1maras corporales de los agentes que est\u00e1n cerca. Permite tener un registro f\u00edlmico desde varios \u00e1ngulos de lo que ocurri\u00f3\u201d.<\/p>\n\n\n\n<p> Por \u00faltimo, Faraoni subray\u00f3 que el agente policial \u201cportar\u00eda las dos armas, por eso la capacitaci\u00f3n es fundamental, ya que las armas se portan del lado cruzado. El arma de fuego se porta del lado de su mano h\u00e1bil y la Taser del otro lado. El polic\u00eda ver\u00e1 en su protocolo del uso gradual de la fuerza qu\u00e9 arma usa. Por supuesto, lo ideal es arrancar de menor a mayor\u201d, concluy\u00f3.<\/p>\n","protected":false},"excerpt":{"rendered":"<p>Provincia avanza en la adquisici\u00f3n de pistolas Taser para las fuerzas de Seguridad.<\/p>\n","protected":false},"author":1,"featured_media":43598,"comment_status":"open","ping_status":"open","sticky":false,"template":"","format":"image","meta":{"_jetpack_memberships_contains_paid_content":false,"footnotes":"","jetpack_publicize_message":"","jetpack_publicize_feature_enabled":true,"jetpack_social_post_already_shared":true,"jetpack_social_options":{"image_generator_settings":{"template":"highway","default_image_id":0,"enabled":false},"version":2}},"categories":[8,1,2,7,3],"tags":[3712,10911,634,19,9924,15,10910,31,8777,81,10908,8640,10909],"class_list":["post-43596","post","type-post","status-publish","format-image","has-post-thumbnail","hentry","category-deliberando","category-diario-armstrong","category-locales","category-politica","category-region","tag-adquisicion","tag-armando-faraoni","tag-avanza","tag-de","tag-diario-armstrong-y-region-2","tag-en","tag-fuerzas-de-seguridad","tag-la","tag-lic-graciela-de-la-casa","tag-para","tag-pistolas","tag-provincia-2","tag-taser","post_format-post-format-image"],"jetpack_publicize_connections":[],"jetpack_featured_media_url":"https:\/\/armstrongyregion.com.ar\/diario\/wp-content\/uploads\/2024\/07\/Armando-Faraoni-.jpg","jetpack_shortlink":"https:\/\/wp.me\/p62QDO-bla","jetpack_sharing_enabled":true,"amp_enabled":true,"_links":{"self":[{"href":"https:\/\/armstrongyregion.com.ar\/diario\/wp-json\/wp\/v2\/posts\/43596","targetHints":{"allow":["GET"]}}],"collection":[{"href":"https:\/\/armstrongyregion.com.ar\/diario\/wp-json\/wp\/v2\/posts"}],"about":[{"href":"https:\/\/armstrongyregion.com.ar\/diario\/wp-json\/wp\/v2\/types\/post"}],"author":[{"embeddable":true,"href":"https:\/\/armstrongyregion.com.ar\/diario\/wp-json\/wp\/v2\/users\/1"}],"replies":[{"embeddable":true,"href":"https:\/\/armstrongyregion.com.ar\/diario\/wp-json\/wp\/v2\/comments?post=43596"}],"version-history":[{"count":1,"href":"https:\/\/armstrongyregion.com.ar\/diario\/wp-json\/wp\/v2\/posts\/43596\/revisions"}],"predecessor-version":[{"id":43599,"href":"https:\/\/armstrongyregion.com.ar\/diario\/wp-json\/wp\/v2\/posts\/43596\/revisions\/43599"}],"wp:featuredmedia":[{"embeddable":true,"href":"https:\/\/armstrongyregion.com.ar\/diario\/wp-json\/wp\/v2\/media\/43598"}],"wp:attachment":[{"href":"https:\/\/armstrongyregion.com.ar\/diario\/wp-json\/wp\/v2\/media?parent=43596"}],"wp:term":[{"taxonomy":"category","embeddable":true,"href":"https:\/\/armstrongyregion.com.ar\/diario\/wp-json\/wp\/v2\/categories?post=43596"},{"taxonomy":"post_tag","embeddable":true,"href":"https:\/\/armstrongyregion.com.ar\/diario\/wp-json\/wp\/v2\/tags?post=43596"}],"curies":[{"name":"wp","href":"https:\/\/api.w.org\/{rel}","templated":true}]}}