{"id":43590,"date":"2024-07-29T21:32:59","date_gmt":"2024-07-29T21:32:59","guid":{"rendered":"https:\/\/armstrongyregion.com.ar\/diario\/?p=43590"},"modified":"2024-07-29T21:33:01","modified_gmt":"2024-07-29T21:33:01","slug":"se-inauguro-en-armstrong-el-primer-mural-del-programa-guitarreros","status":"publish","type":"post","link":"https:\/\/armstrongyregion.com.ar\/diario\/se-inauguro-en-armstrong-el-primer-mural-del-programa-guitarreros\/","title":{"rendered":"Se inaugur\u00f3 en Armstrong el primer mural del programa \u00abGuitarreros\u00bb."},"content":{"rendered":"\n<figure class=\"wp-block-image size-full\"><a href=\"http:\/\/armstrongyregion.com.ar\/diario\/wp-content\/uploads\/2024\/07\/MURAL-ENTE-CULTURAL-1-.jpeg\"><img loading=\"lazy\" decoding=\"async\" width=\"690\" height=\"377\" src=\"http:\/\/armstrongyregion.com.ar\/diario\/wp-content\/uploads\/2024\/07\/MURAL-ENTE-CULTURAL-1-.jpeg\" alt=\"\" class=\"wp-image-43591\" srcset=\"https:\/\/armstrongyregion.com.ar\/diario\/wp-content\/uploads\/2024\/07\/MURAL-ENTE-CULTURAL-1-.jpeg 690w, https:\/\/armstrongyregion.com.ar\/diario\/wp-content\/uploads\/2024\/07\/MURAL-ENTE-CULTURAL-1--300x164.jpeg 300w\" sizes=\"auto, (max-width: 690px) 100vw, 690px\" \/><\/a><\/figure>\n\n\n\n<h2 class=\"wp-block-heading\">En un acto de alta emotividad se inaugur\u00f3 a la vera de la ruta nacional 9, frente a la terminal de \u00f3mnibus el primer mural del programa\u00a0<strong>\u00abGuitarreros\u00bb<\/strong>, dedicado al cantor, m\u00fasico y poeta\u00a0<strong>Juan Godoy<\/strong>.<\/h2>\n\n\n\n<figure class=\"wp-block-image size-full\"><a href=\"http:\/\/armstrongyregion.com.ar\/diario\/wp-content\/uploads\/2024\/07\/ENTE-CULTURAL-3.jpg\"><img loading=\"lazy\" decoding=\"async\" width=\"812\" height=\"462\" src=\"http:\/\/armstrongyregion.com.ar\/diario\/wp-content\/uploads\/2024\/07\/ENTE-CULTURAL-3.jpg\" alt=\"\" class=\"wp-image-43592\" srcset=\"https:\/\/armstrongyregion.com.ar\/diario\/wp-content\/uploads\/2024\/07\/ENTE-CULTURAL-3.jpg 812w, https:\/\/armstrongyregion.com.ar\/diario\/wp-content\/uploads\/2024\/07\/ENTE-CULTURAL-3-300x171.jpg 300w, https:\/\/armstrongyregion.com.ar\/diario\/wp-content\/uploads\/2024\/07\/ENTE-CULTURAL-3-768x437.jpg 768w\" sizes=\"auto, (max-width: 812px) 100vw, 812px\" \/><\/a><\/figure>\n\n\n\n<p><br>En un acto de alta emotividad se inaugur\u00f3 a la vera de la ruta nacional 9, frente a la terminal de \u00f3mnibus el primer mural del programa&nbsp;<strong>\u00abGuitarreros\u00bb<\/strong>, dedicado al cantor, m\u00fasico y poeta&nbsp;<strong>Juan Godoy<\/strong><\/p>\n\n\n\n<p>A trav\u00e9s del proyecto elaborado y presentado por\u00a0<strong>Jorge Oliva\u00a0\/ Fundaci\u00f3n Bemba Color\u00e1<\/strong>, al<strong>\u00a0Ente Cultural Santafesino<\/strong>, se puso en marcha un nueva propuesta cultural dedicada a todos aquellos referentes culturales an\u00f3nimos que conforman el patrimonio cultural de cada comunidad adherida al Ente Cultural Santafesino.<\/p>\n\n\n\n<figure class=\"wp-block-image size-full\"><a href=\"http:\/\/armstrongyregion.com.ar\/diario\/wp-content\/uploads\/2024\/07\/ENTE-CULTURAL-2.jpg\"><img loading=\"lazy\" decoding=\"async\" width=\"360\" height=\"502\" src=\"http:\/\/armstrongyregion.com.ar\/diario\/wp-content\/uploads\/2024\/07\/ENTE-CULTURAL-2.jpg\" alt=\"\" class=\"wp-image-43593\" srcset=\"https:\/\/armstrongyregion.com.ar\/diario\/wp-content\/uploads\/2024\/07\/ENTE-CULTURAL-2.jpg 360w, https:\/\/armstrongyregion.com.ar\/diario\/wp-content\/uploads\/2024\/07\/ENTE-CULTURAL-2-215x300.jpg 215w\" sizes=\"auto, (max-width: 360px) 100vw, 360px\" \/><\/a><\/figure>\n\n\n\n<p>La tarde del\u00a0<strong>s\u00e1bado 27 de julio\u00a0<\/strong>reuni\u00f3 sobre la explanada de la terminal de Armstrong a distintas autoridades, amigos, vecinos y medios de comunicaci\u00f3n a descubrir el primer mural elaborado por el artista\u00a0<strong>Emiliano Pellegrini\u00a0<\/strong>quien se sum\u00f3 a dicha iniciativa que busca recorrer cada rinc\u00f3n santafesino como una \u201cgu\u00eda cultural y de reconocimientos\u00bb<\/p>\n\n\n\n<figure class=\"wp-block-image size-full\"><a href=\"http:\/\/armstrongyregion.com.ar\/diario\/wp-content\/uploads\/2024\/07\/ENTE-CULTURAL-JORGE-OLIVA-.jpg\"><img loading=\"lazy\" decoding=\"async\" width=\"621\" height=\"346\" src=\"http:\/\/armstrongyregion.com.ar\/diario\/wp-content\/uploads\/2024\/07\/ENTE-CULTURAL-JORGE-OLIVA-.jpg\" alt=\"\" class=\"wp-image-43594\" srcset=\"https:\/\/armstrongyregion.com.ar\/diario\/wp-content\/uploads\/2024\/07\/ENTE-CULTURAL-JORGE-OLIVA-.jpg 621w, https:\/\/armstrongyregion.com.ar\/diario\/wp-content\/uploads\/2024\/07\/ENTE-CULTURAL-JORGE-OLIVA--300x167.jpg 300w\" sizes=\"auto, (max-width: 621px) 100vw, 621px\" \/><\/a><\/figure>\n\n\n\n<p>Del acto participaron la responsable del Ente Cultural Santafesino Lic. Claudia Giaccone, el intendente de la ciudad Guillermo Luzzi, el senador departamental Pablo Verdechia, el presidente de la Fundaci\u00f3n Bemba Color\u00e1 Mauricio Verstraete, integrantes de la comisi\u00f3n directiva, las directoras de las Usinas Culturales I y III Elaine Escud\u00e9 y Cecilia De Francesco, concejales e integrantes del gabinete municipal<\/p>\n\n\n\n<p>Con una impecable y profunda conducci\u00f3n del acto, el m\u00fasico y periodista local Jorge Oliva fue llevando adelante este maravilloso encuentro, vertiendo conceptos, an\u00e9cdotas y momentos que permitieron descubri r la figura de Juan Godoy.<\/p>\n\n\n\n<p><strong>Claudia Giaccone&nbsp;<\/strong>manifest\u00f3 en sus palabras la satisfacci\u00f3n y emoci\u00f3n de reconocer a un amigo y a un gestor cultural permanente que nos dej\u00f3 en su legado su bonhom\u00eda, calidad humana y a trav\u00e9s del camino recorrido desde aquel mayo de 2016 en donde nos conocimos la producci\u00f3n de la Antolog\u00eda \u00abFrancotrinadores Santafesinos\u00bb. Gracias a todos los que se encuentran presentes y seguimos celebrando a este gran ser humano\/ Guitarrero a trav\u00e9s de su arte y humildad\u00bb<\/p>\n\n\n\n<p>El&nbsp;<strong>Intendente Guillermo Luzzi<\/strong>&nbsp;felicit\u00f3 a la fundaci\u00f3n Bemba Color\u00e1 por esta iniciativa e invit\u00f3 a seguir trabajando por la cultura de la ciudad y resaltando las acciones en conjunto, del estado con las instituciones y sus protagonistas<\/p>\n\n\n\n<p>El s<strong>enador Pablo Verdechia<\/strong>, se dirigi\u00f3 y record\u00f3 la figura y personalidad de Juan Godoy. \u00abEl dejaba los problemas a\u00fan costado, con su guitarra y su forma de ser te invitaba a olvidarte por un momento lo que pod\u00eda estar pasando\u00bb Un p\u00e1rrafo especial a Jorge Oliva quien sembr\u00f3 y propuso este proyecto al Ente Cultural Santafesino y hoy toma vida desde Armstrong hacia toda la provincia\u00bb.<\/p>\n\n\n\n<p><strong>Claudia Aquilanti<\/strong>&nbsp;en representaci\u00f3n de la&nbsp;<strong>Fundaci\u00f3n Bemba Color\u00e1&nbsp;<\/strong>se\u00f1al\u00f3 su alegr\u00eda y la de todos los que forman parte de la comisi\u00f3n directiva, de poder concretar este proyecto que nos permiti\u00f3 trabajar en formar conjunta con muchos actores, los cuales hoy posibilitan dejar plasmada la figura de Juan Godoy,&nbsp;<em>\u00abEs un d\u00eda de mucha felicidad para la Fundaci\u00f3n que trabaja incansablemente para originar acciones culturales como las que estamos viviendo en este momento\u00bb<\/em><\/p>\n","protected":false},"excerpt":{"rendered":"<p>Se inaugur\u00f3 en Armstrong el primer mural del programa \u00abGuitarreros\u00bb.<\/p>\n","protected":false},"author":1,"featured_media":43591,"comment_status":"open","ping_status":"open","sticky":false,"template":"","format":"image","meta":{"_jetpack_memberships_contains_paid_content":false,"footnotes":"","jetpack_publicize_message":"","jetpack_publicize_feature_enabled":true,"jetpack_social_post_already_shared":true,"jetpack_social_options":{"image_generator_settings":{"template":"highway","default_image_id":0,"enabled":false},"version":2}},"categories":[8,1,2,7,3],"tags":[20,1319,5030,10907,10906,8777,10905],"class_list":["post-43590","post","type-post","status-publish","format-image","has-post-thumbnail","hentry","category-deliberando","category-diario-armstrong","category-locales","category-politica","category-region","tag-armstrong","tag-claudia-giaccone","tag-diario-armstrong","tag-ente-cultural","tag-guitarreros","tag-lic-graciela-de-la-casa","tag-primer-mural","post_format-post-format-image"],"jetpack_publicize_connections":[],"jetpack_featured_media_url":"https:\/\/armstrongyregion.com.ar\/diario\/wp-content\/uploads\/2024\/07\/MURAL-ENTE-CULTURAL-1-.jpeg","jetpack_shortlink":"https:\/\/wp.me\/p62QDO-bl4","jetpack_sharing_enabled":true,"amp_enabled":true,"_links":{"self":[{"href":"https:\/\/armstrongyregion.com.ar\/diario\/wp-json\/wp\/v2\/posts\/43590","targetHints":{"allow":["GET"]}}],"collection":[{"href":"https:\/\/armstrongyregion.com.ar\/diario\/wp-json\/wp\/v2\/posts"}],"about":[{"href":"https:\/\/armstrongyregion.com.ar\/diario\/wp-json\/wp\/v2\/types\/post"}],"author":[{"embeddable":true,"href":"https:\/\/armstrongyregion.com.ar\/diario\/wp-json\/wp\/v2\/users\/1"}],"replies":[{"embeddable":true,"href":"https:\/\/armstrongyregion.com.ar\/diario\/wp-json\/wp\/v2\/comments?post=43590"}],"version-history":[{"count":1,"href":"https:\/\/armstrongyregion.com.ar\/diario\/wp-json\/wp\/v2\/posts\/43590\/revisions"}],"predecessor-version":[{"id":43595,"href":"https:\/\/armstrongyregion.com.ar\/diario\/wp-json\/wp\/v2\/posts\/43590\/revisions\/43595"}],"wp:featuredmedia":[{"embeddable":true,"href":"https:\/\/armstrongyregion.com.ar\/diario\/wp-json\/wp\/v2\/media\/43591"}],"wp:attachment":[{"href":"https:\/\/armstrongyregion.com.ar\/diario\/wp-json\/wp\/v2\/media?parent=43590"}],"wp:term":[{"taxonomy":"category","embeddable":true,"href":"https:\/\/armstrongyregion.com.ar\/diario\/wp-json\/wp\/v2\/categories?post=43590"},{"taxonomy":"post_tag","embeddable":true,"href":"https:\/\/armstrongyregion.com.ar\/diario\/wp-json\/wp\/v2\/tags?post=43590"}],"curies":[{"name":"wp","href":"https:\/\/api.w.org\/{rel}","templated":true}]}}