{"id":43586,"date":"2024-07-29T21:14:43","date_gmt":"2024-07-29T21:14:43","guid":{"rendered":"https:\/\/armstrongyregion.com.ar\/diario\/?p=43586"},"modified":"2024-07-29T21:14:45","modified_gmt":"2024-07-29T21:14:45","slug":"emiliano-gramigna-el-tema-de-vivienda-es-una-prioridad-para-nosotros","status":"publish","type":"post","link":"https:\/\/armstrongyregion.com.ar\/diario\/emiliano-gramigna-el-tema-de-vivienda-es-una-prioridad-para-nosotros\/","title":{"rendered":"Emiliano Gramigna: \u201cEl tema de vivienda es una prioridad para nosotros\u201d."},"content":{"rendered":"\n<figure class=\"wp-block-image size-full\"><a href=\"http:\/\/armstrongyregion.com.ar\/diario\/wp-content\/uploads\/2024\/07\/GRAMIGNA-COMPAGNUCCI-.jpg\"><img loading=\"lazy\" decoding=\"async\" width=\"640\" height=\"427\" src=\"http:\/\/armstrongyregion.com.ar\/diario\/wp-content\/uploads\/2024\/07\/GRAMIGNA-COMPAGNUCCI-.jpg\" alt=\"\" class=\"wp-image-43587\" srcset=\"https:\/\/armstrongyregion.com.ar\/diario\/wp-content\/uploads\/2024\/07\/GRAMIGNA-COMPAGNUCCI-.jpg 640w, https:\/\/armstrongyregion.com.ar\/diario\/wp-content\/uploads\/2024\/07\/GRAMIGNA-COMPAGNUCCI--300x200.jpg 300w\" sizes=\"auto, (max-width: 640px) 100vw, 640px\" \/><\/a><\/figure>\n\n\n\n<h2 class=\"wp-block-heading\">\u00a0Emiliano Gramigna manifest\u00f3 que el d\u00e9ficit habitacional que tiene la ciudad es enorme y la capacidad de la gesti\u00f3n actual para resolverlo fue nula. \u201cLa gente la est\u00e1 pasando muy mal, est\u00e1 alquilando a cualquier precio y en cualquier lugar\u201d, inform\u00f3 en dialogo con los medios.<\/h2>\n\n\n\n<figure class=\"wp-block-image size-full\"><a href=\"http:\/\/armstrongyregion.com.ar\/diario\/wp-content\/uploads\/2024\/07\/EMI-GRAMIGNA-HORACIO-COMPAGNUCCI.jpg\"><img loading=\"lazy\" decoding=\"async\" width=\"640\" height=\"427\" src=\"http:\/\/armstrongyregion.com.ar\/diario\/wp-content\/uploads\/2024\/07\/EMI-GRAMIGNA-HORACIO-COMPAGNUCCI.jpg\" alt=\"\" class=\"wp-image-43588\" srcset=\"https:\/\/armstrongyregion.com.ar\/diario\/wp-content\/uploads\/2024\/07\/EMI-GRAMIGNA-HORACIO-COMPAGNUCCI.jpg 640w, https:\/\/armstrongyregion.com.ar\/diario\/wp-content\/uploads\/2024\/07\/EMI-GRAMIGNA-HORACIO-COMPAGNUCCI-300x200.jpg 300w\" sizes=\"auto, (max-width: 640px) 100vw, 640px\" \/><\/a><\/figure>\n\n\n\n<p>\u201cEl tema de vivienda es una prioridad para nosotros. Hoy tenemos que lograr reemplazar en muchas familias el pago del alquiler por el pago de su casa, sin regalar absolutamente nada\u201d, expres\u00f3 Gramigna.<\/p>\n\n\n\n<p> El candidato a intendente de Cambia Armstrong propuso desarrollar un plan de viviendas municipal a trav\u00e9s del trabajo conjunto con el Gobierno de Santa Fe, las empresas de la ciudad y los sindicatos. \u201cEl problema de acceso a la vivienda lo tiene que solucionar la pol\u00edtica a trav\u00e9s de la gesti\u00f3n y el di\u00e1logo. Con una administraci\u00f3n planteada desde la austeridad, la eficiencia y la eficacia nosotros podemos generar recursos para que se puedan comprar predios y construir casas\u201d, agreg\u00f3. <\/p>\n\n\n\n<p>Gramigna se reuni\u00f3 d\u00edas atr\u00e1s con el intendente de Las Parejas, Horacio Compagnucci, para conocer c\u00f3mo logr\u00f3 llevar adelante una gesti\u00f3n exitosa en vivienda una ciudad con caracter\u00edsticas muy similares a Armstrong. \u201cCharlamos sobre este tema y la posibilidad de colaboraci\u00f3n en la gesti\u00f3n para poder construir casas en nuestra ciudad. Ellos ya entregaron m\u00e1s de 1000 terrenos a vecinos y ahora est\u00e1n pronto a inaugurar un barrio de 139 viviendas\u201d, cont\u00f3. \u201cSabemos que podemos llevar adelante un plan de viviendas municipal serio, previsible y progresivo, que permita que el armstronense reemplace lo que paga de alquiler en pagar su futura casa, entendiendo que de una casa nace un hogar y la esperanza de progreso\u201d, finaliz\u00f3 Gramigna.<\/p>\n","protected":false},"excerpt":{"rendered":"<p>Emiliano Gramigna: \u201cEl tema de vivienda es una prioridad para nosotros\u201d<\/p>\n","protected":false},"author":1,"featured_media":43587,"comment_status":"open","ping_status":"open","sticky":false,"template":"","format":"image","meta":{"_jetpack_memberships_contains_paid_content":false,"footnotes":"","jetpack_publicize_message":"","jetpack_publicize_feature_enabled":true,"jetpack_social_post_already_shared":true,"jetpack_social_options":{"image_generator_settings":{"template":"highway","default_image_id":0,"enabled":false},"version":2}},"categories":[8,1,2,7,3],"tags":[10720,10721,9423,8777,10904,104],"class_list":["post-43586","post","type-post","status-publish","format-image","has-post-thumbnail","hentry","category-deliberando","category-diario-armstrong","category-locales","category-politica","category-region","tag-cambia-armstrong","tag-diario-armstrong-region","tag-emiliano-gramigna","tag-lic-graciela-de-la-casa","tag-prioridad","tag-vivienda","post_format-post-format-image"],"jetpack_publicize_connections":[],"jetpack_featured_media_url":"https:\/\/armstrongyregion.com.ar\/diario\/wp-content\/uploads\/2024\/07\/GRAMIGNA-COMPAGNUCCI-.jpg","jetpack_shortlink":"https:\/\/wp.me\/p62QDO-bl0","jetpack_sharing_enabled":true,"amp_enabled":true,"_links":{"self":[{"href":"https:\/\/armstrongyregion.com.ar\/diario\/wp-json\/wp\/v2\/posts\/43586","targetHints":{"allow":["GET"]}}],"collection":[{"href":"https:\/\/armstrongyregion.com.ar\/diario\/wp-json\/wp\/v2\/posts"}],"about":[{"href":"https:\/\/armstrongyregion.com.ar\/diario\/wp-json\/wp\/v2\/types\/post"}],"author":[{"embeddable":true,"href":"https:\/\/armstrongyregion.com.ar\/diario\/wp-json\/wp\/v2\/users\/1"}],"replies":[{"embeddable":true,"href":"https:\/\/armstrongyregion.com.ar\/diario\/wp-json\/wp\/v2\/comments?post=43586"}],"version-history":[{"count":1,"href":"https:\/\/armstrongyregion.com.ar\/diario\/wp-json\/wp\/v2\/posts\/43586\/revisions"}],"predecessor-version":[{"id":43589,"href":"https:\/\/armstrongyregion.com.ar\/diario\/wp-json\/wp\/v2\/posts\/43586\/revisions\/43589"}],"wp:featuredmedia":[{"embeddable":true,"href":"https:\/\/armstrongyregion.com.ar\/diario\/wp-json\/wp\/v2\/media\/43587"}],"wp:attachment":[{"href":"https:\/\/armstrongyregion.com.ar\/diario\/wp-json\/wp\/v2\/media?parent=43586"}],"wp:term":[{"taxonomy":"category","embeddable":true,"href":"https:\/\/armstrongyregion.com.ar\/diario\/wp-json\/wp\/v2\/categories?post=43586"},{"taxonomy":"post_tag","embeddable":true,"href":"https:\/\/armstrongyregion.com.ar\/diario\/wp-json\/wp\/v2\/tags?post=43586"}],"curies":[{"name":"wp","href":"https:\/\/api.w.org\/{rel}","templated":true}]}}