{"id":43583,"date":"2024-07-29T20:19:55","date_gmt":"2024-07-29T20:19:55","guid":{"rendered":"https:\/\/armstrongyregion.com.ar\/diario\/?p=43583"},"modified":"2024-07-29T20:19:57","modified_gmt":"2024-07-29T20:19:57","slug":"region-centro-santa-fe-apuesta-a-las-rondas-de-negocios-para-potenciar-ventas","status":"publish","type":"post","link":"https:\/\/armstrongyregion.com.ar\/diario\/region-centro-santa-fe-apuesta-a-las-rondas-de-negocios-para-potenciar-ventas\/","title":{"rendered":"Regi\u00f3n Centro: Santa Fe apuesta a las rondas de negocios para potenciar ventas."},"content":{"rendered":"\n<figure class=\"wp-block-image size-full\"><a href=\"http:\/\/armstrongyregion.com.ar\/diario\/wp-content\/uploads\/2024\/07\/REGION-CENTRO-29-7-24.jpg\"><img loading=\"lazy\" decoding=\"async\" width=\"640\" height=\"427\" src=\"http:\/\/armstrongyregion.com.ar\/diario\/wp-content\/uploads\/2024\/07\/REGION-CENTRO-29-7-24.jpg\" alt=\"\" class=\"wp-image-43584\" srcset=\"https:\/\/armstrongyregion.com.ar\/diario\/wp-content\/uploads\/2024\/07\/REGION-CENTRO-29-7-24.jpg 640w, https:\/\/armstrongyregion.com.ar\/diario\/wp-content\/uploads\/2024\/07\/REGION-CENTRO-29-7-24-300x200.jpg 300w\" sizes=\"auto, (max-width: 640px) 100vw, 640px\" \/><\/a><\/figure>\n\n\n\n<h2 class=\"wp-block-heading\">La Provincia se planta como articulador entre privados de Santa Fe, C\u00f3rdoba y Entre R\u00edos para potenciar el v\u00ednculo entre los protagonistas de la producci\u00f3n de alimentos, consumo masivo y otras cadenas de valor. El evento tendr\u00e1 lugar a mediados de agosto, como previa del\u00a0Santa Fe Business Forum.<\/h2>\n\n\n\n<p>Con el fin de fortalecer a los sectores productivos del territorio a trav\u00e9s del desarrollo del comercio interior, el Gobierno Provincial realizar\u00e1 una Ronda de Negocios bajo el nombre \u201cSanta Fe y la industria en el centro\u201d, iniciativa que prev\u00e9 vincular a m\u00e1s de 200 representantes de supermercados, distribuidores, autoservicios e industrias del sector alimenticio y consumo masivo de distintos puntos de Santa Fe, C\u00f3rdoba y Entre R\u00edos. La apuesta al comercio interior que hace la gesti\u00f3n del gobernador Maximiliano Pullaro, se da en la previa del Foro de Inversiones Internacionales que se presentar\u00e1 en Septiembre con el nombre \u201cSanta Fe Business Forum\u201d.<\/p>\n\n\n\n<p>La jornada tendr\u00e1 lugar el 16 de agosto en la Estaci\u00f3n Fluvial de Rosario (Av. de los Inmigrantes 410) de 8.30 a 17 y es impulsada por la Secretar\u00eda de Comercio Interior y Servicios del Ministerio de Desarrollo Productivo en conjunto con Confederaci\u00f3n Argentina de la Mediana Empresa (Came) y la Asociaci\u00f3n Empresaria de Rosario (AER).<\/p>\n\n\n\n<p>\u201cEstamos convencidos de que es necesario generar estos encuentros entre los distintos actores del sector privado para promover la diversidad de negocios y que haya un encuentro entre sectores que por ah\u00ed no tienen posibilidades de contactarse. La idea es que haya un intercambio y poder potenciar a los productores de alimentos y llegar a las g\u00f3ndolas con precios competitivos y productos de alta calidad pero que no tienen las posibilidades de contacto si no fuera por este tipo de eventos\u201d, se\u00f1al\u00f3 el ministro Gustavo Puccini, de la cartera de Desarrollo Productivo.<\/p>\n\n\n\n<p><strong>Cara a cara<\/strong><\/p>\n\n\n\n<p>Por su parte, el secretario de Comercio Interior y Servicios, Gustavo Rezzoaglio explic\u00f3 que \u201cesta jornada es la segunda fase del Programa Acuerdo Santa Fe y surge fruto del trabajo que venimos realizando junto a supermercados y el sector comercial santafesino.<\/p>\n\n\n\n<p>Esta ronda de negocios convocar\u00e1 a todos los rubros incluidos en el Acuerdo: alimentos, art\u00edculos de limpieza, carnes porcina y vacuna, entre otros. No es una feria ni una exposici\u00f3n de productos, sino que es una actividad en donde se realizar\u00e1n reuniones de negocios y que permitir\u00e1 que industriales y supermercadistas se sienten cara a cara para avanzar en acuerdos comerciales\u201d.<\/p>\n\n\n\n<p>Puccini agreg\u00f3 que \u201cen definitiva, el sentido es que, por un lado, los productores tengan la posibilidad de venderles de manera directa a supermercados o autoservicios, por el otro que, el supermercado pueda encontrar m\u00e1s variedad de proveedores, que si son de Santa Fe pueden tener calidad y a menores costos log\u00edsticos en comparaci\u00f3n de lo que actualmente compran en provincias m\u00e1s lejanas, esperando que eso pueda tener un impacto en la g\u00f3ndola con precios m\u00e1s bajos\u201d.<\/p>\n\n\n\n<p><strong>Regi\u00f3n Centro<\/strong><\/p>\n\n\n\n<p>Al respecto de la inclusi\u00f3n de C\u00f3rdoba y Entre R\u00edos, Rezzoaglio destac\u00f3: \u201cHemos reforzado esta idea, posibilitando que empresarios de toda la Regi\u00f3n Centro participen. Santa Fe, que tiene la presidencia de dicho bloque, convoc\u00f3 a las otras dos provincias para que hagan extensiva la invitaci\u00f3n a sus industrias y supermercados\u201d.<\/p>\n\n\n\n<p>La din\u00e1mica de trabajo est\u00e1 previsto que se desarrolle en encuentros de 20 minutos y est\u00e1 contemplado que tengan mesas de trabajo los bancos, instancia en la que ya est\u00e1n confirmados el Banco Municipal de Rosario, el Nuevo Banco de Santa Fe y el Banco de la Naci\u00f3n Argentina. Adem\u00e1s est\u00e1 contemplada tambi\u00e9n la presencia de las agencias para el desarrollo. \u201cEl objetivo es que adem\u00e1s de asistir a encuentros de negocios, los empresarios y comerciantes reciban asesoramiento e informaci\u00f3n sobre las herramientas de financiamientos que el Gobierno Provincial pone a disposici\u00f3n del sector productivo\u201d, concluy\u00f3 el secretario de Comercio Interior.<\/p>\n\n\n\n<p>La presencia en las rondas requiera una preinscripci\u00f3n obligatoria, por lo que los interesados en participar deber\u00e1 completar el siguiente formulario:&nbsp;<a href=\"https:\/\/docs.google.com\/forms\/d\/e\/1FAIpQLScY8Km5Z_EjatdGv-43WmeLJ-k3B8ApjSiKnnCl5nygTTgEgQ\/viewform?pli=1\" target=\"_blank\" rel=\"noreferrer noopener\">https:\/\/docs.google.com\/forms\/d\/e\/1FAIpQLScY8Km5Z_EjatdGv-43WmeLJ-k3B8ApjSiKnnCl5nygTTgEgQ\/viewform<\/a><\/p>\n","protected":false},"excerpt":{"rendered":"<p>Regi\u00f3n Centro: Santa Fe apuesta a las rondas de negocios para potenciar ventas.<\/p>\n","protected":false},"author":1,"featured_media":43584,"comment_status":"open","ping_status":"open","sticky":false,"template":"","format":"image","meta":{"_jetpack_memberships_contains_paid_content":false,"footnotes":"","jetpack_publicize_message":"","jetpack_publicize_feature_enabled":true,"jetpack_social_post_already_shared":true,"jetpack_social_options":{"image_generator_settings":{"template":"highway","default_image_id":0,"enabled":false},"version":2}},"categories":[8,1,2,7,3],"tags":[2178,19,10721,8777,611,10515,3381],"class_list":["post-43583","post","type-post","status-publish","format-image","has-post-thumbnail","hentry","category-deliberando","category-diario-armstrong","category-locales","category-politica","category-region","tag-apuesta","tag-de","tag-diario-armstrong-region","tag-lic-graciela-de-la-casa","tag-negocios","tag-region-centro","tag-santa-fe","post_format-post-format-image"],"jetpack_publicize_connections":[],"jetpack_featured_media_url":"https:\/\/armstrongyregion.com.ar\/diario\/wp-content\/uploads\/2024\/07\/REGION-CENTRO-29-7-24.jpg","jetpack_shortlink":"https:\/\/wp.me\/p62QDO-bkX","jetpack_sharing_enabled":true,"amp_enabled":true,"_links":{"self":[{"href":"https:\/\/armstrongyregion.com.ar\/diario\/wp-json\/wp\/v2\/posts\/43583","targetHints":{"allow":["GET"]}}],"collection":[{"href":"https:\/\/armstrongyregion.com.ar\/diario\/wp-json\/wp\/v2\/posts"}],"about":[{"href":"https:\/\/armstrongyregion.com.ar\/diario\/wp-json\/wp\/v2\/types\/post"}],"author":[{"embeddable":true,"href":"https:\/\/armstrongyregion.com.ar\/diario\/wp-json\/wp\/v2\/users\/1"}],"replies":[{"embeddable":true,"href":"https:\/\/armstrongyregion.com.ar\/diario\/wp-json\/wp\/v2\/comments?post=43583"}],"version-history":[{"count":1,"href":"https:\/\/armstrongyregion.com.ar\/diario\/wp-json\/wp\/v2\/posts\/43583\/revisions"}],"predecessor-version":[{"id":43585,"href":"https:\/\/armstrongyregion.com.ar\/diario\/wp-json\/wp\/v2\/posts\/43583\/revisions\/43585"}],"wp:featuredmedia":[{"embeddable":true,"href":"https:\/\/armstrongyregion.com.ar\/diario\/wp-json\/wp\/v2\/media\/43584"}],"wp:attachment":[{"href":"https:\/\/armstrongyregion.com.ar\/diario\/wp-json\/wp\/v2\/media?parent=43583"}],"wp:term":[{"taxonomy":"category","embeddable":true,"href":"https:\/\/armstrongyregion.com.ar\/diario\/wp-json\/wp\/v2\/categories?post=43583"},{"taxonomy":"post_tag","embeddable":true,"href":"https:\/\/armstrongyregion.com.ar\/diario\/wp-json\/wp\/v2\/tags?post=43583"}],"curies":[{"name":"wp","href":"https:\/\/api.w.org\/{rel}","templated":true}]}}