{"id":43573,"date":"2024-07-26T23:08:25","date_gmt":"2024-07-26T23:08:25","guid":{"rendered":"https:\/\/armstrongyregion.com.ar\/diario\/?p=43573"},"modified":"2024-07-26T23:56:46","modified_gmt":"2024-07-26T23:56:46","slug":"cococcioni-estos-moviles-no-son-autos-pintados-son-herramientas-pensadas-y-disenadas-para-la-labor-policial","status":"publish","type":"post","link":"https:\/\/armstrongyregion.com.ar\/diario\/cococcioni-estos-moviles-no-son-autos-pintados-son-herramientas-pensadas-y-disenadas-para-la-labor-policial\/","title":{"rendered":"Cococcioni: \u201cEstos m\u00f3viles no son autos pintados, son herramientas pensadas y dise\u00f1adas para la labor policial\u201d"},"content":{"rendered":"\n<figure class=\"wp-block-image size-full\"><a href=\"http:\/\/armstrongyregion.com.ar\/diario\/wp-content\/uploads\/2024\/07\/cococcioni-armstrong-hoy.jpg\"><img loading=\"lazy\" decoding=\"async\" width=\"640\" height=\"427\" src=\"http:\/\/armstrongyregion.com.ar\/diario\/wp-content\/uploads\/2024\/07\/cococcioni-armstrong-hoy.jpg\" alt=\"\" class=\"wp-image-43574\" srcset=\"https:\/\/armstrongyregion.com.ar\/diario\/wp-content\/uploads\/2024\/07\/cococcioni-armstrong-hoy.jpg 640w, https:\/\/armstrongyregion.com.ar\/diario\/wp-content\/uploads\/2024\/07\/cococcioni-armstrong-hoy-300x200.jpg 300w\" sizes=\"auto, (max-width: 640px) 100vw, 640px\" \/><\/a><\/figure>\n\n\n\n<h2 class=\"wp-block-heading\">En Armstrong, el ministro de Justicia y Seguridad entreg\u00f3 5 nuevos patrulleros a la Unidad Regional III, en el departamento Belgrano; y aportes por 27 millones de pesos para proyectos del programa V\u00ednculos, para la prevenci\u00f3n de la violencia y el delito.<\/h2>\n\n\n\n<figure class=\"wp-block-image size-full\"><a href=\"http:\/\/armstrongyregion.com.ar\/diario\/wp-content\/uploads\/2024\/07\/Pablito-moviles-1.jpg\"><img loading=\"lazy\" decoding=\"async\" width=\"504\" height=\"378\" src=\"http:\/\/armstrongyregion.com.ar\/diario\/wp-content\/uploads\/2024\/07\/Pablito-moviles-1.jpg\" alt=\"\" class=\"wp-image-43577\" srcset=\"https:\/\/armstrongyregion.com.ar\/diario\/wp-content\/uploads\/2024\/07\/Pablito-moviles-1.jpg 504w, https:\/\/armstrongyregion.com.ar\/diario\/wp-content\/uploads\/2024\/07\/Pablito-moviles-1-300x225.jpg 300w\" sizes=\"auto, (max-width: 504px) 100vw, 504px\" \/><\/a><\/figure>\n\n\n\n<p>El ministro de Justicia y Seguridad, Pablo Cococcioni, entreg\u00f3 este viernes 5 m\u00f3viles 0 kil\u00f3metro a la Unidad Regional III, en el departamento Belgrano. Los nuevos patrulleros forman parte de los 840 veh\u00edculos adquiridos mediante licitaci\u00f3n p\u00fablica, por el gobierno de Maximiliano Pullaro, que tambi\u00e9n realiz\u00f3 una compra directa de 100 unidades m\u00e1s.<\/p>\n\n\n\n<p>Adem\u00e1s, el ministro firm\u00f3 convenios del programa V\u00ednculos con las localidades de Montes de Oca, Armstrong y Las Rosas, y el club Atl\u00e9tico Bouquet, por 27 millones de pesos, para la ejecuci\u00f3n de proyectos locales para la prevenci\u00f3n de la violencia y el delito.<\/p>\n\n\n\n<p>Durante el acto, que se llev\u00f3 a cabo en el edificio Multiuso de la ciudad de Armstrong, Cococcioni destac\u00f3 que los m\u00f3viles entregados \u201cno son autos pintados, son herramientas de trabajo que han sido pensadas y dise\u00f1adas para la labor policial\u201d, y precis\u00f3 que cuentan con \u201chabit\u00e1culo para llevar detenidos con separaci\u00f3n antivand\u00e1lica; defensa reforzada delantera y trasera; y malla antivand\u00e1lica en las \u00f3pticas. Toda una serie de prestaciones propias de un veh\u00edculo policial\u201d.<\/p>\n\n\n\n<p>A continuaci\u00f3n, el ministro indic\u00f3 que \u201cestos patrulleros forman parte de una compra m\u00e1s amplia, en la que se ha obtenido una mejora de oferta de un 20 %, y en vez de recuperar el dinero y que vaya a rentas generales, preferimos comprar un 20 % m\u00e1s de patrulleros. As\u00ed que una compra de 700 termin\u00f3 siendo de 840 patrulleros, los que se suma a una compra directa de 100 para las dos \u00e1reas metropolitanas\u201d, lo que representa la adquisici\u00f3n de \u201ccasi 1.000 patrulleros en el transcurso de entre tres y cuatro meses\u201d.<\/p>\n\n\n\n<p>Adem\u00e1s, \u201cestamos llevando adelante una compra de motoveh\u00edculos, y en breve empezamos con una compra de camionetas para las unidades regionales que tienen predominio de zonas rurales, caminos de tierra o ripiado, y para las polic\u00edas Rural Los Pumas y de Acci\u00f3n T\u00e1ctica de Santa Fe. Hacia fines de a\u00f1o esperamos tener una flota policial en orden para poder reforzar la tarea preventiva en calle\u201d.<\/p>\n\n\n\n<p>Por \u00faltimo, el ministro de Seguridad les pidi\u00f3 a los polic\u00edas de la provincia que \u201csigan adelante, podemos sentir el apoyo y el trabajo, no solo en la baja en los \u00edndices de homicidios, sino en todo lo que hacen. A usar estos nuevos m\u00f3viles y a devolverles la tranquilidad a los vecinos\u201d, concluy\u00f3.<\/p>\n\n\n\n<p>Por su parte, el senador por el departamento Belgrano, Pablo Verdecchia, indic\u00f3 que esta entrega \u201ces culminar el proceso de mejora de las herramientas que tienen que tener la fuerza para poder patrullar, estar en la calle, y combatir la inseguridad\u201d, y destac\u00f3 la necesidad de \u201cseguir d\u00e1ndole herramientas al ministro para que pueda continuar este trabajo que viene dando sus frutos en forma paulatina\u201d.<\/p>\n\n\n\n<p>En tanto, la secretaria de Coordinaci\u00f3n T\u00e9cnica y Administraci\u00f3n Financiera, Georgina Orciani, convoc\u00f3 a \u201cseguir trabajando en consolidar un plan de seguridad p\u00fablica\u201d y resalt\u00f3 \u201ceficiencia en la de recursos, que nos permiti\u00f3 traer estos m\u00f3viles equipados y preparados para el patrullaje\u201d.<\/p>\n\n\n\n<figure class=\"wp-block-image\"><img decoding=\"async\" src=\"https:\/\/ci3.googleusercontent.com\/meips\/ADKq_NZZPDId0yJKUB1lK01_saZxxQVAfOmmq0VXYOotVspnE7F7RTRkmUSKXxDcfettTyTFeeHw9kVBl2RydKI2A3BzXM0Ly1pu7KVbL7JcpXnCqUlqWgWjl37-YnXhhwr_9NlPetz0RbbO1pN4B-I=s0-d-e1-ft#https:\/\/www.santafe.gov.ar\/noticias\/recursos\/fotos\/2024\/07\/2024-07-26NID_280797O_2.jpeg\" alt=\"\"\/><\/figure>\n\n\n\n<p><strong>V\u00ednculos<\/strong><br>A continuaci\u00f3n, Cococcioni precis\u00f3 que \u201cel programa V\u00ednculos es reconocer que ante un problema de seguridad es muy probable que los habitantes vayan al senador, al intendente, a los presidentes comunales, porque son los que tienen cerca para darles una soluci\u00f3n. Ahora ya no est\u00e1n solos, ahora el gobierno de Santa Fe va a subsidiar financieramente sus programas de seguridad, para iluminar, poner c\u00e1maras, hacer proyectos de integraci\u00f3n social o prevenci\u00f3n social del delito, para mejorar la convivencia ciudadana y bajar los \u00edndices de criminalidad\u201d; y les agradeci\u00f3 \u201cpor apropiarse de la herramienta y ayudarnos a devolverles, de a poco, la tranquilidad a los santafesinos\u201d.<\/p>\n\n\n\n<p>Para la ejecuci\u00f3n de proyectos de infraestructura urbana, las ciudades de Armstrong y Las Rosas recibieron 10 millones de pesos, cada una, para alumbrado p\u00fablico, y el club Atl\u00e9tico Bouquet, 2 millones de pesos, para iluminaci\u00f3n. Por \u00faltimo, para la ejecuci\u00f3n de proyectos de infraestructura tecnol\u00f3gica, la comuna de Montes de Oca recibi\u00f3 5 millones de pesos para videovigilancia.<\/p>\n\n\n\n<p>Participaron del acto el secretario de An\u00e1lisis y Gesti\u00f3n de la Informaci\u00f3n, Esteban Santantino; el subsecretario de Tecnolog\u00eda y Equipamiento, Armando Faraoni; y el director Provincial de Atenci\u00f3n de Emergencias, Pablo Polito.<\/p>\n\n\n\n<p>Tambi\u00e9n estuvieron presentes los intendentes de Armstrong, Guillermo Luzzi, intendente de Las Rosas, Javier Meyer; intendente de Las Parejas Horacio Compagnucci y el presidente comunal de Montes de Oca, Emanuel Sagripanti.<\/p>\n\n\n\n<figure class=\"wp-block-image\"><img decoding=\"async\" src=\"https:\/\/ci3.googleusercontent.com\/meips\/ADKq_NaVWyZuPb6uu9OFjL1MaO7Yr-Kbnay612T3-iJoHwY2UUkx_DY18N8qozPPuJ7TkBHoNpA-9de5SRCbUABUhnefkDr658pQAI8X6zyuS_8MsX_g85prS_2eokQhlMCYc7m5PDHNgWUQ1S7Zz5k=s0-d-e1-ft#https:\/\/www.santafe.gov.ar\/noticias\/recursos\/fotos\/2024\/07\/2024-07-26NID_280797O_3.jpeg\" alt=\"\"\/><\/figure>\n","protected":false},"excerpt":{"rendered":"<p>Cococcioni: \u201cEstos m\u00f3viles no son autos pintados, son herramientas pensadas y dise\u00f1adas para la labor policial\u201d<\/p>\n","protected":false},"author":1,"featured_media":43574,"comment_status":"open","ping_status":"open","sticky":false,"template":"","format":"image","meta":{"_jetpack_memberships_contains_paid_content":false,"footnotes":"","jetpack_publicize_message":"","jetpack_publicize_feature_enabled":true,"jetpack_social_post_already_shared":true,"jetpack_social_options":{"image_generator_settings":{"template":"highway","default_image_id":0,"enabled":false},"version":2}},"categories":[8,1,2,7,3],"tags":[10155,4608,10900,10899,31,10901,2809,10898,81],"class_list":["post-43573","post","type-post","status-publish","format-image","has-post-thumbnail","hentry","category-deliberando","category-diario-armstrong","category-locales","category-politica","category-region","tag-cococcioni","tag-diario-armstrong-y-region","tag-disenadas","tag-herramientas-pensadas","tag-la","tag-labor-policial","tag-moviles","tag-no-pintados","tag-para","post_format-post-format-image"],"jetpack_publicize_connections":[],"jetpack_featured_media_url":"https:\/\/armstrongyregion.com.ar\/diario\/wp-content\/uploads\/2024\/07\/cococcioni-armstrong-hoy.jpg","jetpack_shortlink":"https:\/\/wp.me\/p62QDO-bkN","jetpack_sharing_enabled":true,"amp_enabled":true,"_links":{"self":[{"href":"https:\/\/armstrongyregion.com.ar\/diario\/wp-json\/wp\/v2\/posts\/43573","targetHints":{"allow":["GET"]}}],"collection":[{"href":"https:\/\/armstrongyregion.com.ar\/diario\/wp-json\/wp\/v2\/posts"}],"about":[{"href":"https:\/\/armstrongyregion.com.ar\/diario\/wp-json\/wp\/v2\/types\/post"}],"author":[{"embeddable":true,"href":"https:\/\/armstrongyregion.com.ar\/diario\/wp-json\/wp\/v2\/users\/1"}],"replies":[{"embeddable":true,"href":"https:\/\/armstrongyregion.com.ar\/diario\/wp-json\/wp\/v2\/comments?post=43573"}],"version-history":[{"count":2,"href":"https:\/\/armstrongyregion.com.ar\/diario\/wp-json\/wp\/v2\/posts\/43573\/revisions"}],"predecessor-version":[{"id":43578,"href":"https:\/\/armstrongyregion.com.ar\/diario\/wp-json\/wp\/v2\/posts\/43573\/revisions\/43578"}],"wp:featuredmedia":[{"embeddable":true,"href":"https:\/\/armstrongyregion.com.ar\/diario\/wp-json\/wp\/v2\/media\/43574"}],"wp:attachment":[{"href":"https:\/\/armstrongyregion.com.ar\/diario\/wp-json\/wp\/v2\/media?parent=43573"}],"wp:term":[{"taxonomy":"category","embeddable":true,"href":"https:\/\/armstrongyregion.com.ar\/diario\/wp-json\/wp\/v2\/categories?post=43573"},{"taxonomy":"post_tag","embeddable":true,"href":"https:\/\/armstrongyregion.com.ar\/diario\/wp-json\/wp\/v2\/tags?post=43573"}],"curies":[{"name":"wp","href":"https:\/\/api.w.org\/{rel}","templated":true}]}}