{"id":43570,"date":"2024-07-26T23:01:30","date_gmt":"2024-07-26T23:01:30","guid":{"rendered":"https:\/\/armstrongyregion.com.ar\/diario\/?p=43570"},"modified":"2024-07-26T23:01:33","modified_gmt":"2024-07-26T23:01:33","slug":"cococcioni-las-19-unidades-regionales-de-la-provincia-de-santa-fe-recibiran-patrulleros-0-kilometros","status":"publish","type":"post","link":"https:\/\/armstrongyregion.com.ar\/diario\/cococcioni-las-19-unidades-regionales-de-la-provincia-de-santa-fe-recibiran-patrulleros-0-kilometros\/","title":{"rendered":"Cococcioni: \u201cLas 19 Unidades Regionales de la Provincia de Santa Fe recibir\u00e1n patrulleros 0 kil\u00f3metros\u201d"},"content":{"rendered":"\n<figure class=\"wp-block-image size-full\"><a href=\"http:\/\/armstrongyregion.com.ar\/diario\/wp-content\/uploads\/2024\/07\/COCOCCIONI-DIARIOARMSTRONG-canada.jpg\"><img loading=\"lazy\" decoding=\"async\" width=\"570\" height=\"320\" src=\"http:\/\/armstrongyregion.com.ar\/diario\/wp-content\/uploads\/2024\/07\/COCOCCIONI-DIARIOARMSTRONG-canada.jpg\" alt=\"\" class=\"wp-image-43571\" srcset=\"https:\/\/armstrongyregion.com.ar\/diario\/wp-content\/uploads\/2024\/07\/COCOCCIONI-DIARIOARMSTRONG-canada.jpg 570w, https:\/\/armstrongyregion.com.ar\/diario\/wp-content\/uploads\/2024\/07\/COCOCCIONI-DIARIOARMSTRONG-canada-300x168.jpg 300w\" sizes=\"auto, (max-width: 570px) 100vw, 570px\" \/><\/a><\/figure>\n\n\n\n<h2 class=\"wp-block-heading\">El ministro de Justicia y Seguridad entreg\u00f3 m\u00f3viles policiales a la Unidad Regional X ubicada en Ca\u00f1ada de G\u00f3mez. Adem\u00e1s, firm\u00f3 convenios del Programa V\u00ednculos para llevar a cabo 8 proyectos por un monto total de $ 46.000.000 en distintas localidades del departamento Iriondo.<\/h2>\n\n\n\n<figure class=\"wp-block-table\"><table><tbody><tr><td>En el marco de la decisi\u00f3n del Gobierno Provincial de combatir el delito en todo el territorio santafesino, el ministro de Justicia y Seguridad, Pablo Cococcioni, entreg\u00f3 este viernes 5 m\u00f3viles policiales a la Unidad Regional X, ubicada en Ca\u00f1ada de G\u00f3mez, departamento Iriondo. <br><br>Los patrulleros entregados forman parte de las 840 unidades adquiridas por el gobierno de Maximiliano Pullaro por licitaci\u00f3n p\u00fablica y que se suman a las 100 que fueron incorporadas por compra directa. Adem\u00e1s, se firmaron convenios del Programa V\u00ednculos para llevar a cabo 8 proyectos por un monto total de $ 46.000.000.Durante la actividad, Cococcioni agradeci\u00f3 a todos los legisladores provinciales \u201cque desde el inicio de la gesti\u00f3n nos dieron herramientas fundamentales para poder trabajar sobre la emergencia en seguridad. Eso nos permiti\u00f3 comprar aceleradamente estos patrulleros, adem\u00e1s de reformas procesales que nos permiten ser m\u00e1s eficaces en la lucha contra el delito\u201d.<br>Seguidamente, el ministro detall\u00f3 que \u201cpara la compra de patrulleros se trabaj\u00f3 con much\u00edsima eficiencia y se obtuvo una mejora del 20 % en la oferta, con lo que decidimos comprar m\u00e1s patrulleros.<br> La seguridad no es para nosotros una de las cuestiones m\u00e1s importantes, es la cuesti\u00f3n m\u00e1s importante de la Provincia de Santa Fe. Es lo que m\u00e1s preocupa a la gente y, por ende, es lo que m\u00e1s preocupa a nuestro Gobernador\u201d. \u201cPor eso hemos tomado otra decisi\u00f3n: no limitar la entrega de autos nuevos a las ciudades grandes.<br> Hemos decidido que las 19 Unidades Regionales de la Provincia de Santa Fe reciban patrulleros 0 kil\u00f3metros. Ac\u00e1 no hay ciudadanos de primera y de segunda. De igual manera, se encuentra en marcha una importante compra de motoveh\u00edculos para toda la provincia\u201d, puntualiz\u00f3 Cococcioni.<img decoding=\"async\" src=\"https:\/\/ci3.googleusercontent.com\/meips\/ADKq_NYMH2SH6YqHubOIBB_iGYn2lfvYBlydnSKs3NV0cgTWDND_5Sqmy-_5MicXIRq0rYVICzf0_q0_R6jrw_FOHCALglzP-xvRQ3nFIodBI6Be6zMAz2FDgqDP3_a_YnJKWnq9SO5xnMMf5RISrkY=s0-d-e1-ft#https:\/\/www.santafe.gob.ar\/noticias\/recursos\/fotos\/2024\/07\/2024-07-26NID_280796O_2.jpeg\" alt=\"\"><strong>Recuperar la presencia de la instituci\u00f3n policial<\/strong>Por otro lado, el senador por el departamento Iriondo, Hugo Rasetto, agradeci\u00f3 al gobernador y todo su equipo \u201cpor hacerse cargo de este desaf\u00edo y por poner en hechos esta b\u00fasqueda permanente de devolver la tranquilidad a la sociedad santafesina\u201d.<br>En tanto, el intendente de Ca\u00f1ada de G\u00f3mez, Mat\u00edas Chale, sostuvo que \u201cen el trabajo conjunto entre las diferentes esferas del Estado hemos podido dar resultados y respuestas a los ciudadanos en forma concreta. Queda much\u00edsimo por hacer, pero esta es la forma de trabajar, para poder avanzar, dar respuesta y recuperar la tranquilidad que queremos en los pueblos del interior\u201d.<br><br>Por \u00faltimo, el secretario de An\u00e1lisis y Gesti\u00f3n de la Informaci\u00f3n, Esteban Santantino, precis\u00f3 que \u201cuno de nuestros objetivos era recuperar la presencia de la instituci\u00f3n policial en las calles de los pueblos y ciudades de la provincia. Para eso ten\u00eda que estar preparada, equipada, conducida y acompa\u00f1ada por parte del poder pol\u00edtico\u201d.<img decoding=\"async\" src=\"https:\/\/ci3.googleusercontent.com\/meips\/ADKq_NbA9c4VsEKGQ4qN7BML2uKTO911qN9J_5XI2LYLIuaYAIbnnNwsLYvDCqooEnDEw5KRPCVcv2cV4jnX0i6bVoKcOFm1-DpSgEVg-jXvtoZQKX9MgmteT8mQ9FuC7cLiIpnwutczAvJYnBFQFKM=s0-d-e1-ft#https:\/\/www.santafe.gob.ar\/noticias\/recursos\/fotos\/2024\/07\/2024-07-26NID_280796O_3.jpeg\" alt=\"\"><strong>Programa V\u00ednculos<\/strong>.<br><br>El Programa V\u00ednculos est\u00e1 destinado a la generaci\u00f3n y ejecuci\u00f3n de proyectos locales que tienen como eje articulador la elaboraci\u00f3n de estrategias de prevenci\u00f3n social de la violencia y el delito.<br><br>En ese marco, se llevar\u00e1n a cabo proyectos de alumbrado p\u00fablico en Correa por $ 5.000.000; Pueblo Andino por $ 4.000.000, Clason por $ 3.000.000, Salto Grande por $ 5.000.000 y Lucio L\u00f3pez por $ 3.000.000. En tanto, se destinar\u00e1n para proyectos de videovigilancia $13.000.000 para Ca\u00f1ada de G\u00f3mez, $ 3.000.000 para Serodino y $ 10.000.000 para Totoras.<br><br>Los convenios fueron firmados por el intendente de Ca\u00f1ada de G\u00f3mez, Mat\u00edas Chale; la intendenta de Totoras, Guadalupe Lanatti; los presidentes comunales de Correa, Nahuel Cejas, de Lucio V L\u00f3pez, M\u00f3nica Ar\u00e1n, de Pueblo Andino, Leonardo Tempesta, de Salto Grande, Nerea Alvarez, de Serodino, Marilina Ascani y de Clason, Leonel Werkman.Sobre el programa, Cococcioni afirm\u00f3 que \u201cquisimos recuperarlo para ayudar a los gobiernos locales e instituciones a que nos sigan ayudando.<br><br> Cuando ustedes ponen luces y c\u00e1maras, nos est\u00e1n ayudando a nosotros a prevenir el delito. Est\u00e1n ayudando a nuestra polic\u00eda a trabajar. Les vamos a pedir que sigan haciendo lo que ya hac\u00edan pero ahora con el apoyo del gobierno de la provincia de Santa Fe\u201d.<br><br>Participaron de la actividad, la secretaria de Coordinaci\u00f3n y Administraci\u00f3n Financiera, Georgina Orciani; el subsecretario de Tecnolog\u00eda y Equipamiento, Armando Faraoni; el director de Atenci\u00f3n de Emergencias Pablo Polito; el jefe de Polic\u00eda de la Provincia, Luis Maldonado; y el jefe de la Unidad Regional X, Mauro Bonomo.<img decoding=\"async\" src=\"https:\/\/ci3.googleusercontent.com\/meips\/ADKq_NbLQ1mOjyXP7OXVD1LabvHvLiYrjW90898u9gV4RYp_Lk_Ap_PpDf8iQjTjae9JMhO_2BB0GurtQWUe9__HyNJHjr1ymwTP3pODglbmO4fPPUmteclh_HHFmgPXlw9Psq7g9g-Acfe5es64d1Q=s0-d-e1-ft#https:\/\/www.santafe.gob.ar\/noticias\/recursos\/fotos\/2024\/07\/2024-07-26NID_280796O_4.jpeg\" alt=\"\">\u00a0<\/td><td>&nbsp;<\/td><\/tr><\/tbody><\/table><\/figure>\n\n\n\n<figure class=\"wp-block-table\"><table><tbody><tr><td>&nbsp;<\/td><td>&nbsp;<\/td><\/tr><\/tbody><\/table><\/figure>\n","protected":false},"excerpt":{"rendered":"<p>Cococcioni: \u201cLas 19 Unidades Regionales de la Provincia de Santa Fe recibir\u00e1n patrulleros 0 kil\u00f3metros\u201d<\/p>\n","protected":false},"author":1,"featured_media":43571,"comment_status":"open","ping_status":"open","sticky":false,"template":"","format":"image","meta":{"_jetpack_memberships_contains_paid_content":false,"footnotes":"","jetpack_publicize_message":"","jetpack_publicize_feature_enabled":true,"jetpack_social_post_already_shared":true,"jetpack_social_options":{"image_generator_settings":{"template":"highway","default_image_id":0,"enabled":false},"version":2}},"categories":[8,1,2,7,3],"tags":[10897,10895,10155,10721,8777,10896,10835],"class_list":["post-43570","post","type-post","status-publish","format-image","has-post-thumbnail","hentry","category-deliberando","category-diario-armstrong","category-locales","category-politica","category-region","tag-0kilometros","tag-19-unidades-regionales","tag-cococcioni","tag-diario-armstrong-region","tag-lic-graciela-de-la-casa","tag-patrulleros","tag-provincia-de-santa-fe","post_format-post-format-image"],"jetpack_publicize_connections":[],"jetpack_featured_media_url":"https:\/\/armstrongyregion.com.ar\/diario\/wp-content\/uploads\/2024\/07\/COCOCCIONI-DIARIOARMSTRONG-canada.jpg","jetpack_shortlink":"https:\/\/wp.me\/p62QDO-bkK","jetpack_sharing_enabled":true,"amp_enabled":true,"_links":{"self":[{"href":"https:\/\/armstrongyregion.com.ar\/diario\/wp-json\/wp\/v2\/posts\/43570","targetHints":{"allow":["GET"]}}],"collection":[{"href":"https:\/\/armstrongyregion.com.ar\/diario\/wp-json\/wp\/v2\/posts"}],"about":[{"href":"https:\/\/armstrongyregion.com.ar\/diario\/wp-json\/wp\/v2\/types\/post"}],"author":[{"embeddable":true,"href":"https:\/\/armstrongyregion.com.ar\/diario\/wp-json\/wp\/v2\/users\/1"}],"replies":[{"embeddable":true,"href":"https:\/\/armstrongyregion.com.ar\/diario\/wp-json\/wp\/v2\/comments?post=43570"}],"version-history":[{"count":1,"href":"https:\/\/armstrongyregion.com.ar\/diario\/wp-json\/wp\/v2\/posts\/43570\/revisions"}],"predecessor-version":[{"id":43572,"href":"https:\/\/armstrongyregion.com.ar\/diario\/wp-json\/wp\/v2\/posts\/43570\/revisions\/43572"}],"wp:featuredmedia":[{"embeddable":true,"href":"https:\/\/armstrongyregion.com.ar\/diario\/wp-json\/wp\/v2\/media\/43571"}],"wp:attachment":[{"href":"https:\/\/armstrongyregion.com.ar\/diario\/wp-json\/wp\/v2\/media?parent=43570"}],"wp:term":[{"taxonomy":"category","embeddable":true,"href":"https:\/\/armstrongyregion.com.ar\/diario\/wp-json\/wp\/v2\/categories?post=43570"},{"taxonomy":"post_tag","embeddable":true,"href":"https:\/\/armstrongyregion.com.ar\/diario\/wp-json\/wp\/v2\/tags?post=43570"}],"curies":[{"name":"wp","href":"https:\/\/api.w.org\/{rel}","templated":true}]}}