{"id":43540,"date":"2024-07-24T23:27:05","date_gmt":"2024-07-24T23:27:05","guid":{"rendered":"https:\/\/armstrongyregion.com.ar\/diario\/?p=43540"},"modified":"2024-07-24T23:27:07","modified_gmt":"2024-07-24T23:27:07","slug":"puccini-sobre-las-retenciones-pedimos-mas-federalismo-y-que-se-le-saque-la-pata-de-encima-a-la-produccion","status":"publish","type":"post","link":"https:\/\/armstrongyregion.com.ar\/diario\/puccini-sobre-las-retenciones-pedimos-mas-federalismo-y-que-se-le-saque-la-pata-de-encima-a-la-produccion\/","title":{"rendered":"Puccini sobre las retenciones: \u201cPedimos m\u00e1s federalismo y que se le saque la pata de encima a la producci\u00f3n\u201d"},"content":{"rendered":"\n<figure class=\"wp-block-image size-full\"><a href=\"http:\/\/armstrongyregion.com.ar\/diario\/wp-content\/uploads\/2024\/07\/puccini-.jpg\"><img loading=\"lazy\" decoding=\"async\" width=\"640\" height=\"427\" src=\"http:\/\/armstrongyregion.com.ar\/diario\/wp-content\/uploads\/2024\/07\/puccini-.jpg\" alt=\"\" class=\"wp-image-43541\" srcset=\"https:\/\/armstrongyregion.com.ar\/diario\/wp-content\/uploads\/2024\/07\/puccini-.jpg 640w, https:\/\/armstrongyregion.com.ar\/diario\/wp-content\/uploads\/2024\/07\/puccini--300x200.jpg 300w\" sizes=\"auto, (max-width: 640px) 100vw, 640px\" \/><\/a><\/figure>\n\n\n\n<figure class=\"wp-block-table\"><table><tbody><tr><td><strong>En el marco de la Expo Rural de Palermo, el ministro de Desarrollo Productivo santafesino y sus pares de la Regi\u00f3n Centro mantuvieron un encuentro con los secretarios nacionales de Coordinaci\u00f3n de Producci\u00f3n, Juan Pazo; y de Agricultura, Ganader\u00eda y Pesca, Sergio Iraeta.<br><\/strong><\/td><td>&nbsp;<\/td><\/tr><\/tbody><\/table><figcaption class=\"wp-element-caption\">El ministro de Desarrollo Productivo, Gustavo Puccini, junto a sus pares de la Regi\u00f3n Centro, mantuvieron este mi\u00e9rcoles una reuni\u00f3n con los secretarios nacionales de Coordinaci\u00f3n de Producci\u00f3n, Juan Pazo; y de Agricultura, Ganader\u00eda y Pesca, Sergio Iraeta, en el marco de la Expo Rural de Palermo, en Buenos Aires. El santafesino estuvo acompa\u00f1ado por Guillermo Bernaudo, ministro de Desarrollo Econ\u00f3mico de Entre R\u00edos y el ministro de Bioagroindustria de C\u00f3rdoba, Sergio Busso.Tras el encuentro, Puccini se\u00f1al\u00f3 que se abordaron \u201clos puntos de agenda que ten\u00edamos para hablar, fundamentalmente lo que se est\u00e1 trabajando en la nueva Ley Pymes, para la cual se busca un consenso entre las provincias, las propias c\u00e1maras, siempre en pos de las distintas industrias de todas las provincias\u201d. \u201cAdem\u00e1s -agreg\u00f3- en el marco de que se acaba de aprobar el R\u00e9gimen de Incentivo para Grandes Inversiones (RIGI), les acercamos nuestra intenci\u00f3n de presentar como Regi\u00f3n Centro, m\u00e1s las provincias que integran la Liga Bioenerg\u00e9tica, una nueva ley de biocombustibles\u201d. Vale recordar que esa liga la conforman adem\u00e1s de las provincias de la Regi\u00f3n Centro, Jujuy, Tucum\u00e1n y Salta.<br><br>Puccini se\u00f1al\u00f3 asimismo que en el encuentro se habl\u00f3 sobre \u201clas posibilidades de l\u00edneas de cr\u00e9dito para el sector de la lecher\u00eda a trav\u00e9s del Banco de Inversi\u00f3n y Comercio Exterior Sociedad An\u00f3nimo (BICE); que podamos pensar juntos l\u00edneas de cr\u00e9dito que sean herramientas acordes a este sector para seguir acompa\u00f1\u00e1ndolos. Tambi\u00e9n manifestamos la necesidad de fortalecer a las econom\u00edas regionales, porque entendemos que tenemos potencial para, desde las econom\u00edas regionales, generar valor agregado, y que eso genere empleo\u201d.<br><br>Vale se\u00f1alar el martes Puccini particip\u00f3 de la jornada \u201cLas olimp\u00edadas del campo: Di\u00e1logo entre gobernadores y ministros del Ejecutivo\u201d, que se realiz\u00f3 en el marco de la 136\u00ba edici\u00f3n de la Expo Rural en el predio de la Sociedad Rural Argentina en Palermo, en la Ciudad Aut\u00f3noma de Buenos Aires.<br><br><img decoding=\"async\" src=\"https:\/\/ci3.googleusercontent.com\/meips\/ADKq_NZk4Bjhw2b6Itu2wsRds2YLQfFFe001JFh9XL67ewx7OHUK2fJqc20xJ9AjR6MarbhWA0a67PVnFuz5cexpiDhn5ejqzVRm_0B02_fvWqqcolBNuCAhIUq5aJCMHo_OayMgV1BeLgBqkkTduOc=s0-d-e1-ft#https:\/\/www.santafe.gov.ar\/noticias\/recursos\/fotos\/2024\/07\/2024-07-24NID_280772O_2.jpeg\" alt=\"\"><br><strong>Una mirada federal<\/strong><br>El objetivo de la jornada fue abordar las diferentes situaciones que atraviesan las actividades del campo y establecer un di\u00e1logo con las principales autoridades pol\u00edticas para compartir las visiones y caminos posibles para aprovechar las oportunidades que presenta el negocio de los alimentos para Argentina.<br><br>Tambi\u00e9n participaron de la jornada, adem\u00e1s de Puccini y los ministros de C\u00f3rdoba y Entre R\u00edos; sus pares de Santa Cruz, Gustavo Mart\u00ednez; La Pampa, Ricardo Baraldi; Corrientes, Claudio Anselmo; Chaco, Hern\u00e1n Halavacs; quienes coincidieron en el reclamo por la coparticipaci\u00f3n, la devoluci\u00f3n de recursos y la mejora en la infraestructura vial para posibilitar el traslado de los productos del agro a los puertos del pa\u00eds.<br><br>Al respecto, Puccini destac\u00f3 la importancia de que \u201ctenga una mirada federal, porque la \u00fanica manera que tiene la Argentina de salir adelante es con m\u00e1s producci\u00f3n y con m\u00e1s productores. Estamos apostando todo a la producci\u00f3n\u201d, precis\u00f3.<br><br>Con respecto a las retenciones, record\u00f3 que \u201cel propio Gobierno nacional hab\u00eda dicho en campa\u00f1a que las iba a eliminar, lo que nunca dijo es cuando. El campo hace los esfuerzos, es el que acompa\u00f1a al pa\u00eds a salir adelante y nosotros venimos a pedirle a la Naci\u00f3n m\u00e1s federalismo y que se le saque la pata de encima a la producci\u00f3n\u00bb, resalt\u00f3.<br><br>Por \u00faltimo, el ministro pidi\u00f3 por obras necesarias para la producci\u00f3n santafesina, c\u00f3mo los gasoductos y mejoras en la autopista Buenos Aires \u2013 Rosario; y record\u00f3 que \u201cestamos haciendo un esfuerzo y acompa\u00f1ando a la Naci\u00f3n en el acomodamiento de lo fiscal y tributario; pero consideramos que las provincias tambi\u00e9n tienen que tener recompensa\u201d, concluy\u00f3.<br><strong>Reconocimiento<\/strong><br>Cabe se\u00f1alar que en el marco de la expo, el gobierno de Santa Fe hizo un reconocimiento a 36 caba\u00f1as de bovinos, ovinos y caprinos y haras de equinos de 16 razas diferentes, todas situadas en suelo santafesino, \u201cpor sus aportes al mejoramiento gen\u00e9tico\u201d de los animales que all\u00ed se cr\u00edan y, en consecuencia, por bregar \u201cpor un crecimiento y fortalecimiento productivo de la provincia\u201d.<br><\/figcaption><\/figure>\n","protected":false},"excerpt":{"rendered":"<p>Puccini sobre las retenciones: \u201cPedimos m\u00e1s federalismo y que se le saque la pata de encima a la producci\u00f3n\u201d<\/p>\n","protected":false},"author":1,"featured_media":43541,"comment_status":"open","ping_status":"open","sticky":false,"template":"","format":"image","meta":{"_jetpack_memberships_contains_paid_content":false,"footnotes":"","jetpack_publicize_message":"","jetpack_publicize_feature_enabled":true,"jetpack_social_post_already_shared":true,"jetpack_social_options":{"image_generator_settings":{"template":"highway","default_image_id":0,"enabled":false},"version":2}},"categories":[8,1,2,7,3],"tags":[10721,10888,8777,40,10887,10885,10886],"class_list":["post-43540","post","type-post","status-publish","format-image","has-post-thumbnail","hentry","category-deliberando","category-diario-armstrong","category-locales","category-politica","category-region","tag-diario-armstrong-region","tag-federalismo","tag-lic-graciela-de-la-casa","tag-mas","tag-pedimos","tag-puccini","tag-retenciones","post_format-post-format-image"],"jetpack_publicize_connections":[],"jetpack_featured_media_url":"https:\/\/armstrongyregion.com.ar\/diario\/wp-content\/uploads\/2024\/07\/puccini-.jpg","jetpack_shortlink":"https:\/\/wp.me\/p62QDO-bkg","jetpack_sharing_enabled":true,"amp_enabled":true,"_links":{"self":[{"href":"https:\/\/armstrongyregion.com.ar\/diario\/wp-json\/wp\/v2\/posts\/43540","targetHints":{"allow":["GET"]}}],"collection":[{"href":"https:\/\/armstrongyregion.com.ar\/diario\/wp-json\/wp\/v2\/posts"}],"about":[{"href":"https:\/\/armstrongyregion.com.ar\/diario\/wp-json\/wp\/v2\/types\/post"}],"author":[{"embeddable":true,"href":"https:\/\/armstrongyregion.com.ar\/diario\/wp-json\/wp\/v2\/users\/1"}],"replies":[{"embeddable":true,"href":"https:\/\/armstrongyregion.com.ar\/diario\/wp-json\/wp\/v2\/comments?post=43540"}],"version-history":[{"count":1,"href":"https:\/\/armstrongyregion.com.ar\/diario\/wp-json\/wp\/v2\/posts\/43540\/revisions"}],"predecessor-version":[{"id":43542,"href":"https:\/\/armstrongyregion.com.ar\/diario\/wp-json\/wp\/v2\/posts\/43540\/revisions\/43542"}],"wp:featuredmedia":[{"embeddable":true,"href":"https:\/\/armstrongyregion.com.ar\/diario\/wp-json\/wp\/v2\/media\/43541"}],"wp:attachment":[{"href":"https:\/\/armstrongyregion.com.ar\/diario\/wp-json\/wp\/v2\/media?parent=43540"}],"wp:term":[{"taxonomy":"category","embeddable":true,"href":"https:\/\/armstrongyregion.com.ar\/diario\/wp-json\/wp\/v2\/categories?post=43540"},{"taxonomy":"post_tag","embeddable":true,"href":"https:\/\/armstrongyregion.com.ar\/diario\/wp-json\/wp\/v2\/tags?post=43540"}],"curies":[{"name":"wp","href":"https:\/\/api.w.org\/{rel}","templated":true}]}}