{"id":43537,"date":"2024-07-24T23:23:48","date_gmt":"2024-07-24T23:23:48","guid":{"rendered":"https:\/\/armstrongyregion.com.ar\/diario\/?p=43537"},"modified":"2024-07-24T23:23:51","modified_gmt":"2024-07-24T23:23:51","slug":"paso-a-cuarto-intermedio-la-paritaria-entre-el-gobierno-y-los-gremios-docentes","status":"publish","type":"post","link":"https:\/\/armstrongyregion.com.ar\/diario\/paso-a-cuarto-intermedio-la-paritaria-entre-el-gobierno-y-los-gremios-docentes\/","title":{"rendered":"Pas\u00f3 a cuarto intermedio la paritaria entre el Gobierno y los gremios docentes."},"content":{"rendered":"\n<figure class=\"wp-block-image size-full\"><a href=\"http:\/\/armstrongyregion.com.ar\/diario\/wp-content\/uploads\/2024\/07\/Gremio-24-7-24.jpg\"><img loading=\"lazy\" decoding=\"async\" width=\"570\" height=\"320\" src=\"http:\/\/armstrongyregion.com.ar\/diario\/wp-content\/uploads\/2024\/07\/Gremio-24-7-24.jpg\" alt=\"\" class=\"wp-image-43538\" srcset=\"https:\/\/armstrongyregion.com.ar\/diario\/wp-content\/uploads\/2024\/07\/Gremio-24-7-24.jpg 570w, https:\/\/armstrongyregion.com.ar\/diario\/wp-content\/uploads\/2024\/07\/Gremio-24-7-24-300x168.jpg 300w\" sizes=\"auto, (max-width: 570px) 100vw, 570px\" \/><\/a><\/figure>\n\n\n\n<h2 class=\"wp-block-heading\">El ministro de Educaci\u00f3n, Jos\u00e9 Goity, destac\u00f3 que se est\u00e1n discutiendo los par\u00e1metros de actualizaci\u00f3n, con el objetivo de preservar el poder adquisitivo de los trabajadores y garantizar las obras y servicios que lleva adelante el Gobierno. Enfatiz\u00f3 que \u201cen Santa Fe el presupuesto educativo est\u00e1 en permanente crecimiento\u201d.<\/h2>\n\n\n\n<figure class=\"wp-block-table\"><table><tbody><tr><td>La reuni\u00f3n paritaria entre el Gobierno y los gremios docentes pas\u00f3 a cuarto intermedio, luego de un encuentro que se concret\u00f3 este mi\u00e9rcoles por la tarde encabezado por los ministros de Educaci\u00f3n, Jos\u00e9 Goity; de Econom\u00eda, Pablo Olivares, y de Trabajo, Roald B\u00e1scolo. \u201cVamos a seguir discutiendo los par\u00e1metros de actualizaci\u00f3n salarial, siempre con el objetivo de preservar el poder adquisitivo de los trabajadores, y a la vez garantizar los recursos que necesita la Provincia para seguir llevando adelante obras y cumpliendo con los servicios\u201d, detall\u00f3 el ministro de Educaci\u00f3n al t\u00e9rmino del encuentro que se desarroll\u00f3 en el Ministerio de Trabajo.En declaraciones a los medios, Goity record\u00f3 que \u201cde diciembre a hoy, la inflaci\u00f3n fue del 79 %, y con un esfuerzo muy grande de todos los santafesinos, la recomposici\u00f3n salarial de los trabajadores docentes lleg\u00f3 al 82 % en el mismo per\u00edodo\u201d.Apunt\u00f3 que \u201clos gremios hacen un planteo respecto de la paritaria firmada con el Gobierno anterior, que no la pag\u00f3 y tampoco dej\u00f3 esos fondos, y que adem\u00e1s era de imposible cumplimiento y todos lo sab\u00edan\u201d, cuestion\u00f3.Y reiter\u00f3: \u201cLa Provincia ha mejorado los salarios por encima de la inflaci\u00f3n en lo que va del a\u00f1o, porque queremos cuidar los ingresos de los trabajadores, pero tambi\u00e9n cuidamos los recursos que son de todos los santafesinos\u201d.Valor\u00f3 adem\u00e1s que \u201ccada uno de los compromisos que tomamos desde la primera paritaria, en enero, los cumplimos, uno por uno, y por eso estamos discutiendo tambi\u00e9n calidad educativa\u201d, enfatiz\u00f3.<strong>Inversi\u00f3n permanente<\/strong>Goity destac\u00f3 que \u201chaciendo un esfuerzo muy grande, el presupuesto educativo est\u00e1 en permanente crecimiento en Santa Fe. Garantizar el proceso educativo no es solamente el salario de los trabajadores, sino garantizar las condiciones adecuadas para que los chicos puedan aprender y los docentes puedan llevar adelante su tarea en condiciones dignas. Por eso realizamos una in\u00e9dita inversi\u00f3n en infraestructura, construyendo mil aulas, haciendo escuelas nuevas, y realizando tareas de mantenimiento en much\u00edsimos edificios de toda la provincia\u201d.El ministro valor\u00f3 tambi\u00e9n la creaci\u00f3n del programa Asistencia Perfecta, una iniciativa provincial que otorga un incentivo econ\u00f3mico mensual y trimestral para aquellos que concurren a trabajar todos los d\u00edas, y que forma parte de las estrategias para reducir el ausentismo en el sector docente, que era uno de los m\u00e1s altos a nivel pa\u00eds. Entre abril y junio, los docentes que alcanzaron el premio Asistencia Perfecta obtuvieron entre 258 mil y 516 mil pesos m\u00e1s. \u201cAsistencia Perfecta es una pol\u00edtica de Estado que vamos a sostener, y que busca que el sistema funcione mejor. Estamos conformes con su aplicaci\u00f3n\u201d, destac\u00f3.A eso sum\u00f3 \u201cque adem\u00e1s hacemos una inversi\u00f3n muy fuerte para garantizar el Boleto Educativo, que representa para cada docente un ahorro en transporte de unos 40 mil pesos mensuales, y que es un monto que se actualiza tambi\u00e9n con el costo del pasaje\u201d.Por su parte, el ministro de Econom\u00eda, Pablo Olivares, destac\u00f3 que con el sector gremial \u201ccoincidimos en mantener el poder adquisitivo y por eso en pensar qu\u00e9 inflaci\u00f3n puede haber en adelante. Hoy hay mediciones semanales que indican que en julio podr\u00eda estar debajo del 4 %, aunque puede implicar un incremento de la recesi\u00f3n\u201d. Con respecto a la cantidad de meses por la que podr\u00eda acordarse, marc\u00f3 que \u201cel plazo de la propuesta se acordar\u00e1 en los t\u00e9rminos que deje conforme a ambas partes\u201d.En cuanto a Asistencia Perfecta, el titular de Econom\u00eda insisti\u00f3 en que \u201ces una inversi\u00f3n y pol\u00edtica de Estado. El objetivo es premiar a los que concurren diariamente. Este Gobierno quiere abrazar y apoyar a todos los que hacen un esfuerzo con no faltar, y en ellos est\u00e1 focalizada la inversi\u00f3n que hace el Estado\u201d.&nbsp;<\/td><td>&nbsp;<\/td><\/tr><\/tbody><\/table><\/figure>\n\n\n\n<figure class=\"wp-block-table\"><table><tbody><tr><td>&nbsp;<\/td><td>&nbsp;<\/td><\/tr><\/tbody><\/table><\/figure>\n","protected":false},"excerpt":{"rendered":"<p>Pas\u00f3 a cuarto intermedio la paritaria entre el Gobierno y los gremios docentes.<\/p>\n","protected":false},"author":1,"featured_media":43538,"comment_status":"open","ping_status":"open","sticky":false,"template":"","format":"image","meta":{"_jetpack_memberships_contains_paid_content":false,"footnotes":"","jetpack_publicize_message":"","jetpack_publicize_feature_enabled":true,"jetpack_social_post_already_shared":true,"jetpack_social_options":{"image_generator_settings":{"template":"highway","default_image_id":0,"enabled":false},"version":2}},"categories":[8,1,2,7,3],"tags":[10884,4608,2635,9016,8777,10133],"class_list":["post-43537","post","type-post","status-publish","format-image","has-post-thumbnail","hentry","category-deliberando","category-diario-armstrong","category-locales","category-politica","category-region","tag-cuarto-intermedio","tag-diario-armstrong-y-region","tag-docentes","tag-gremios","tag-lic-graciela-de-la-casa","tag-paritaria","post_format-post-format-image"],"jetpack_publicize_connections":[],"jetpack_featured_media_url":"https:\/\/armstrongyregion.com.ar\/diario\/wp-content\/uploads\/2024\/07\/Gremio-24-7-24.jpg","jetpack_shortlink":"https:\/\/wp.me\/p62QDO-bkd","jetpack_sharing_enabled":true,"amp_enabled":true,"_links":{"self":[{"href":"https:\/\/armstrongyregion.com.ar\/diario\/wp-json\/wp\/v2\/posts\/43537","targetHints":{"allow":["GET"]}}],"collection":[{"href":"https:\/\/armstrongyregion.com.ar\/diario\/wp-json\/wp\/v2\/posts"}],"about":[{"href":"https:\/\/armstrongyregion.com.ar\/diario\/wp-json\/wp\/v2\/types\/post"}],"author":[{"embeddable":true,"href":"https:\/\/armstrongyregion.com.ar\/diario\/wp-json\/wp\/v2\/users\/1"}],"replies":[{"embeddable":true,"href":"https:\/\/armstrongyregion.com.ar\/diario\/wp-json\/wp\/v2\/comments?post=43537"}],"version-history":[{"count":1,"href":"https:\/\/armstrongyregion.com.ar\/diario\/wp-json\/wp\/v2\/posts\/43537\/revisions"}],"predecessor-version":[{"id":43539,"href":"https:\/\/armstrongyregion.com.ar\/diario\/wp-json\/wp\/v2\/posts\/43537\/revisions\/43539"}],"wp:featuredmedia":[{"embeddable":true,"href":"https:\/\/armstrongyregion.com.ar\/diario\/wp-json\/wp\/v2\/media\/43538"}],"wp:attachment":[{"href":"https:\/\/armstrongyregion.com.ar\/diario\/wp-json\/wp\/v2\/media?parent=43537"}],"wp:term":[{"taxonomy":"category","embeddable":true,"href":"https:\/\/armstrongyregion.com.ar\/diario\/wp-json\/wp\/v2\/categories?post=43537"},{"taxonomy":"post_tag","embeddable":true,"href":"https:\/\/armstrongyregion.com.ar\/diario\/wp-json\/wp\/v2\/tags?post=43537"}],"curies":[{"name":"wp","href":"https:\/\/api.w.org\/{rel}","templated":true}]}}