{"id":43528,"date":"2024-07-23T20:08:06","date_gmt":"2024-07-23T20:08:06","guid":{"rendered":"https:\/\/armstrongyregion.com.ar\/diario\/?p=43528"},"modified":"2024-07-23T20:08:09","modified_gmt":"2024-07-23T20:08:09","slug":"cococcioni-estamos-implementando-tecnologia-para-que-toda-la-poblacion-este-abarcada-en-el-sistema-911","status":"publish","type":"post","link":"https:\/\/armstrongyregion.com.ar\/diario\/cococcioni-estamos-implementando-tecnologia-para-que-toda-la-poblacion-este-abarcada-en-el-sistema-911\/","title":{"rendered":"Cococcioni: \u201cEstamos implementando tecnolog\u00eda para que toda la poblaci\u00f3n est\u00e9 abarcada en el Sistema 911\u201d"},"content":{"rendered":"\n<figure class=\"wp-block-image size-full\"><a href=\"http:\/\/armstrongyregion.com.ar\/diario\/wp-content\/uploads\/2024\/07\/COCOCCIONI-DIARIOARMSTRONG-.jpg\"><img loading=\"lazy\" decoding=\"async\" width=\"570\" height=\"320\" src=\"http:\/\/armstrongyregion.com.ar\/diario\/wp-content\/uploads\/2024\/07\/COCOCCIONI-DIARIOARMSTRONG-.jpg\" alt=\"\" class=\"wp-image-43529\" srcset=\"https:\/\/armstrongyregion.com.ar\/diario\/wp-content\/uploads\/2024\/07\/COCOCCIONI-DIARIOARMSTRONG-.jpg 570w, https:\/\/armstrongyregion.com.ar\/diario\/wp-content\/uploads\/2024\/07\/COCOCCIONI-DIARIOARMSTRONG--300x168.jpg 300w\" sizes=\"auto, (max-width: 570px) 100vw, 570px\" \/><\/a><\/figure>\n\n\n\n<figure class=\"wp-block-table\"><table><tbody><tr><td>Los ministros <strong>de Justicia y Seguridad, Pablo Cococcioni, y de Gobierno e Innovaci\u00f3n, Fabi\u00e1n Bastia, finalizaron su recorrida por los departamentos Garay, San Javier, Vera y San Justo. En la cabecera de este \u00faltimo inauguraron una torre TETRA, sistema que encripta las comunicaciones.<\/strong><\/td><td>&nbsp;<\/td><\/tr><\/tbody><\/table><figcaption class=\"wp-element-caption\">En el marco de la visita a cuatro departamentos provinciales, los ministros de Gobierno e Innovaci\u00f3n, Fabi\u00e1n Bastia; y de Justicia y Seguridad, Pablo Cococcioni, junto a otras autoridades provinciales y locales, finalizaron la jornada en la ciudad de San Justo, donde inauguraron una torre Tetra, firmaron convenios correspondientes al Programa V\u00ednculos, entregaron 10 handys a la polic\u00eda y aportes a diferentes instituciones.<br>El sistema de comunicaciones Tetra es el que utiliza la Provincia para las comunicaciones oficiales de las fuerzas de seguridad, despacho del 911, Bomberos, Protecci\u00f3n Civil, emergencia sanitaria y dem\u00e1s organismos del Estado. Este sistema encripta las comunicaciones evitando que personas no autorizadas escuchen lo que por ese canal se modula.\u00a0<br>Durante la actividad, Cococcioni destac\u00f3 que \u201cesta infraestructura permite dos cosas. Primero, empezar a usar un sistema de comunicaciones digital y encriptada. Todos sabemos los problemas de seguridad que tienen las radios policiales, que tienen problemas de vulnerabilidad y que ciertas personas puedan llegar a escucharla indebidamente. Este es un sistema inviolable que permite una comunicaci\u00f3n segura para la polic\u00eda y para otras agencias del Estado que as\u00ed lo requieran\u201d.\u00a0<br>En segundo lugar, \u201cesta tecnolog\u00eda nos permite poder empezar a dar los primeros pasos para implementar el Sistema 911. El Sistema 911 como m\u00e9todo de distribuci\u00f3n del patrullaje policial y de respuesta ante el llamado de emergencia es realmente un cambio de paradigma en materia de seguridad p\u00fablica. Es decir, un sistema que nos permite una concentraci\u00f3n de los recursos, una distribuci\u00f3n inteligente de los mismos seg\u00fan mapa de delito y monitorear con datos y con evidencia cient\u00edfica el despliegue policial, la respuesta ante el llamado, el rendimiento, el cumplimiento o no por parte de los deberes del polic\u00eda\u201d.<br>\u201cAl cabo de esta gesti\u00f3n, toda esta tecnolog\u00eda va a permitir que el 80% de la poblaci\u00f3n de la provincia de Santa Fe est\u00e9 abarcada en el mismo sistema que empez\u00f3 para Rosario y Santa Fe\u201d, concluy\u00f3 el ministro de Seguridad.\u00a0<br>En tanto, Bastia afirm\u00f3 que \u201cfue muy importante la actividad que tuvimos durante el d\u00eda, especialmente ac\u00e1 en la cabecera del departamento San Justo. Todos los esfuerzos son importantes para nosotros. Todas las comunidades, por m\u00e1s chicas o grandes que sean, nos importan, al igual que sus instituciones. Hay mucho esfuerzo humano detr\u00e1s de cada instituci\u00f3n. Gente que pone lo mejor que tiene, que es el tiempo. Por eso, desde el Estado provincial estamos muy contentos de poder acompa\u00f1arlas\u201d.<br><strong>Entrega de aportes<\/strong><br>Los aportes entregados en San Justo tienen como destino el sistema de videovigilancia para Ramay\u00f3n por seis millones de pesos y alumbrado p\u00fablico para Videla por siete millones de pesos. Adem\u00e1s, entregaron aportes a la municipalidad de San Justo, a la Asociaci\u00f3n Abrazos para Sanar, al Club Sanjustino, a Marcelino Escalada y Ramay\u00f3n.<br>Al respecto, el senador por el departamento San Justo, Rodrigo Borla, detall\u00f3 que la firma de convenios y entrega de aportes \u201ctienen que ver con la seguridad. Son aportes muy importantes, muchos de esos proyectos eran del a\u00f1o 2019, estaban parados y hoy se est\u00e1n saliendo\u201d.\u00a0<br>Previamente, los ministros visitaron Pedro G\u00f3mez Cello, tambi\u00e9n en el departamento San Justo, donde firmaron convenios y entregaron aportes en el marco del Programa V\u00ednculos con diferentes localidades: con La Camila, por seis millones de pesos para realizar ripiado; con La Criolla, por siete millones de pesos para el sistema de videovigilancia; y para Pedro G\u00f3mez de Cello, por seis millones de pesos tambi\u00e9n para el sistema de videovigilancia.<br><strong>Detalles de la recorrida<\/strong><br>En primer lugar, las autoridades provinciales inauguraron en Helvecia la torre Tetra, que dar\u00e1 servicio a esa localidad y a Cayast\u00e1, departamento Garay. En el marco de la misma visita, entregaron m\u00f3viles policiales, firmaron acuerdos y entregaron aportes a Cayast\u00e1.\u00a0<br>En tanto, en San Javier, inauguraron otra torre tetra, y en la sede de la Unidad Regional XIV entregaron nuevos m\u00f3viles. Seguidamente, en Vera tambi\u00e9n entregaron m\u00f3viles policiales y equipamiento.\u00a0<br>Durante la recorrida los ministros firmaron convenios, entre ellos algunos correspondientes al Programa V\u00ednculos, referido a seguridad y convivencia ciudadana. En las actividades estuvieron presentes la secretaria Gesti\u00f3n Institucional del Ministerio de Justicia y Seguridad de Santa Fe y el secretario de Tecnolog\u00eda para la Gesti\u00f3n, Ignacio Tabares.<br>\u00a0<br>\u00a0<br>\u00a0<br>\u00a0<br><\/figcaption><\/figure>\n","protected":false},"excerpt":{"rendered":"<p>Cococcioni: \u201cEstamos implementando tecnolog\u00eda para que toda la poblaci\u00f3n est\u00e9 abarcada en el Sistema 911\u201d<\/p>\n","protected":false},"author":1,"featured_media":43529,"comment_status":"open","ping_status":"open","sticky":false,"template":"","format":"image","meta":{"_jetpack_memberships_contains_paid_content":false,"footnotes":"","jetpack_publicize_message":"","jetpack_publicize_feature_enabled":true,"jetpack_social_post_already_shared":true,"jetpack_social_options":{"image_generator_settings":{"template":"highway","default_image_id":0,"enabled":false},"version":2}},"categories":[8,1,2,7,3],"tags":[10155,10721,8777,2335,10578],"class_list":["post-43528","post","type-post","status-publish","format-image","has-post-thumbnail","hentry","category-deliberando","category-diario-armstrong","category-locales","category-politica","category-region","tag-cococcioni","tag-diario-armstrong-region","tag-lic-graciela-de-la-casa","tag-sistema","tag-tecnologia-2","post_format-post-format-image"],"jetpack_publicize_connections":[],"jetpack_featured_media_url":"https:\/\/armstrongyregion.com.ar\/diario\/wp-content\/uploads\/2024\/07\/COCOCCIONI-DIARIOARMSTRONG-.jpg","jetpack_shortlink":"https:\/\/wp.me\/p62QDO-bk4","jetpack_sharing_enabled":true,"amp_enabled":true,"_links":{"self":[{"href":"https:\/\/armstrongyregion.com.ar\/diario\/wp-json\/wp\/v2\/posts\/43528","targetHints":{"allow":["GET"]}}],"collection":[{"href":"https:\/\/armstrongyregion.com.ar\/diario\/wp-json\/wp\/v2\/posts"}],"about":[{"href":"https:\/\/armstrongyregion.com.ar\/diario\/wp-json\/wp\/v2\/types\/post"}],"author":[{"embeddable":true,"href":"https:\/\/armstrongyregion.com.ar\/diario\/wp-json\/wp\/v2\/users\/1"}],"replies":[{"embeddable":true,"href":"https:\/\/armstrongyregion.com.ar\/diario\/wp-json\/wp\/v2\/comments?post=43528"}],"version-history":[{"count":1,"href":"https:\/\/armstrongyregion.com.ar\/diario\/wp-json\/wp\/v2\/posts\/43528\/revisions"}],"predecessor-version":[{"id":43530,"href":"https:\/\/armstrongyregion.com.ar\/diario\/wp-json\/wp\/v2\/posts\/43528\/revisions\/43530"}],"wp:featuredmedia":[{"embeddable":true,"href":"https:\/\/armstrongyregion.com.ar\/diario\/wp-json\/wp\/v2\/media\/43529"}],"wp:attachment":[{"href":"https:\/\/armstrongyregion.com.ar\/diario\/wp-json\/wp\/v2\/media?parent=43528"}],"wp:term":[{"taxonomy":"category","embeddable":true,"href":"https:\/\/armstrongyregion.com.ar\/diario\/wp-json\/wp\/v2\/categories?post=43528"},{"taxonomy":"post_tag","embeddable":true,"href":"https:\/\/armstrongyregion.com.ar\/diario\/wp-json\/wp\/v2\/tags?post=43528"}],"curies":[{"name":"wp","href":"https:\/\/api.w.org\/{rel}","templated":true}]}}