{"id":43522,"date":"2024-07-23T14:35:31","date_gmt":"2024-07-23T14:35:31","guid":{"rendered":"https:\/\/armstrongyregion.com.ar\/diario\/?p=43522"},"modified":"2024-07-23T14:42:44","modified_gmt":"2024-07-23T14:42:44","slug":"este-martes-en-deliberando-comenzamos-a-vivir-las-proximas-elecciones-a-intendente-de-la-ciudad","status":"publish","type":"post","link":"https:\/\/armstrongyregion.com.ar\/diario\/este-martes-en-deliberando-comenzamos-a-vivir-las-proximas-elecciones-a-intendente-de-la-ciudad\/","title":{"rendered":"Este martes en DELIBERANDO, comenzamos a vivir las pr\u00f3ximas\u00a0elecciones a intendente de la ciudad."},"content":{"rendered":"\n<figure class=\"wp-block-image size-full\"><a href=\"http:\/\/armstrongyregion.com.ar\/diario\/wp-content\/uploads\/2024\/07\/Emi-Gramigna-23-de-Julio-1-1.jpg\"><img loading=\"lazy\" decoding=\"async\" width=\"536\" height=\"354\" src=\"http:\/\/armstrongyregion.com.ar\/diario\/wp-content\/uploads\/2024\/07\/Emi-Gramigna-23-de-Julio-1-1.jpg\" alt=\"\" class=\"wp-image-43526\" srcset=\"https:\/\/armstrongyregion.com.ar\/diario\/wp-content\/uploads\/2024\/07\/Emi-Gramigna-23-de-Julio-1-1.jpg 536w, https:\/\/armstrongyregion.com.ar\/diario\/wp-content\/uploads\/2024\/07\/Emi-Gramigna-23-de-Julio-1-1-300x198.jpg 300w\" sizes=\"auto, (max-width: 536px) 100vw, 536px\" \/><\/a><\/figure>\n\n\n\n<p>Nos visitar\u00e1 el referente de CAMBIA ARMSTRONG, el actual concejal Emiliano Gramigna, con quien desarrollaremos los temas que hacen a su campa\u00f1a y los planes pensados en caso de ser electo.<\/p>\n\n\n\n<p>*Hablaremos de los principales problemas que observa en la ciudad y como los abordar\u00eda. <\/p>\n\n\n\n<p>*Planes de acci\u00f3n para solucionar las dificultades que se detectan.<\/p>\n\n\n\n<p>*En los primeros cien d\u00edas de gobierno, en caso de llegar a la intendencia, cuales ser\u00e1n las medidas a adoptar. <\/p>\n\n\n\n<p>*Siendo concejal que temas puede destacar como logros. Tambi\u00e9n&nbsp;consultaremos sobre la experiencia de   sus mandatos. Cu\u00e1l ser\u00e1&nbsp;su accionar en cuanto al manejo de fondos y transparencia de la gesti\u00f3n? *Hablaremos de temas tales como seguridad, monitoreo permanente, educaci\u00f3n y medio ambiente.<\/p>\n\n\n\n<p>*Quienes respaldan su candidatura y como se abordar\u00e1 la inclusi\u00f3n social y la diversidad.<\/p>\n\n\n\n<p>Todo este martes en DELIBERANDO, con la conducci\u00f3n de la licenciada Graciela de la Casa y Oscar Crispino.<\/p>\n\n\n\n<p>Martes 23 de Julio 21hs. Por Cable Imagen Armstrong.<\/p>\n","protected":false},"excerpt":{"rendered":"<p>Este martes en DELIBERANDO, comenzamos a vivir las pr\u00f3ximas\u00a0elecciones a intendente de la ciudad.<\/p>\n","protected":false},"author":1,"featured_media":43526,"comment_status":"open","ping_status":"open","sticky":false,"template":"","format":"image","meta":{"_jetpack_memberships_contains_paid_content":false,"footnotes":"","jetpack_publicize_message":"","jetpack_publicize_feature_enabled":true,"jetpack_social_post_already_shared":true,"jetpack_social_options":{"image_generator_settings":{"template":"highway","default_image_id":0,"enabled":false},"version":2}},"categories":[8,1,2,7,3],"tags":[10720,10651,9924,9423,8777,9314],"class_list":["post-43522","post","type-post","status-publish","format-image","has-post-thumbnail","hentry","category-deliberando","category-diario-armstrong","category-locales","category-politica","category-region","tag-cambia-armstrong","tag-candidato-a-intendente","tag-diario-armstrong-y-region-2","tag-emiliano-gramigna","tag-lic-graciela-de-la-casa","tag-oscar-crispino","post_format-post-format-image"],"jetpack_publicize_connections":[],"jetpack_featured_media_url":"https:\/\/armstrongyregion.com.ar\/diario\/wp-content\/uploads\/2024\/07\/Emi-Gramigna-23-de-Julio-1-1.jpg","jetpack_shortlink":"https:\/\/wp.me\/p62QDO-bjY","jetpack_sharing_enabled":true,"amp_enabled":true,"_links":{"self":[{"href":"https:\/\/armstrongyregion.com.ar\/diario\/wp-json\/wp\/v2\/posts\/43522","targetHints":{"allow":["GET"]}}],"collection":[{"href":"https:\/\/armstrongyregion.com.ar\/diario\/wp-json\/wp\/v2\/posts"}],"about":[{"href":"https:\/\/armstrongyregion.com.ar\/diario\/wp-json\/wp\/v2\/types\/post"}],"author":[{"embeddable":true,"href":"https:\/\/armstrongyregion.com.ar\/diario\/wp-json\/wp\/v2\/users\/1"}],"replies":[{"embeddable":true,"href":"https:\/\/armstrongyregion.com.ar\/diario\/wp-json\/wp\/v2\/comments?post=43522"}],"version-history":[{"count":2,"href":"https:\/\/armstrongyregion.com.ar\/diario\/wp-json\/wp\/v2\/posts\/43522\/revisions"}],"predecessor-version":[{"id":43527,"href":"https:\/\/armstrongyregion.com.ar\/diario\/wp-json\/wp\/v2\/posts\/43522\/revisions\/43527"}],"wp:featuredmedia":[{"embeddable":true,"href":"https:\/\/armstrongyregion.com.ar\/diario\/wp-json\/wp\/v2\/media\/43526"}],"wp:attachment":[{"href":"https:\/\/armstrongyregion.com.ar\/diario\/wp-json\/wp\/v2\/media?parent=43522"}],"wp:term":[{"taxonomy":"category","embeddable":true,"href":"https:\/\/armstrongyregion.com.ar\/diario\/wp-json\/wp\/v2\/categories?post=43522"},{"taxonomy":"post_tag","embeddable":true,"href":"https:\/\/armstrongyregion.com.ar\/diario\/wp-json\/wp\/v2\/tags?post=43522"}],"curies":[{"name":"wp","href":"https:\/\/api.w.org\/{rel}","templated":true}]}}