{"id":43507,"date":"2024-07-21T18:19:45","date_gmt":"2024-07-21T18:19:45","guid":{"rendered":"https:\/\/armstrongyregion.com.ar\/diario\/?p=43507"},"modified":"2024-07-21T18:19:47","modified_gmt":"2024-07-21T18:19:47","slug":"garcia-unidos-es-un-acierto-que-se-comprueba-con-un-gobierno-presente-y-una-provincia-en-marcha","status":"publish","type":"post","link":"https:\/\/armstrongyregion.com.ar\/diario\/garcia-unidos-es-un-acierto-que-se-comprueba-con-un-gobierno-presente-y-una-provincia-en-marcha\/","title":{"rendered":"Garc\u00eda: \u201cUnidos es un acierto que se comprueba con un gobierno presente y una provincia en marcha\u201d\u00a0"},"content":{"rendered":"\n<figure class=\"wp-block-image size-full\"><a href=\"http:\/\/armstrongyregion.com.ar\/diario\/wp-content\/uploads\/2024\/07\/Garcia-1.jpg\"><img loading=\"lazy\" decoding=\"async\" width=\"640\" height=\"426\" src=\"http:\/\/armstrongyregion.com.ar\/diario\/wp-content\/uploads\/2024\/07\/Garcia-1.jpg\" alt=\"\" class=\"wp-image-43508\" srcset=\"https:\/\/armstrongyregion.com.ar\/diario\/wp-content\/uploads\/2024\/07\/Garcia-1.jpg 640w, https:\/\/armstrongyregion.com.ar\/diario\/wp-content\/uploads\/2024\/07\/Garcia-1-300x200.jpg 300w\" sizes=\"auto, (max-width: 640px) 100vw, 640px\" \/><\/a><\/figure>\n\n\n\n<h2 class=\"wp-block-heading\"><em>La titular de C\u00e1mara de Diputadas y Diputados de la provincia se manifest\u00f3 respecto de estos primeros meses del gobierno de Maximiliano Pullaro y el funcionamiento de la coalici\u00f3n oficialista<\/em>.<\/h2>\n\n\n\n<p>\u201cLa provincia Santa Fe est\u00e1 en marcha y va hacia adelante a\u00fan en un contexto social y econ\u00f3mico muy dif\u00edcil, y no tengo dudas de que eso tiene que ver con que hay un proyecto de gobierno y hay equipos con experiencia y capacidad para llevarlo adelante\u201d. As\u00ed resumi\u00f3 Clara Garc\u00eda, presidenta de la C\u00e1mara de Diputadas y Diputados, su balance de la gesti\u00f3n de Unidos hasta el momento, en declaraciones p\u00fablicas este viernes en Rosario. \u201cNo es ni m\u00e1s ni menos que lo que dijimos en la campa\u00f1a electoral\u201d, recuerda y, en ese marco, pone en valor el frente que el socialismo integra junto a la UCR, el PRO y otros siete partidos: \u201cFue un acierto y es lo que la ciudadan\u00eda demandaba: que dej\u00e1ramos de lado las diferencias y nos concentr\u00e1ramos en recuperar un gobierno presente para buscar soluciones para sus principales problemas: la seguridad, en primer lugar, pero tambi\u00e9n la educaci\u00f3n, la salud, la producci\u00f3n\u201d.<\/p>\n\n\n\n<p>Garc\u00eda, quien recorri\u00f3 sobre el cierre de la semana algunas de las propuestas del gobierno provincial en Rosario para los \u00faltimos d\u00edas de las vacaciones de invierno y este domingo estar\u00e1 en la Fiesta Provincial de la Bagna Cauda en Humberto Primo, hizo una evaluaci\u00f3n de los primeros meses del gobierno de Unidos para Cambiar Santa Fe, y entre los aspectos a destacar mencion\u00f3 la indispensable articulaci\u00f3n en materia de seguridad de Naci\u00f3n y provincia as\u00ed como entre los tres poderes del Estado para quebrar la inercia del espiral de violencia que volvi\u00f3 a acelerarse con fuerza en la gesti\u00f3n de Omar Perotti.<\/p>\n\n\n\n<p>\u201cLa lucha contra el narcotr\u00e1fico requiere de una estrategia conjunta y sostenida en el tiempo, como se viene haciendo desde el cambio de gesti\u00f3n a nivel nacional y provincial. Valoramos el acompa\u00f1amiento del Ministerio de Seguridad de la Naci\u00f3n. Tambi\u00e9n desde la Legislatura hicimos nuestra parte\u201d, remarca y destaca que durante las sesiones extraordinarias se sancion\u00f3 \u201cun paquete de leyes para que el gobernador Maximiliano Pullaro cuente con todas las herramientas necesarias para dar batalla contra la inseguridad. Desde la Emergencia en Seguridad para algo b\u00e1sico como es adquirir en el menor plazo posible los nuevos patrulleros que vemos en las calles, hasta modificar la ley que instituy\u00f3 el Ministerio P\u00fablico de la Acusaci\u00f3n para que pueda fijar una pol\u00edtica m\u00e1s ordenada y eficiente para perseguir el delito\u201d.<\/p>\n\n\n\n<p>En este sentido, la titular de la C\u00e1mara baja celebr\u00f3 \u201cla conformaci\u00f3n de Unidos\u201d y las posibilidades que ofrece reunirse bajo un programa discutido y debatido por cuadros t\u00e9cnicos y pol\u00edticos de partidos que piensan diferente. \u201cConstruir una nueva mayor\u00eda en la provincia, entre fuerzas diversas y dirigentes de distintos or\u00edgenes y tradiciones, nos di\u00f3 una enorme potencia electoral y de gobierno\u201d, se\u00f1al\u00f3 Garc\u00eda. \u201cHoy, tras los primeros meses de gesti\u00f3n -continu\u00f3-, en los que nos propusimos devolverle r\u00e1pidamente orden a una provincia que hab\u00eda entrado en muchas \u00e1reas de gobierno en un estado de desidia, pudimos cumplir nuestros primeros objetivos y ahora estamos avanzando en recuperar el rumbo de transformaciones m\u00e1s profundas que fueron abandonadas, a trav\u00e9s de programas y ejes de trabajo de mediano y largo plazo que ten\u00edamos pendientes\u201d.<\/p>\n\n\n\n<p>\u201cSer una coalici\u00f3n m\u00e1s amplia que las que conoc\u00edamos en nuestra provincia, haber tenido esa audacia y esa inteligencia, nos permite afrontar como nunca antes la agenda de grandes temas que van m\u00e1s all\u00e1 de acciones para estos cuatro a\u00f1os y que dise\u00f1ar\u00e1n el futuro para Santa Fe\u201d, sostuvo.<\/p>\n\n\n\n<p>Asimismo, en lo que refiere a la gesti\u00f3n propiamente dicha, Garc\u00eda dijo que \u201cUnidos vino a dar respuesta a otro tiempo, con otras necesidades, otras urgencias, otras demandas. Lo vemos, por ejemplo, con el lanzamiento de los cr\u00e9ditos hipotecarios Nido para toda la provincia de la mano del Banco Municipal de Rosario. Eso no s\u00f3lo es decisi\u00f3n pol\u00edtica, sino contar con equipos que articulan con las instituciones, dise\u00f1an pol\u00edticas y las llevan adelante. Pienso en el Programa Acompa\u00f1arte, para la prevenci\u00f3n y acompa\u00f1amiento en adicciones en distintos puntos de la provincia para que tenga alcance regional. O en la ronda de negocios inversa Santa Fe Business Forum, que se anunci\u00f3 en Canciller\u00eda y convocar\u00e1 a empresas de m\u00e1s de 30 pa\u00edses para que se encuentren con firmas locales. Son acciones planificadas, que se lanzan en una semana\u201d, apunta.<\/p>\n\n\n\n<p>De este modo, la presidenta de la C\u00e1mara de Diputadas y Diputados, se mostr\u00f3 muy conforme con esta flamante experiencia de coalici\u00f3n de gobierno y cerr\u00f3 con una frase que resume lo que es una cuesti\u00f3n central para el socialismo: \u201cNo basta con tener recursos econ\u00f3micos; hacen falta ideas, proyectos, pol\u00edticas, planificaci\u00f3n y poder de ejecuci\u00f3n. Tambi\u00e9n la convicci\u00f3n de apostar a la transparencia como modo de gesti\u00f3n; al di\u00e1logo y la b\u00fasqueda de consenso como \u00fanica v\u00eda de resoluci\u00f3n de conflictos. Santa Fe hoy es muestra de todo eso con este gobierno de Unidos y es lo que permite proyectar hacia adelante\u201d.<\/p>\n","protected":false},"excerpt":{"rendered":"<p>Garc\u00eda: \u201cUnidos es un acierto que se comprueba con un gobierno presente y una provincia en marcha\u201d\u00a0<\/p>\n","protected":false},"author":1,"featured_media":43508,"comment_status":"open","ping_status":"open","sticky":false,"template":"","format":"image","meta":{"_jetpack_memberships_contains_paid_content":false,"footnotes":"","jetpack_publicize_message":"","jetpack_publicize_feature_enabled":true,"jetpack_social_post_already_shared":true,"jetpack_social_options":{"image_generator_settings":{"template":"highway","default_image_id":0,"enabled":false},"version":2}},"categories":[8,1,2,7,3],"tags":[10874,10721,9547,8777,192,1448],"class_list":["post-43507","post","type-post","status-publish","format-image","has-post-thumbnail","hentry","category-deliberando","category-diario-armstrong","category-locales","category-politica","category-region","tag-acierto","tag-diario-armstrong-region","tag-garcia-3","tag-lic-graciela-de-la-casa","tag-un","tag-unidos","post_format-post-format-image"],"jetpack_publicize_connections":[],"jetpack_featured_media_url":"https:\/\/armstrongyregion.com.ar\/diario\/wp-content\/uploads\/2024\/07\/Garcia-1.jpg","jetpack_shortlink":"https:\/\/wp.me\/p62QDO-bjJ","jetpack_sharing_enabled":true,"amp_enabled":true,"_links":{"self":[{"href":"https:\/\/armstrongyregion.com.ar\/diario\/wp-json\/wp\/v2\/posts\/43507","targetHints":{"allow":["GET"]}}],"collection":[{"href":"https:\/\/armstrongyregion.com.ar\/diario\/wp-json\/wp\/v2\/posts"}],"about":[{"href":"https:\/\/armstrongyregion.com.ar\/diario\/wp-json\/wp\/v2\/types\/post"}],"author":[{"embeddable":true,"href":"https:\/\/armstrongyregion.com.ar\/diario\/wp-json\/wp\/v2\/users\/1"}],"replies":[{"embeddable":true,"href":"https:\/\/armstrongyregion.com.ar\/diario\/wp-json\/wp\/v2\/comments?post=43507"}],"version-history":[{"count":1,"href":"https:\/\/armstrongyregion.com.ar\/diario\/wp-json\/wp\/v2\/posts\/43507\/revisions"}],"predecessor-version":[{"id":43509,"href":"https:\/\/armstrongyregion.com.ar\/diario\/wp-json\/wp\/v2\/posts\/43507\/revisions\/43509"}],"wp:featuredmedia":[{"embeddable":true,"href":"https:\/\/armstrongyregion.com.ar\/diario\/wp-json\/wp\/v2\/media\/43508"}],"wp:attachment":[{"href":"https:\/\/armstrongyregion.com.ar\/diario\/wp-json\/wp\/v2\/media?parent=43507"}],"wp:term":[{"taxonomy":"category","embeddable":true,"href":"https:\/\/armstrongyregion.com.ar\/diario\/wp-json\/wp\/v2\/categories?post=43507"},{"taxonomy":"post_tag","embeddable":true,"href":"https:\/\/armstrongyregion.com.ar\/diario\/wp-json\/wp\/v2\/tags?post=43507"}],"curies":[{"name":"wp","href":"https:\/\/api.w.org\/{rel}","templated":true}]}}