{"id":43498,"date":"2024-07-21T01:23:03","date_gmt":"2024-07-21T01:23:03","guid":{"rendered":"https:\/\/armstrongyregion.com.ar\/diario\/?p=43498"},"modified":"2024-07-21T01:23:05","modified_gmt":"2024-07-21T01:23:05","slug":"el-intendente-luzzi-recibio-a-la-ministra-de-desarrollo-humano-de-la-provincia-victoria-tejeda","status":"publish","type":"post","link":"https:\/\/armstrongyregion.com.ar\/diario\/el-intendente-luzzi-recibio-a-la-ministra-de-desarrollo-humano-de-la-provincia-victoria-tejeda\/","title":{"rendered":"El intendente Luzzi recibi\u00f3 a la Ministra de Desarrollo Humano de la Provincia Victoria Tejeda."},"content":{"rendered":"\n<figure class=\"wp-block-image size-full\"><a href=\"http:\/\/armstrongyregion.com.ar\/diario\/wp-content\/uploads\/2024\/07\/Tejeda-3-.jpg\"><img loading=\"lazy\" decoding=\"async\" width=\"500\" height=\"375\" src=\"http:\/\/armstrongyregion.com.ar\/diario\/wp-content\/uploads\/2024\/07\/Tejeda-3-.jpg\" alt=\"\" class=\"wp-image-43499\" srcset=\"https:\/\/armstrongyregion.com.ar\/diario\/wp-content\/uploads\/2024\/07\/Tejeda-3-.jpg 500w, https:\/\/armstrongyregion.com.ar\/diario\/wp-content\/uploads\/2024\/07\/Tejeda-3--300x225.jpg 300w\" sizes=\"auto, (max-width: 500px) 100vw, 500px\" \/><\/a><\/figure>\n\n\n\n<p>El Intendente Guillermo Luzzi recibi\u00f3 la visita de la Ministra de Igualdad y Desarrollo Humano de la<br>Provincia de Santa Fe Mar\u00eda Victoria Tejeda quien lleg\u00f3 a nuestra ciudad para desarrollar una<br>importante jornada de trabajo.<\/p>\n\n\n\n<figure class=\"wp-block-image size-full\"><a href=\"http:\/\/armstrongyregion.com.ar\/diario\/wp-content\/uploads\/2024\/07\/Tejeda-1-.jpg\"><img loading=\"lazy\" decoding=\"async\" width=\"500\" height=\"375\" src=\"http:\/\/armstrongyregion.com.ar\/diario\/wp-content\/uploads\/2024\/07\/Tejeda-1-.jpg\" alt=\"\" class=\"wp-image-43500\" srcset=\"https:\/\/armstrongyregion.com.ar\/diario\/wp-content\/uploads\/2024\/07\/Tejeda-1-.jpg 500w, https:\/\/armstrongyregion.com.ar\/diario\/wp-content\/uploads\/2024\/07\/Tejeda-1--300x225.jpg 300w\" sizes=\"auto, (max-width: 500px) 100vw, 500px\" \/><\/a><\/figure>\n\n\n\n<p><br>Con la presencia del Senador Pablo Verdecchia y los equipos de trabajo, realizaron una recorrida por<br>el edificio de Promoci\u00f3n Comunitaria y luego llegaron al espacio Minimundo donde pudo conversar<br>con sus responsables y profesionales para abordar temas como ni\u00f1ez, y continuar proyectando<br>trabajos de manera conjunta.<\/p>\n\n\n\n<figure class=\"wp-block-image size-full\"><a href=\"http:\/\/armstrongyregion.com.ar\/diario\/wp-content\/uploads\/2024\/07\/Tejeda-2-.jpg\"><img loading=\"lazy\" decoding=\"async\" width=\"500\" height=\"375\" src=\"http:\/\/armstrongyregion.com.ar\/diario\/wp-content\/uploads\/2024\/07\/Tejeda-2-.jpg\" alt=\"\" class=\"wp-image-43501\" srcset=\"https:\/\/armstrongyregion.com.ar\/diario\/wp-content\/uploads\/2024\/07\/Tejeda-2-.jpg 500w, https:\/\/armstrongyregion.com.ar\/diario\/wp-content\/uploads\/2024\/07\/Tejeda-2--300x225.jpg 300w\" sizes=\"auto, (max-width: 500px) 100vw, 500px\" \/><\/a><\/figure>\n\n\n\n<p><br>Luzzi tuvo la oportunidad de informarle personalmente los proyectos en cuanto a ampliaciones de<br>estas dependencias municipales, mientras que la Ministra Tejeda los puso al tanto de los programas<br>provinciales vigentes y aportes con los que se puede contar.<\/p>\n","protected":false},"excerpt":{"rendered":"<p>El intendente Luzzi recibi\u00f3 a la Ministra de Desarrollo Humano de la Provincia Victoria Tejeda.<\/p>\n","protected":false},"author":1,"featured_media":43501,"comment_status":"open","ping_status":"open","sticky":false,"template":"","format":"image","meta":{"_jetpack_memberships_contains_paid_content":false,"footnotes":"","jetpack_publicize_message":"","jetpack_publicize_feature_enabled":true,"jetpack_social_post_already_shared":true,"jetpack_social_options":{"image_generator_settings":{"template":"highway","default_image_id":0,"enabled":false},"version":2}},"categories":[8,1,2,7],"tags":[33,9924,8777,8735,10869,10174],"class_list":["post-43498","post","type-post","status-publish","format-image","has-post-thumbnail","hentry","category-deliberando","category-diario-armstrong","category-locales","category-politica","tag-a","tag-diario-armstrong-y-region-2","tag-lic-graciela-de-la-casa","tag-luzzi","tag-ministra-de-desarrollo","tag-victoria-tejeda","post_format-post-format-image"],"jetpack_publicize_connections":[],"jetpack_featured_media_url":"https:\/\/armstrongyregion.com.ar\/diario\/wp-content\/uploads\/2024\/07\/Tejeda-2-.jpg","jetpack_shortlink":"https:\/\/wp.me\/p62QDO-bjA","jetpack_sharing_enabled":true,"amp_enabled":true,"_links":{"self":[{"href":"https:\/\/armstrongyregion.com.ar\/diario\/wp-json\/wp\/v2\/posts\/43498","targetHints":{"allow":["GET"]}}],"collection":[{"href":"https:\/\/armstrongyregion.com.ar\/diario\/wp-json\/wp\/v2\/posts"}],"about":[{"href":"https:\/\/armstrongyregion.com.ar\/diario\/wp-json\/wp\/v2\/types\/post"}],"author":[{"embeddable":true,"href":"https:\/\/armstrongyregion.com.ar\/diario\/wp-json\/wp\/v2\/users\/1"}],"replies":[{"embeddable":true,"href":"https:\/\/armstrongyregion.com.ar\/diario\/wp-json\/wp\/v2\/comments?post=43498"}],"version-history":[{"count":1,"href":"https:\/\/armstrongyregion.com.ar\/diario\/wp-json\/wp\/v2\/posts\/43498\/revisions"}],"predecessor-version":[{"id":43502,"href":"https:\/\/armstrongyregion.com.ar\/diario\/wp-json\/wp\/v2\/posts\/43498\/revisions\/43502"}],"wp:featuredmedia":[{"embeddable":true,"href":"https:\/\/armstrongyregion.com.ar\/diario\/wp-json\/wp\/v2\/media\/43501"}],"wp:attachment":[{"href":"https:\/\/armstrongyregion.com.ar\/diario\/wp-json\/wp\/v2\/media?parent=43498"}],"wp:term":[{"taxonomy":"category","embeddable":true,"href":"https:\/\/armstrongyregion.com.ar\/diario\/wp-json\/wp\/v2\/categories?post=43498"},{"taxonomy":"post_tag","embeddable":true,"href":"https:\/\/armstrongyregion.com.ar\/diario\/wp-json\/wp\/v2\/tags?post=43498"}],"curies":[{"name":"wp","href":"https:\/\/api.w.org\/{rel}","templated":true}]}}