{"id":43478,"date":"2024-07-17T20:41:42","date_gmt":"2024-07-17T20:41:42","guid":{"rendered":"https:\/\/armstrongyregion.com.ar\/diario\/?p=43478"},"modified":"2024-07-17T20:41:44","modified_gmt":"2024-07-17T20:41:44","slug":"el-ministro-goity-anuncio-importantes-obras-en-instituciones-educativas-de-armstrong","status":"publish","type":"post","link":"https:\/\/armstrongyregion.com.ar\/diario\/el-ministro-goity-anuncio-importantes-obras-en-instituciones-educativas-de-armstrong\/","title":{"rendered":"El Ministro Goity anunci\u00f3 importantes obras en instituciones educativas de Armstrong."},"content":{"rendered":"\n<figure class=\"wp-block-image size-full\"><a href=\"http:\/\/armstrongyregion.com.ar\/diario\/wp-content\/uploads\/2024\/07\/goyti-4.jpg\"><img loading=\"lazy\" decoding=\"async\" width=\"660\" height=\"440\" src=\"http:\/\/armstrongyregion.com.ar\/diario\/wp-content\/uploads\/2024\/07\/goyti-4.jpg\" alt=\"\" class=\"wp-image-43479\" srcset=\"https:\/\/armstrongyregion.com.ar\/diario\/wp-content\/uploads\/2024\/07\/goyti-4.jpg 660w, https:\/\/armstrongyregion.com.ar\/diario\/wp-content\/uploads\/2024\/07\/goyti-4-300x200.jpg 300w\" sizes=\"auto, (max-width: 660px) 100vw, 660px\" \/><\/a><\/figure>\n\n\n\n<p>El Ministro de Educaci\u00f3n de la Provincia de Santa Fe Jos\u00e9 Goity se hizo presente en la ciudad de<br>Armstrong para anunciar importantes obras de infraestructura en tres establecimientos educativos.<br>Participaron del acto el Intendente Guillermo Luzzi, el Senador Pablo Verdecchia, la secretaria de<br>Coordinaci\u00f3n y Gesti\u00f3n de Recursos del Ministerio de Educaci\u00f3n Mar\u00eda Mart\u00edn, y la delegada de la<br>Regi\u00f3n V Marisa Pr\u00edncipe.<\/p>\n\n\n\n<figure class=\"wp-block-image size-full\"><a href=\"http:\/\/armstrongyregion.com.ar\/diario\/wp-content\/uploads\/2024\/07\/Goyti-1-.jpg\"><img loading=\"lazy\" decoding=\"async\" width=\"674\" height=\"449\" src=\"http:\/\/armstrongyregion.com.ar\/diario\/wp-content\/uploads\/2024\/07\/Goyti-1-.jpg\" alt=\"\" class=\"wp-image-43480\" srcset=\"https:\/\/armstrongyregion.com.ar\/diario\/wp-content\/uploads\/2024\/07\/Goyti-1-.jpg 674w, https:\/\/armstrongyregion.com.ar\/diario\/wp-content\/uploads\/2024\/07\/Goyti-1--300x200.jpg 300w\" sizes=\"auto, (max-width: 674px) 100vw, 674px\" \/><\/a><\/figure>\n\n\n\n<p><br>Estuvieron presentes directivos, docentes y cooperadores de las escuelas, autoridades provinciales,<br>municipales y locales quienes recibieron con mucho agrado la noticia directamente del funcionario<br>que lidera la cartera de Educaci\u00f3n.<\/p>\n\n\n\n<figure class=\"wp-block-image size-full\"><a href=\"http:\/\/armstrongyregion.com.ar\/diario\/wp-content\/uploads\/2024\/07\/Goyti-5-.jpg\"><img loading=\"lazy\" decoding=\"async\" width=\"682\" height=\"455\" src=\"http:\/\/armstrongyregion.com.ar\/diario\/wp-content\/uploads\/2024\/07\/Goyti-5-.jpg\" alt=\"\" class=\"wp-image-43481\" srcset=\"https:\/\/armstrongyregion.com.ar\/diario\/wp-content\/uploads\/2024\/07\/Goyti-5-.jpg 682w, https:\/\/armstrongyregion.com.ar\/diario\/wp-content\/uploads\/2024\/07\/Goyti-5--300x200.jpg 300w\" sizes=\"auto, (max-width: 682px) 100vw, 682px\" \/><\/a><\/figure>\n\n\n\n<p><br>En la oportunidad se firm\u00f3 un convenio con la Municipalidad de Armstrong en el marco del<br>programa Mil Aulas, para la construcci\u00f3n de un aula en la Escuela Superior de Comercio N\u00b0 51 \u201cDr.<br>Manuel Belgrano\u201d y una m\u00e1s en la Escuela N\u00b0 600 \u201cGral. Manuel Belgrano\u201d.<br>El mismo se enmarca en el Plan Abre Escuelas, una herramienta que tiene como objetivo mejorar la<br>infraestructura de los establecimientos educativos con el prop\u00f3sito de generar condiciones \u00f3ptimas<br>para el aprendizaje a trav\u00e9s de un entorno amigable.<\/p>\n\n\n\n<figure class=\"wp-block-image size-full\"><a href=\"http:\/\/armstrongyregion.com.ar\/diario\/wp-content\/uploads\/2024\/07\/Goyti-3-.jpg\"><img loading=\"lazy\" decoding=\"async\" width=\"636\" height=\"424\" src=\"http:\/\/armstrongyregion.com.ar\/diario\/wp-content\/uploads\/2024\/07\/Goyti-3-.jpg\" alt=\"\" class=\"wp-image-43482\" srcset=\"https:\/\/armstrongyregion.com.ar\/diario\/wp-content\/uploads\/2024\/07\/Goyti-3-.jpg 636w, https:\/\/armstrongyregion.com.ar\/diario\/wp-content\/uploads\/2024\/07\/Goyti-3--300x200.jpg 300w\" sizes=\"auto, (max-width: 636px) 100vw, 636px\" \/><\/a><\/figure>\n\n\n\n<p><br>El intento es hacer 250 aulas por a\u00f1o, y el Ministro mencion\u00f3 que para este a\u00f1o tienen proyectado<br>realizar \u00ab125 aulas por convenio a desarrollarse entre los meses de mayo, de abril y septiembre,<br>llevando adelante aproximadamente la firma de 20 convenios por mes que pueden implicar entre 20<br>y 25 aulas\u00bb.<br>Al mismo tiempo inform\u00f3 que ya est\u00e1 tomada la decisi\u00f3n con planificaci\u00f3n y los recursos para<br>hacerlo, con una partida presupuestaria destinada a una demanda hist\u00f3rica como es la colocaci\u00f3n de<br>un ascensor en el edificio que comparten las escuelas N\u00b0 33 y N\u00b0 51.<br>Goity dijo: \u201cTiene que ver con mucho m\u00e1s que transportarnos, tiene que ver con una cuesti\u00f3n de<br>inclusi\u00f3n. El ascensor nos une, es un espacio com\u00fan, es un espacio que vamos a utilizar cooperativa<br>y colectivamente. Esto va a tener un impacto positivo en las instituciones en todo sentido\u201d.<\/p>\n","protected":false},"excerpt":{"rendered":"<p>El Ministro Goity anunci\u00f3 importantes obras en instituciones educativas de Armstrong.<\/p>\n","protected":false},"author":1,"featured_media":43479,"comment_status":"open","ping_status":"open","sticky":false,"template":"","format":"image","meta":{"_jetpack_memberships_contains_paid_content":false,"footnotes":"","jetpack_publicize_message":"","jetpack_publicize_feature_enabled":true,"jetpack_social_post_already_shared":true,"jetpack_social_options":{"image_generator_settings":{"template":"highway","default_image_id":0,"enabled":false},"version":2}},"categories":[8,1,2,7,3],"tags":[835,20,5030,901,10867,8777,10866,220],"class_list":["post-43478","post","type-post","status-publish","format-image","has-post-thumbnail","hentry","category-deliberando","category-diario-armstrong","category-locales","category-politica","category-region","tag-anuncio","tag-armstrong","tag-diario-armstrong","tag-importantes","tag-instituciones-educativas","tag-lic-graciela-de-la-casa","tag-ministro-goity","tag-obras","post_format-post-format-image"],"jetpack_publicize_connections":[],"jetpack_featured_media_url":"https:\/\/armstrongyregion.com.ar\/diario\/wp-content\/uploads\/2024\/07\/goyti-4.jpg","jetpack_shortlink":"https:\/\/wp.me\/p62QDO-bjg","jetpack_sharing_enabled":true,"amp_enabled":true,"_links":{"self":[{"href":"https:\/\/armstrongyregion.com.ar\/diario\/wp-json\/wp\/v2\/posts\/43478","targetHints":{"allow":["GET"]}}],"collection":[{"href":"https:\/\/armstrongyregion.com.ar\/diario\/wp-json\/wp\/v2\/posts"}],"about":[{"href":"https:\/\/armstrongyregion.com.ar\/diario\/wp-json\/wp\/v2\/types\/post"}],"author":[{"embeddable":true,"href":"https:\/\/armstrongyregion.com.ar\/diario\/wp-json\/wp\/v2\/users\/1"}],"replies":[{"embeddable":true,"href":"https:\/\/armstrongyregion.com.ar\/diario\/wp-json\/wp\/v2\/comments?post=43478"}],"version-history":[{"count":1,"href":"https:\/\/armstrongyregion.com.ar\/diario\/wp-json\/wp\/v2\/posts\/43478\/revisions"}],"predecessor-version":[{"id":43483,"href":"https:\/\/armstrongyregion.com.ar\/diario\/wp-json\/wp\/v2\/posts\/43478\/revisions\/43483"}],"wp:featuredmedia":[{"embeddable":true,"href":"https:\/\/armstrongyregion.com.ar\/diario\/wp-json\/wp\/v2\/media\/43479"}],"wp:attachment":[{"href":"https:\/\/armstrongyregion.com.ar\/diario\/wp-json\/wp\/v2\/media?parent=43478"}],"wp:term":[{"taxonomy":"category","embeddable":true,"href":"https:\/\/armstrongyregion.com.ar\/diario\/wp-json\/wp\/v2\/categories?post=43478"},{"taxonomy":"post_tag","embeddable":true,"href":"https:\/\/armstrongyregion.com.ar\/diario\/wp-json\/wp\/v2\/tags?post=43478"}],"curies":[{"name":"wp","href":"https:\/\/api.w.org\/{rel}","templated":true}]}}