{"id":43472,"date":"2024-07-17T15:08:39","date_gmt":"2024-07-17T15:08:39","guid":{"rendered":"https:\/\/armstrongyregion.com.ar\/diario\/?p=43472"},"modified":"2024-07-17T15:08:41","modified_gmt":"2024-07-17T15:08:41","slug":"en-el-marco-del-programa-impulsa-autoridades-provinciales-presentaron-la-capacitacion-operador-de-maquinaria-agricola-2-0","status":"publish","type":"post","link":"https:\/\/armstrongyregion.com.ar\/diario\/en-el-marco-del-programa-impulsa-autoridades-provinciales-presentaron-la-capacitacion-operador-de-maquinaria-agricola-2-0\/","title":{"rendered":"En el marco del Programa Impulsa autoridades provinciales presentaron la capacitaci\u00f3n Operador de maquinaria agr\u00edcola 2.0"},"content":{"rendered":"\n<figure class=\"wp-block-image size-full\"><a href=\"http:\/\/armstrongyregion.com.ar\/diario\/wp-content\/uploads\/2024\/07\/capacitacion-2.0-a-.jpg\"><img loading=\"lazy\" decoding=\"async\" width=\"636\" height=\"424\" src=\"http:\/\/armstrongyregion.com.ar\/diario\/wp-content\/uploads\/2024\/07\/capacitacion-2.0-a-.jpg\" alt=\"\" class=\"wp-image-43473\" srcset=\"https:\/\/armstrongyregion.com.ar\/diario\/wp-content\/uploads\/2024\/07\/capacitacion-2.0-a-.jpg 636w, https:\/\/armstrongyregion.com.ar\/diario\/wp-content\/uploads\/2024\/07\/capacitacion-2.0-a--300x200.jpg 300w\" sizes=\"auto, (max-width: 636px) 100vw, 636px\" \/><\/a><\/figure>\n\n\n\n<p>En el sal\u00f3n Delmo Dar\u00f3 de la Municipalidad de Armstrong se realiz\u00f3 la presentaci\u00f3n de la<br>capacitaci\u00f3n Operador de maquinaria agr\u00edcola 2.0 en el marco del Programa Impulsa que comienza a<br>dictarse en nuestra ciudad, y que se desarrollar\u00e1 pr\u00f3ximamente en distintas localidades<br>santafesinas.<\/p>\n\n\n\n<figure class=\"wp-block-image size-full\"><a href=\"http:\/\/armstrongyregion.com.ar\/diario\/wp-content\/uploads\/2024\/07\/capacitacion-2-0-b-.jpg\"><img loading=\"lazy\" decoding=\"async\" width=\"720\" height=\"480\" src=\"http:\/\/armstrongyregion.com.ar\/diario\/wp-content\/uploads\/2024\/07\/capacitacion-2-0-b-.jpg\" alt=\"\" class=\"wp-image-43474\" srcset=\"https:\/\/armstrongyregion.com.ar\/diario\/wp-content\/uploads\/2024\/07\/capacitacion-2-0-b-.jpg 720w, https:\/\/armstrongyregion.com.ar\/diario\/wp-content\/uploads\/2024\/07\/capacitacion-2-0-b--300x200.jpg 300w\" sizes=\"auto, (max-width: 720px) 100vw, 720px\" \/><\/a><\/figure>\n\n\n\n<p><br>Se cont\u00f3 con la presencia de los Ministros de Educaci\u00f3n de la provincia Jos\u00e9 Goity, y de Trabajo,<br>Empleo y Seguridad Social Roald B\u00e1scolo, el Secretario de Desarrollo Industrial del Ministerio de<br>Desarrollo Productivo Guillermo Beccari, la Secretaria de Coordinaci\u00f3n y Gesti\u00f3n de Recursos de<br>Educaci\u00f3n Mar\u00eda Mart\u00edn, el Senador Pablo Verdecchia, el Intendente Guillermo Luzzi, la Delegada de<br>la Regi\u00f3n V Marisa Pr\u00edncipe, el director del Instituto de Formaci\u00f3n T\u00e9cnica de la empresa Agronorte<br>Gustavo Merlo, la gerente del \u00e1rea de Gesti\u00f3n del Conocimiento de la empresa Agronorte Gabriela<br>Donati, representantes de la C\u00e1mara Rural perteneciente al Centro Comercial, Industrial y Rural de<br>Armstrong, integrantes de carteras educativa, laboral y de desarrollo productivo, e integrantes del<br>gabinete municipal.<\/p>\n\n\n\n<figure class=\"wp-block-image size-full\"><a href=\"http:\/\/armstrongyregion.com.ar\/diario\/wp-content\/uploads\/2024\/07\/capacitacion-2-0-c-.jpg\"><img loading=\"lazy\" decoding=\"async\" width=\"702\" height=\"468\" src=\"http:\/\/armstrongyregion.com.ar\/diario\/wp-content\/uploads\/2024\/07\/capacitacion-2-0-c-.jpg\" alt=\"\" class=\"wp-image-43475\" srcset=\"https:\/\/armstrongyregion.com.ar\/diario\/wp-content\/uploads\/2024\/07\/capacitacion-2-0-c-.jpg 702w, https:\/\/armstrongyregion.com.ar\/diario\/wp-content\/uploads\/2024\/07\/capacitacion-2-0-c--300x200.jpg 300w\" sizes=\"auto, (max-width: 702px) 100vw, 702px\" \/><\/a><\/figure>\n\n\n\n<p><br>Esta capacitaci\u00f3n ser\u00e1 dictada por el Instituto de Formaci\u00f3n T\u00e9cnica Agronorte con certificaci\u00f3n<br>oficial del Ministerio de Educaci\u00f3n de la provincia. Dar\u00e1 inicio el 16 de agosto de 14 a 20:30 hs. y las<br>clases se ofrecer\u00e1n en el sum del Centro Comercial, Industrial y Rural de Armstrong.<br>En este acto se firm\u00f3 el convenio marco de colaboraci\u00f3n entre el gobierno provincial, el gobierno<br>municipal y la empresa Agronorte.<\/p>\n\n\n\n<figure class=\"wp-block-image size-full\"><a href=\"http:\/\/armstrongyregion.com.ar\/diario\/wp-content\/uploads\/2024\/07\/capacitacion-2-0-d-.jpg\"><img loading=\"lazy\" decoding=\"async\" width=\"620\" height=\"413\" src=\"http:\/\/armstrongyregion.com.ar\/diario\/wp-content\/uploads\/2024\/07\/capacitacion-2-0-d-.jpg\" alt=\"\" class=\"wp-image-43476\" srcset=\"https:\/\/armstrongyregion.com.ar\/diario\/wp-content\/uploads\/2024\/07\/capacitacion-2-0-d-.jpg 620w, https:\/\/armstrongyregion.com.ar\/diario\/wp-content\/uploads\/2024\/07\/capacitacion-2-0-d--300x200.jpg 300w\" sizes=\"auto, (max-width: 620px) 100vw, 620px\" \/><\/a><\/figure>\n\n\n\n<p><br>Los egresados estar\u00e1n capacitados para comprender los principales sistemas con los que funcionan<br>los equipos agr\u00edcolas con las tecnolog\u00edas m\u00e1s recientes, propiciando de esta manera una inserci\u00f3n<br>laboral de calidad en agricultura de precisi\u00f3n, conectividad, an\u00e1lisis de datos, entre otras<br>actividades.<br>Los interesados pueden inscribirse mediante el siguiente link:<br>https:\/\/www.santafe.gob.ar\/ms\/impulsa\/oferta-formativa\/operador-de-maquinaria-<br>agricola-2-0\/<br>El esp\u00edritu del convenio parte de entender que el trabajo articulado entre el sector p\u00fablico y el<br>privado es la clave para mejorar los procesos formativos de los santafesinos, ampliar sus<br>oportunidades laborales en funci\u00f3n de demandas y necesidades reales de la producci\u00f3n y el trabajo,<br>y mejorar la econom\u00eda de la regi\u00f3n.<\/p>\n","protected":false},"excerpt":{"rendered":"<p> En el marco del Programa Impulsa autoridades provinciales presentaron la capacitaci\u00f3n Operador de maquinaria agr\u00edcola 2.0<\/p>\n","protected":false},"author":1,"featured_media":43473,"comment_status":"open","ping_status":"open","sticky":false,"template":"","format":"image","meta":{"_jetpack_memberships_contains_paid_content":false,"footnotes":"","jetpack_publicize_message":"","jetpack_publicize_feature_enabled":true,"jetpack_social_post_already_shared":true,"jetpack_social_options":{"image_generator_settings":{"template":"highway","default_image_id":0,"enabled":false},"version":2}},"categories":[8,1,2,7,3],"tags":[857,5030,8777,10865,10864,748],"class_list":["post-43472","post","type-post","status-publish","format-image","has-post-thumbnail","hentry","category-deliberando","category-diario-armstrong","category-locales","category-politica","category-region","tag-autoridades","tag-diario-armstrong","tag-lic-graciela-de-la-casa","tag-maquinaria-agricola-2-0","tag-programa-impulsa","tag-provinciales","post_format-post-format-image"],"jetpack_publicize_connections":[],"jetpack_featured_media_url":"https:\/\/armstrongyregion.com.ar\/diario\/wp-content\/uploads\/2024\/07\/capacitacion-2.0-a-.jpg","jetpack_shortlink":"https:\/\/wp.me\/p62QDO-bja","jetpack_sharing_enabled":true,"amp_enabled":true,"_links":{"self":[{"href":"https:\/\/armstrongyregion.com.ar\/diario\/wp-json\/wp\/v2\/posts\/43472","targetHints":{"allow":["GET"]}}],"collection":[{"href":"https:\/\/armstrongyregion.com.ar\/diario\/wp-json\/wp\/v2\/posts"}],"about":[{"href":"https:\/\/armstrongyregion.com.ar\/diario\/wp-json\/wp\/v2\/types\/post"}],"author":[{"embeddable":true,"href":"https:\/\/armstrongyregion.com.ar\/diario\/wp-json\/wp\/v2\/users\/1"}],"replies":[{"embeddable":true,"href":"https:\/\/armstrongyregion.com.ar\/diario\/wp-json\/wp\/v2\/comments?post=43472"}],"version-history":[{"count":1,"href":"https:\/\/armstrongyregion.com.ar\/diario\/wp-json\/wp\/v2\/posts\/43472\/revisions"}],"predecessor-version":[{"id":43477,"href":"https:\/\/armstrongyregion.com.ar\/diario\/wp-json\/wp\/v2\/posts\/43472\/revisions\/43477"}],"wp:featuredmedia":[{"embeddable":true,"href":"https:\/\/armstrongyregion.com.ar\/diario\/wp-json\/wp\/v2\/media\/43473"}],"wp:attachment":[{"href":"https:\/\/armstrongyregion.com.ar\/diario\/wp-json\/wp\/v2\/media?parent=43472"}],"wp:term":[{"taxonomy":"category","embeddable":true,"href":"https:\/\/armstrongyregion.com.ar\/diario\/wp-json\/wp\/v2\/categories?post=43472"},{"taxonomy":"post_tag","embeddable":true,"href":"https:\/\/armstrongyregion.com.ar\/diario\/wp-json\/wp\/v2\/tags?post=43472"}],"curies":[{"name":"wp","href":"https:\/\/api.w.org\/{rel}","templated":true}]}}