{"id":43460,"date":"2024-07-16T21:42:56","date_gmt":"2024-07-16T21:42:56","guid":{"rendered":"https:\/\/armstrongyregion.com.ar\/diario\/?p=43460"},"modified":"2024-07-16T21:42:59","modified_gmt":"2024-07-16T21:42:59","slug":"armstrong-encendido-de-luces-led-en-ruta-9","status":"publish","type":"post","link":"https:\/\/armstrongyregion.com.ar\/diario\/armstrong-encendido-de-luces-led-en-ruta-9\/","title":{"rendered":"Armstrong. Encendido de luces led en Ruta 9."},"content":{"rendered":"\n<figure class=\"wp-block-image size-full\"><a href=\"http:\/\/armstrongyregion.com.ar\/diario\/wp-content\/uploads\/2024\/07\/luces-ruta-9-a.jpg\"><img loading=\"lazy\" decoding=\"async\" width=\"723\" height=\"482\" src=\"http:\/\/armstrongyregion.com.ar\/diario\/wp-content\/uploads\/2024\/07\/luces-ruta-9-a.jpg\" alt=\"\" class=\"wp-image-43462\" srcset=\"https:\/\/armstrongyregion.com.ar\/diario\/wp-content\/uploads\/2024\/07\/luces-ruta-9-a.jpg 723w, https:\/\/armstrongyregion.com.ar\/diario\/wp-content\/uploads\/2024\/07\/luces-ruta-9-a-300x200.jpg 300w\" sizes=\"auto, (max-width: 723px) 100vw, 723px\" \/><\/a><\/figure>\n\n\n\n<p>El pasado lunes 15 de julio, el Intendente Guillermo Luzzi acompa\u00f1ado por integrantes de su<br>gabinete y equipo de trabajo se hicieron presentes en la esquina de Ruta N\u00b0 9 y calle Pio Chiodi con<br>motivo del encendido de luces led sobre la traza nacional, en todo el segmento que abarca de la<br>zona urbana.<\/p>\n\n\n\n<figure class=\"wp-block-image size-full\"><a href=\"http:\/\/armstrongyregion.com.ar\/diario\/wp-content\/uploads\/2024\/07\/luces-ruta-9-b-.jpg\"><img loading=\"lazy\" decoding=\"async\" width=\"729\" height=\"486\" src=\"http:\/\/armstrongyregion.com.ar\/diario\/wp-content\/uploads\/2024\/07\/luces-ruta-9-b-.jpg\" alt=\"\" class=\"wp-image-43463\" srcset=\"https:\/\/armstrongyregion.com.ar\/diario\/wp-content\/uploads\/2024\/07\/luces-ruta-9-b-.jpg 729w, https:\/\/armstrongyregion.com.ar\/diario\/wp-content\/uploads\/2024\/07\/luces-ruta-9-b--300x200.jpg 300w\" sizes=\"auto, (max-width: 729px) 100vw, 729px\" \/><\/a><\/figure>\n\n\n\n<p><br>Este encendido se complementar\u00e1 colocando la misma luminaria en todas las calles perpendiculares<br>a la ruta, hasta calle Cuffia.<\/p>\n\n\n\n<figure class=\"wp-block-image size-full\"><a href=\"http:\/\/armstrongyregion.com.ar\/diario\/wp-content\/uploads\/2024\/07\/luces-ruta-9-c-.jpg\"><img loading=\"lazy\" decoding=\"async\" width=\"703\" height=\"469\" src=\"http:\/\/armstrongyregion.com.ar\/diario\/wp-content\/uploads\/2024\/07\/luces-ruta-9-c-.jpg\" alt=\"\" class=\"wp-image-43464\" srcset=\"https:\/\/armstrongyregion.com.ar\/diario\/wp-content\/uploads\/2024\/07\/luces-ruta-9-c-.jpg 703w, https:\/\/armstrongyregion.com.ar\/diario\/wp-content\/uploads\/2024\/07\/luces-ruta-9-c--300x200.jpg 300w\" sizes=\"auto, (max-width: 703px) 100vw, 703px\" \/><\/a><\/figure>\n\n\n\n<p><br>Tal como lo hab\u00eda dicho hace unos d\u00edas con el encendido del nuevo alumbrado en otras arterias de la<br>ciudad, el funcionario remarc\u00f3 que se contin\u00faa avanzando en el proyecto que tiene como objetivo<br>completar la totalidad del n\u00facleo urbano con esta iluminaci\u00f3n de \u00faltima tecnolog\u00eda que no s\u00f3lo<br>aporta a una mejor visibilidad y al ahorro energ\u00e9tico, sino tambi\u00e9n a la seguridad vial y ciudadana.<br>Al mismo tiempo remarc\u00f3 que en lo que llevamos de este 2024 ya son m\u00e1s de 40 cuadras cubiertas y<br>el trabajo no se detiene ya que en determinados lugares las columnas ya est\u00e1n instaladas, s\u00f3lo falta<br>colocar las farolas.<\/p>\n","protected":false},"excerpt":{"rendered":"<p>Armstrong. Encendido de luces led en Ruta 9.<\/p>\n","protected":false},"author":1,"featured_media":43462,"comment_status":"open","ping_status":"open","sticky":false,"template":"","format":"image","meta":{"_jetpack_memberships_contains_paid_content":false,"footnotes":"","jetpack_publicize_message":"","jetpack_publicize_feature_enabled":true,"jetpack_social_post_already_shared":true,"jetpack_social_options":{"image_generator_settings":{"template":"highway","default_image_id":0,"enabled":false},"version":2}},"categories":[8,1,2,7,3],"tags":[9924,10861,8819,8777,8818,9302],"class_list":["post-43460","post","type-post","status-publish","format-image","has-post-thumbnail","hentry","category-deliberando","category-diario-armstrong","category-locales","category-politica","category-region","tag-diario-armstrong-y-region-2","tag-encendido","tag-led","tag-lic-graciela-de-la-casa","tag-luces","tag-ruta-9","post_format-post-format-image"],"jetpack_publicize_connections":[],"jetpack_featured_media_url":"https:\/\/armstrongyregion.com.ar\/diario\/wp-content\/uploads\/2024\/07\/luces-ruta-9-a.jpg","jetpack_shortlink":"https:\/\/wp.me\/p62QDO-biY","jetpack_sharing_enabled":true,"amp_enabled":true,"_links":{"self":[{"href":"https:\/\/armstrongyregion.com.ar\/diario\/wp-json\/wp\/v2\/posts\/43460","targetHints":{"allow":["GET"]}}],"collection":[{"href":"https:\/\/armstrongyregion.com.ar\/diario\/wp-json\/wp\/v2\/posts"}],"about":[{"href":"https:\/\/armstrongyregion.com.ar\/diario\/wp-json\/wp\/v2\/types\/post"}],"author":[{"embeddable":true,"href":"https:\/\/armstrongyregion.com.ar\/diario\/wp-json\/wp\/v2\/users\/1"}],"replies":[{"embeddable":true,"href":"https:\/\/armstrongyregion.com.ar\/diario\/wp-json\/wp\/v2\/comments?post=43460"}],"version-history":[{"count":1,"href":"https:\/\/armstrongyregion.com.ar\/diario\/wp-json\/wp\/v2\/posts\/43460\/revisions"}],"predecessor-version":[{"id":43465,"href":"https:\/\/armstrongyregion.com.ar\/diario\/wp-json\/wp\/v2\/posts\/43460\/revisions\/43465"}],"wp:featuredmedia":[{"embeddable":true,"href":"https:\/\/armstrongyregion.com.ar\/diario\/wp-json\/wp\/v2\/media\/43462"}],"wp:attachment":[{"href":"https:\/\/armstrongyregion.com.ar\/diario\/wp-json\/wp\/v2\/media?parent=43460"}],"wp:term":[{"taxonomy":"category","embeddable":true,"href":"https:\/\/armstrongyregion.com.ar\/diario\/wp-json\/wp\/v2\/categories?post=43460"},{"taxonomy":"post_tag","embeddable":true,"href":"https:\/\/armstrongyregion.com.ar\/diario\/wp-json\/wp\/v2\/tags?post=43460"}],"curies":[{"name":"wp","href":"https:\/\/api.w.org\/{rel}","templated":true}]}}