{"id":43457,"date":"2024-07-16T16:13:26","date_gmt":"2024-07-16T16:13:26","guid":{"rendered":"https:\/\/armstrongyregion.com.ar\/diario\/?p=43457"},"modified":"2024-07-16T16:13:28","modified_gmt":"2024-07-16T16:13:28","slug":"enrico-los-creditos-nido-seran-la-principal-politica-en-materia-de-vivienda-de-este-gobierno","status":"publish","type":"post","link":"https:\/\/armstrongyregion.com.ar\/diario\/enrico-los-creditos-nido-seran-la-principal-politica-en-materia-de-vivienda-de-este-gobierno\/","title":{"rendered":"Enrico: \u201cLos cr\u00e9ditos Nido ser\u00e1n la principal pol\u00edtica en materia de vivienda de este gobierno\u201d"},"content":{"rendered":"\n<figure class=\"wp-block-image size-full\"><a href=\"http:\/\/armstrongyregion.com.ar\/diario\/wp-content\/uploads\/2024\/07\/santa-Fe-Nido-.jpg\"><img loading=\"lazy\" decoding=\"async\" width=\"960\" height=\"540\" src=\"http:\/\/armstrongyregion.com.ar\/diario\/wp-content\/uploads\/2024\/07\/santa-Fe-Nido-.jpg\" alt=\"\" class=\"wp-image-43458\" srcset=\"https:\/\/armstrongyregion.com.ar\/diario\/wp-content\/uploads\/2024\/07\/santa-Fe-Nido-.jpg 960w, https:\/\/armstrongyregion.com.ar\/diario\/wp-content\/uploads\/2024\/07\/santa-Fe-Nido--300x169.jpg 300w, https:\/\/armstrongyregion.com.ar\/diario\/wp-content\/uploads\/2024\/07\/santa-Fe-Nido--768x432.jpg 768w\" sizes=\"auto, (max-width: 960px) 100vw, 960px\" \/><\/a><\/figure>\n\n\n\n<h2 class=\"wp-block-heading\">El ministro de Obras P\u00fablicas de la gesti\u00f3n de Maximiliano Pullaro se refiri\u00f3 a los m\u00e1s de 20 mil santafesinos que en pocos d\u00edas se inscribieron para acceder a esta herramienta financiera que ofrece la Provincia, con la tasa m\u00e1s competitiva del pa\u00eds. \u201cEs una pol\u00edtica activa masiva de acceso a la vivienda que va a estar permanentemente abierta durante la gesti\u00f3n\u201d, asegur\u00f3.<\/h2>\n\n\n\n<p>El ministro de Obras P\u00fablicas de la Provincia, Lisandro Enrico, brind\u00f3 este martes una conferencia de prensa en la que se refiri\u00f3 a la alta demanda para acceder a los cr\u00e9ditos Nido, una iniciativa que impulsan la Provincia y el Banco Municipal con l\u00edneas de cr\u00e9ditos hipotecarios con la tasa m\u00e1s baja del pa\u00eds. Desde su lanzamiento, en pocos d\u00edas&nbsp;<a href=\"https:\/\/www.santafe.gov.ar\/noticias\/recursos\/documentos\/2024\/07\/2024-07-16NID_280692O_1.pdf\" target=\"_blank\" rel=\"noreferrer noopener\">mas de 20 mil santafesinos se inscribieron<\/a>&nbsp;en el sitio web&nbsp;<a href=\"https:\/\/www.santafe.gob.ar\/nidocreditoshipotecarios\/\" target=\"_blank\" rel=\"noreferrer noopener\">https:\/\/www.santafe.gob.ar\/nidocreditoshipotecarios\/<\/a>&nbsp;para ser beneficiarios de algunas de las l\u00edneas de cr\u00e9ditos para la construcci\u00f3n y adquisici\u00f3n de viviendas; la terminaci\u00f3n de viviendas; cr\u00e9ditos individuales de gesti\u00f3n colectiva; y para la adquisici\u00f3n o construcci\u00f3n de viviendas por cesi\u00f3n de derechos.&nbsp;<\/p>\n\n\n\n<p>El funcionario mencion\u00f3 al respecto que \u201cel gobernador Maximiliano Pullaro fue quien ide\u00f3 este plan cuando vimos el problema que tenemos en Santa Fe: hay 1.500.000 hogares de los cuales unos 500 mil son alquilados, o sea que uno de cada tres santafesinos paga un alquiler porque no tiene vivienda. El programa est\u00e1 destinado a eso\u201d, explic\u00f3 Enrico, y continu\u00f3: \u201cVe\u00edamos que con la t\u00edpica respuesta estatal, de construir viviendas por gesti\u00f3n p\u00fablica provincial y sortearlas, corremos muy atr\u00e1s de la demanda. Entonces el gobernador plante\u00f3 una pol\u00edtica permanente para los sectores medios con posibilidad de acceder a la vivienda propia\u201d. \u201cY en funci\u00f3n de eso -detall\u00f3- iniciamos todo este proceso, que no es un programa de cr\u00e9dito: es una pol\u00edtica activa masiva de acceso a la vivienda a una tasa razonable, que va a estar permanentemente abierta durante la gesti\u00f3n. La pol\u00edtica principal en materia de vivienda de este gobierno no es la construcci\u00f3n tradicional, sino que va a ser esta, porque ya lo vimos con los 20.000 inscriptos en diez d\u00edas, o sea que hay una demanda muy grande de la poblaci\u00f3n en este tipo de cr\u00e9dito, y hay tambi\u00e9n una respuesta r\u00e1pida de parte del gobierno\u201d.<\/p>\n\n\n\n<p><strong>M\u00e1s de 20 mil inscriptos<\/strong><\/p>\n\n\n\n<p>Posteriormente, Enrico destac\u00f3 algunos datos a poco m\u00e1s de una semana del lanzamiento del cr\u00e9dito, y enumer\u00f3 que \u201cal 15 de julio hay 20.013 inscriptos\u201d, y que \u201cel 70% se interesa para comprar o construir vivienda, y casi un tercio (el 28 %) para la terminaci\u00f3n de la casa o una ampliaci\u00f3n estructural\u201d.<\/p>\n\n\n\n<p>Respecto de la franja etaria de los solicitantes, \u201cel 66 % de las personas que se inscribieron tienen entre 20 y 40 a\u00f1os. Y en funci\u00f3n de los ingresos: 5.000 (casi un 25%) son monotributistas. Otro 20% son aut\u00f3nomos, y hay 9.650 empleados p\u00fablicos y privados (el 48 %)\u201d.<\/p>\n\n\n\n<p>Finalmente, Enrico remarc\u00f3 que \u201cesta pol\u00edtica es una pol\u00edtica destinada a toda la provincia, a todo el territorio santafesino, por eso hay inscriptos de los 19 departamentos de la provincia. Cada departamento tiene un cupo y ya hay inscriptos en todos los departamentos\u201d, siendo Rosario, Santa Fe y San Lorenzo los que re\u00fanen al 75% de los aspirantes al cr\u00e9dito.<\/p>\n\n\n\n<figure class=\"wp-block-image\"><img decoding=\"async\" src=\"https:\/\/ci3.googleusercontent.com\/meips\/ADKq_NZrIskMtk7aA1C6yIOgHzyLE3FTUG6UUsGuVn7lI51bLNV3LZLcu2lTKOWoFucSWxTcL2NGXS-5bezaPoCyKGczLswonzbDFcTRaZWFe0In8eeY73sk6NdSlMG2bKY3Ov-LzNWFIMmEgPOl35E=s0-d-e1-ft#https:\/\/www.santafe.gov.ar\/noticias\/recursos\/fotos\/2024\/07\/2024-07-16NID_280692O_2.jpeg\" alt=\"\"\/><\/figure>\n\n\n\n<p><strong>El 7 de agosto ser\u00e1 el primer sorteo<\/strong><\/p>\n\n\n\n<p>Los interesados en acceder a los cr\u00e9ditos tienen tiempo de completar el formulario (est\u00e1n disponibles en el sitio web&nbsp;<a href=\"https:\/\/www.santafe.gob.ar\/nidocreditoshipotecarios\/\" target=\"_blank\" rel=\"noreferrer noopener\">https:\/\/www.santafe.gob.ar\/nidocreditoshipotecarios\/<\/a>) hasta el 31 de julio, mientras que el 7 de agosto se sortear\u00e1n los primeros 250 cr\u00e9ditos entre quienes sean considerados \u201captos\u201d, es decir, aquellos inscriptos que pudieron pasar las exigencias del Banco Central para ser sujeto de cr\u00e9dito.<\/p>\n\n\n\n<p>Los Nido tendr\u00e1n un plazo de repago para la adquisici\u00f3n y construcci\u00f3n de viviendas de 20 a\u00f1os, y de 5 a\u00f1os para terminaci\u00f3n; en tanto que el monto m\u00e1ximo al cu\u00e1l puede aplicar cada persona es de $ 100 millones para adquisici\u00f3n y construcci\u00f3n de vivienda, y de $ 25 millones para finalizaci\u00f3n. En total, son $ 60.000 millones destinados a las cuatro l\u00edneas. Provincia aporta 8.000 millones a la financiaci\u00f3n del programa, y de ese monto, 6.500 millones son producto del ahorro que surge de hacer eficiente la compra de v\u00edveres para las unidades penitenciarias.<\/p>\n\n\n\n<p>La cuota ser\u00e1 en valor UVA m\u00e1s 4,2% para la demanda general, y UVA m\u00e1s 3% para aquellos beneficiarios que perciban sus haberes en el Banco Municipal, siendo actualmente la cuota m\u00e1s baja del sistema financiero de la Argentina.<\/p>\n\n\n\n<p>Luego de esta primera etapa, el \u00faltimo d\u00eda h\u00e1bil de cada mes se cerrar\u00e1 el plazo de inscripci\u00f3n para el siguiente sorteo, que se realizar\u00e1 en el quinto d\u00eda h\u00e1bil del mes siguiente.<\/p>\n","protected":false},"excerpt":{"rendered":"<p>Enrico: \u201cLos cr\u00e9ditos Nido ser\u00e1n la principal pol\u00edtica en materia de vivienda de este gobierno\u201d<\/p>\n","protected":false},"author":1,"featured_media":43458,"comment_status":"open","ping_status":"open","sticky":false,"template":"","format":"image","meta":{"_jetpack_memberships_contains_paid_content":false,"footnotes":"","jetpack_publicize_message":"","jetpack_publicize_feature_enabled":true,"jetpack_social_post_already_shared":true,"jetpack_social_options":{"image_generator_settings":{"template":"highway","default_image_id":0,"enabled":false},"version":2}},"categories":[8,1,2,7,3],"tags":[10860,9924,38,8777,1491],"class_list":["post-43457","post","type-post","status-publish","format-image","has-post-thumbnail","hentry","category-deliberando","category-diario-armstrong","category-locales","category-politica","category-region","tag-creditos-nido-2","tag-diario-armstrong-y-region-2","tag-gobierno","tag-lic-graciela-de-la-casa","tag-politica-2","post_format-post-format-image"],"jetpack_publicize_connections":[],"jetpack_featured_media_url":"https:\/\/armstrongyregion.com.ar\/diario\/wp-content\/uploads\/2024\/07\/santa-Fe-Nido-.jpg","jetpack_shortlink":"https:\/\/wp.me\/p62QDO-biV","jetpack_sharing_enabled":true,"amp_enabled":true,"_links":{"self":[{"href":"https:\/\/armstrongyregion.com.ar\/diario\/wp-json\/wp\/v2\/posts\/43457","targetHints":{"allow":["GET"]}}],"collection":[{"href":"https:\/\/armstrongyregion.com.ar\/diario\/wp-json\/wp\/v2\/posts"}],"about":[{"href":"https:\/\/armstrongyregion.com.ar\/diario\/wp-json\/wp\/v2\/types\/post"}],"author":[{"embeddable":true,"href":"https:\/\/armstrongyregion.com.ar\/diario\/wp-json\/wp\/v2\/users\/1"}],"replies":[{"embeddable":true,"href":"https:\/\/armstrongyregion.com.ar\/diario\/wp-json\/wp\/v2\/comments?post=43457"}],"version-history":[{"count":1,"href":"https:\/\/armstrongyregion.com.ar\/diario\/wp-json\/wp\/v2\/posts\/43457\/revisions"}],"predecessor-version":[{"id":43459,"href":"https:\/\/armstrongyregion.com.ar\/diario\/wp-json\/wp\/v2\/posts\/43457\/revisions\/43459"}],"wp:featuredmedia":[{"embeddable":true,"href":"https:\/\/armstrongyregion.com.ar\/diario\/wp-json\/wp\/v2\/media\/43458"}],"wp:attachment":[{"href":"https:\/\/armstrongyregion.com.ar\/diario\/wp-json\/wp\/v2\/media?parent=43457"}],"wp:term":[{"taxonomy":"category","embeddable":true,"href":"https:\/\/armstrongyregion.com.ar\/diario\/wp-json\/wp\/v2\/categories?post=43457"},{"taxonomy":"post_tag","embeddable":true,"href":"https:\/\/armstrongyregion.com.ar\/diario\/wp-json\/wp\/v2\/tags?post=43457"}],"curies":[{"name":"wp","href":"https:\/\/api.w.org\/{rel}","templated":true}]}}